{"id":222,"date":"2018-01-19T15:59:47","date_gmt":"2018-01-19T14:59:47","guid":{"rendered":"https:\/\/site.uit.no\/academiaborealis\/?p=222"},"modified":"2018-01-19T15:59:47","modified_gmt":"2018-01-19T14:59:47","slug":"utdeling-av-mohn-prisen-mandag-22-januar-foredrag-tirsdag","status":"publish","type":"post","link":"https:\/\/site.uit.no\/academiaborealis\/2018\/01\/19\/utdeling-av-mohn-prisen-mandag-22-januar-foredrag-tirsdag\/","title":{"rendered":"Utdeling av Mohn-prisen mandag 22. januar. Foredrag tirsdag!"},"content":{"rendered":"<p><img fetchpriority=\"high\" decoding=\"async\" class=\"alignnone size-medium wp-image-224\" src=\"https:\/\/site.uit.no\/academiaborealis\/wp-content\/uploads\/sites\/257\/2018\/01\/Mohn-300x199.png\" alt=\"\" width=\"300\" height=\"199\" srcset=\"https:\/\/site.uit.no\/academiaborealis\/wp-content\/uploads\/sites\/257\/2018\/01\/Mohn-300x199.png 300w, https:\/\/site.uit.no\/academiaborealis\/wp-content\/uploads\/sites\/257\/2018\/01\/Mohn.png 482w\" sizes=\"(max-width: 300px) 100vw, 300px\" \/><\/p>\n<p>Vi gj\u00f8r oppmerksom p\u00e5 at Mohn-prisutdelingen vil finne sted i neste uke. Se f\u00f8lgende lenker:<\/p>\n<p>Mandag 22.januar: Prisutdeling (for p\u00e5meldte til Arctic Frontiers)<br \/>\n<a href=\"https:\/\/uit.no\/tavla\/artikkel\/538801\/utdeling_av_mohnprisen_under_arctic_frontiers_201\">https:\/\/uit.no\/tavla\/artikkel\/538801\/utdeling_av_mohnprisen_under_arctic_frontiers_201<\/a><\/p>\n<p>Tirsdag 23.januar: Foredrag ved prisvinnerne.<br \/>\n<a href=\"https:\/\/uit.no\/tavla\/artikkel\/546193\/forelesninger_av_vinnere_av_mohnprisen_lecture\">https:\/\/uit.no\/tavla\/artikkel\/546193\/forelesninger_av_vinnere_av_mohnprisen_lecture<\/a><\/p>\n<iframe src=\"http:\/\/www.facebook.com\/plugins\/like.php?href=https%3A%2F%2Fsite.uit.no%2Facademiaborealis%2F2018%2F01%2F19%2Futdeling-av-mohn-prisen-mandag-22-januar-foredrag-tirsdag%2F&amp;layout=standard&amp;show_faces=true&amp;width=450&amp;action=like&amp;colorscheme=light&amp;height=80\" scrolling=\"no\" frameborder=\"0\" style=\"border:none; overflow:hidden; width:450px; height:80px;\" allowTransparency=\"true\"><\/iframe>","protected":false},"excerpt":{"rendered":"<p>Vi gj\u00f8r oppmerksom p\u00e5 at Mohn-prisutdelingen vil finne sted i neste uke. Se f\u00f8lgende lenker: Mandag 22.januar: Prisutdeling (for p\u00e5meldte til Arctic Frontiers) https:\/\/uit.no\/tavla\/artikkel\/538801\/utdeling_av_mohnprisen_under_arctic_frontiers_201 Tirsdag 23.januar: Foredrag ved prisvinnerne. https:\/\/uit.no\/tavla\/artikkel\/546193\/forelesninger_av_vinnere_av_mohnprisen_lecture<\/p>\n","protected":false},"author":602,"featured_media":0,"comment_status":"closed","ping_status":"closed","sticky":false,"template":"","format":"standard","meta":{"footnotes":""},"categories":[1],"tags":[],"class_list":["post-222","post","type-post","status-publish","format-standard","hentry","category-uncategorized"],"_links":{"self":[{"href":"https:\/\/site.uit.no\/academiaborealis\/wp-json\/wp\/v2\/posts\/222","targetHints":{"allow":["GET"]}}],"collection":[{"href":"https:\/\/site.uit.no\/academiaborealis\/wp-json\/wp\/v2\/posts"}],"about":[{"href":"https:\/\/site.uit.no\/academiaborealis\/wp-json\/wp\/v2\/types\/post"}],"author":[{"embeddable":true,"href":"https:\/\/site.uit.no\/academiaborealis\/wp-json\/wp\/v2\/users\/602"}],"replies":[{"embeddable":true,"href":"https:\/\/site.uit.no\/academiaborealis\/wp-json\/wp\/v2\/comments?post=222"}],"version-history":[{"count":3,"href":"https:\/\/site.uit.no\/academiaborealis\/wp-json\/wp\/v2\/posts\/222\/revisions"}],"predecessor-version":[{"id":239,"href":"https:\/\/site.uit.no\/academiaborealis\/wp-json\/wp\/v2\/posts\/222\/revisions\/239"}],"wp:attachment":[{"href":"https:\/\/site.uit.no\/academiaborealis\/wp-json\/wp\/v2\/media?parent=222"}],"wp:term":[{"taxonomy":"category","embeddable":true,"href":"https:\/\/site.uit.no\/academiaborealis\/wp-json\/wp\/v2\/categories?post=222"},{"taxonomy":"post_tag","embeddable":true,"href":"https:\/\/site.uit.no\/academiaborealis\/wp-json\/wp\/v2\/tags?post=222"}],"curies":[{"name":"wp","href":"https:\/\/api.w.org\/{rel}","templated":true}]}}