{"id":273,"date":"2018-04-20T17:14:43","date_gmt":"2018-04-20T15:14:43","guid":{"rendered":"https:\/\/site.uit.no\/academiaborealis\/?p=273"},"modified":"2018-04-20T17:16:42","modified_gmt":"2018-04-20T15:16:42","slug":"tilhorighet-uavhengighet-visjoner-er-2018-versjonen-det-universitetet-i-nord-vi-dromte-om-og-strebet-mot","status":"publish","type":"post","link":"https:\/\/site.uit.no\/academiaborealis\/2018\/04\/20\/tilhorighet-uavhengighet-visjoner-er-2018-versjonen-det-universitetet-i-nord-vi-dromte-om-og-strebet-mot\/","title":{"rendered":"Medlemsm\u00f8te: torsdag 3. mai 2018, kl. 1900 Troms\u00f8 Museum"},"content":{"rendered":"<div>Invitasjon til <strong>medlemsm\u00f8te:<\/strong><br \/>\n<strong>torsdag 3. mai 2018, kl. 1900<\/strong><\/div>\n<p style=\"text-align: left\"><strong><em>Troms\u00f8 Universitetsmuseum, Rotunden.<\/em><\/strong><br \/>\nLars Th\u00f8ringsvei 10<\/p>\n<h2 style=\"text-align: center\"><strong>Prof. emerita Gerd Bj\u00f8rhovde<\/strong><\/h2>\n<h4 style=\"text-align: center\"><em>Institutt for spr\u00e5k og kultur, UiT Norges arktiske universitet<\/em><\/h4>\n<h2 style=\"text-align: center\">og\u00a0 <strong>prof. Terje Traavik<\/strong><\/h2>\n<h4 style=\"text-align: center\"><em>fhv. prof. ved UiT Norges arktiske universitet <\/em><br \/>\n<em>og forskningssjef ved Gen\u00d8k, Senter for biosikkerhet<\/em><\/h4>\n<p style=\"text-align: center\">samtaler om:<\/p>\n<h2 style=\"text-align: center\">\u201cTilh\u00f8righet, uavhengighet, visjoner:<br \/>\nEr 2018-versjonen det universitetet i nord\u00a0vi dr\u00f8mte om og strebet mot?\u201d<\/h2>\n<p style=\"text-align: center\"><em>Sp\u00f8rsm\u00e5l og debatt. M\u00f8tet er \u00e5pent for alle interesserte<\/em><\/p>\n<p style=\"text-align: center\"><strong>V e l k o m m e n!<\/strong><\/p>\n<p style=\"text-align: center\">Synn\u00f8ve des Bouvrie,<br \/>\nPreses<\/p>\n<iframe src=\"http:\/\/www.facebook.com\/plugins\/like.php?href=https%3A%2F%2Fsite.uit.no%2Facademiaborealis%2F2018%2F04%2F20%2Ftilhorighet-uavhengighet-visjoner-er-2018-versjonen-det-universitetet-i-nord-vi-dromte-om-og-strebet-mot%2F&amp;layout=standard&amp;show_faces=true&amp;width=450&amp;action=like&amp;colorscheme=light&amp;height=80\" scrolling=\"no\" frameborder=\"0\" style=\"border:none; overflow:hidden; width:450px; height:80px;\" allowTransparency=\"true\"><\/iframe>","protected":false},"excerpt":{"rendered":"<p>Invitasjon til medlemsm\u00f8te: torsdag 3. mai 2018, kl. 1900 Troms\u00f8 Universitetsmuseum, Rotunden. Lars Th\u00f8ringsvei 10 Prof. emerita Gerd Bj\u00f8rhovde Institutt for spr\u00e5k og kultur, UiT Norges arktiske universitet og\u00a0 prof. Terje Traavik fhv. prof. ved UiT Norges arktiske universitet og forskningssjef ved Gen\u00d8k, Senter for biosikkerhet samtaler om: \u201cTilh\u00f8righet, uavhengighet, visjoner: Er 2018-versjonen det universitetet [&hellip;]<\/p>\n","protected":false},"author":602,"featured_media":0,"comment_status":"closed","ping_status":"closed","sticky":false,"template":"","format":"standard","meta":{"footnotes":""},"categories":[1],"tags":[],"class_list":["post-273","post","type-post","status-publish","format-standard","hentry","category-uncategorized"],"_links":{"self":[{"href":"https:\/\/site.uit.no\/academiaborealis\/wp-json\/wp\/v2\/posts\/273","targetHints":{"allow":["GET"]}}],"collection":[{"href":"https:\/\/site.uit.no\/academiaborealis\/wp-json\/wp\/v2\/posts"}],"about":[{"href":"https:\/\/site.uit.no\/academiaborealis\/wp-json\/wp\/v2\/types\/post"}],"author":[{"embeddable":true,"href":"https:\/\/site.uit.no\/academiaborealis\/wp-json\/wp\/v2\/users\/602"}],"replies":[{"embeddable":true,"href":"https:\/\/site.uit.no\/academiaborealis\/wp-json\/wp\/v2\/comments?post=273"}],"version-history":[{"count":3,"href":"https:\/\/site.uit.no\/academiaborealis\/wp-json\/wp\/v2\/posts\/273\/revisions"}],"predecessor-version":[{"id":276,"href":"https:\/\/site.uit.no\/academiaborealis\/wp-json\/wp\/v2\/posts\/273\/revisions\/276"}],"wp:attachment":[{"href":"https:\/\/site.uit.no\/academiaborealis\/wp-json\/wp\/v2\/media?parent=273"}],"wp:term":[{"taxonomy":"category","embeddable":true,"href":"https:\/\/site.uit.no\/academiaborealis\/wp-json\/wp\/v2\/categories?post=273"},{"taxonomy":"post_tag","embeddable":true,"href":"https:\/\/site.uit.no\/academiaborealis\/wp-json\/wp\/v2\/tags?post=273"}],"curies":[{"name":"wp","href":"https:\/\/api.w.org\/{rel}","templated":true}]}}