{"id":295,"date":"2018-10-22T09:19:54","date_gmt":"2018-10-22T07:19:54","guid":{"rendered":"https:\/\/site.uit.no\/academiaborealis\/?p=295"},"modified":"2018-10-22T09:19:54","modified_gmt":"2018-10-22T07:19:54","slug":"apent-mote-med-foredrag-onsdag-7-november","status":"publish","type":"post","link":"https:\/\/site.uit.no\/academiaborealis\/2018\/10\/22\/apent-mote-med-foredrag-onsdag-7-november\/","title":{"rendered":"\u00c5pent m\u00f8te med foredrag onsdag 7. november"},"content":{"rendered":"<div>Invitasjon til <strong>Harangforedrag<\/strong>:<\/div>\n<h4><strong>onsdag 7. november 2018, kl. 1900<\/strong><\/h4>\n<p><em>Troms\u00f8 Museum Universitetsmuseum, Rotunden.\u00a0<\/em>Lars Th\u00f8ringsvei 10<\/p>\n<h3><strong>Prof. Marit Reigstad og\u00a0<\/strong><strong>Prof. J\u00f8rgen Berge<\/strong><\/h3>\n<p><strong><em>Arktisk og marin biologi,\u00a0\u00a0<\/em><\/strong><em><strong>Norges Fiskerih\u00f8gskole<\/strong><\/em><\/p>\n<p><strong><em>Universitetet i Troms\u00f8, Norges arktiske universit<\/em>et<\/strong><\/p>\n<h2>\u2018<strong>Hav i nord og m\u00f8rke\u2019<\/strong><\/h2>\n<p>Havet i nord er i endring. Vi ser p\u00e5 mange m\u00e5ter konturene av et nytt Arktis, og behovet for kunnskap om dette nye Arktis i rask endring er \u00f8kende. Forskningsprosjektene\u00a0<strong><em>Arven etter Nansen<\/em><\/strong>\u00a0og\u00a0<strong><em>Polarnatt-<\/em><\/strong>prosjektet viser p\u00e5 hver sin m\u00e5te hvordan vi gjennom nytenkning og ny teknologi kan snu opp ned p\u00e5 etablerte forestillinger og angripe komplekse forskningsutfordringer i nord.<\/p>\n<p><em>Det blir anledning til sp\u00f8rsm\u00e5l og kommentarer etter foredraget.<\/em><\/p>\n<p>Alle velkommen!<\/p>\n<p>&nbsp;<\/p>\n<iframe src=\"http:\/\/www.facebook.com\/plugins\/like.php?href=https%3A%2F%2Fsite.uit.no%2Facademiaborealis%2F2018%2F10%2F22%2Fapent-mote-med-foredrag-onsdag-7-november%2F&amp;layout=standard&amp;show_faces=true&amp;width=450&amp;action=like&amp;colorscheme=light&amp;height=80\" scrolling=\"no\" frameborder=\"0\" style=\"border:none; overflow:hidden; width:450px; height:80px;\" allowTransparency=\"true\"><\/iframe>","protected":false},"excerpt":{"rendered":"<p>Invitasjon til Harangforedrag: onsdag 7. november 2018, kl. 1900 Troms\u00f8 Museum Universitetsmuseum, Rotunden.\u00a0Lars Th\u00f8ringsvei 10 Prof. Marit Reigstad og\u00a0Prof. J\u00f8rgen Berge Arktisk og marin biologi,\u00a0\u00a0Norges Fiskerih\u00f8gskole Universitetet i Troms\u00f8, Norges arktiske universitet \u2018Hav i nord og m\u00f8rke\u2019 Havet i nord er i endring. Vi ser p\u00e5 mange m\u00e5ter konturene av et nytt Arktis, og behovet [&hellip;]<\/p>\n","protected":false},"author":602,"featured_media":0,"comment_status":"closed","ping_status":"closed","sticky":false,"template":"","format":"standard","meta":{"footnotes":""},"categories":[1],"tags":[],"class_list":["post-295","post","type-post","status-publish","format-standard","hentry","category-uncategorized"],"_links":{"self":[{"href":"https:\/\/site.uit.no\/academiaborealis\/wp-json\/wp\/v2\/posts\/295","targetHints":{"allow":["GET"]}}],"collection":[{"href":"https:\/\/site.uit.no\/academiaborealis\/wp-json\/wp\/v2\/posts"}],"about":[{"href":"https:\/\/site.uit.no\/academiaborealis\/wp-json\/wp\/v2\/types\/post"}],"author":[{"embeddable":true,"href":"https:\/\/site.uit.no\/academiaborealis\/wp-json\/wp\/v2\/users\/602"}],"replies":[{"embeddable":true,"href":"https:\/\/site.uit.no\/academiaborealis\/wp-json\/wp\/v2\/comments?post=295"}],"version-history":[{"count":1,"href":"https:\/\/site.uit.no\/academiaborealis\/wp-json\/wp\/v2\/posts\/295\/revisions"}],"predecessor-version":[{"id":296,"href":"https:\/\/site.uit.no\/academiaborealis\/wp-json\/wp\/v2\/posts\/295\/revisions\/296"}],"wp:attachment":[{"href":"https:\/\/site.uit.no\/academiaborealis\/wp-json\/wp\/v2\/media?parent=295"}],"wp:term":[{"taxonomy":"category","embeddable":true,"href":"https:\/\/site.uit.no\/academiaborealis\/wp-json\/wp\/v2\/categories?post=295"},{"taxonomy":"post_tag","embeddable":true,"href":"https:\/\/site.uit.no\/academiaborealis\/wp-json\/wp\/v2\/tags?post=295"}],"curies":[{"name":"wp","href":"https:\/\/api.w.org\/{rel}","templated":true}]}}