{"id":434,"date":"2020-01-19T18:23:05","date_gmt":"2020-01-19T17:23:05","guid":{"rendered":"https:\/\/site.uit.no\/academiaborealis\/?p=434"},"modified":"2020-01-19T18:24:47","modified_gmt":"2020-01-19T17:24:47","slug":"medlemsmote-med-program-om-svalbard-traktaten","status":"publish","type":"post","link":"https:\/\/site.uit.no\/academiaborealis\/2020\/01\/19\/medlemsmote-med-program-om-svalbard-traktaten\/","title":{"rendered":"Medlemsm\u00f8te med program om Svalbard-traktaten onsdag, 12. februar 2020, kl. 1900"},"content":{"rendered":"<p>I anledning Svalbard-traktatens 100-\u00e5rsjubielum, inviterer vi til medlemsm\u00f8te med b\u00e5de film og foredrag.<br \/>\nSe mer <a href=\"https:\/\/site.uit.no\/academiaborealis\/sample-page\/neste-mote\/\">p\u00e5 siden &#8216;Neste medlemsm\u00f8te&#8217;\u00a0<\/a><\/p>\n<iframe src=\"http:\/\/www.facebook.com\/plugins\/like.php?href=https%3A%2F%2Fsite.uit.no%2Facademiaborealis%2F2020%2F01%2F19%2Fmedlemsmote-med-program-om-svalbard-traktaten%2F&amp;layout=standard&amp;show_faces=true&amp;width=450&amp;action=like&amp;colorscheme=light&amp;height=80\" scrolling=\"no\" frameborder=\"0\" style=\"border:none; overflow:hidden; width:450px; height:80px;\" allowTransparency=\"true\"><\/iframe>","protected":false},"excerpt":{"rendered":"<p>I anledning Svalbard-traktatens 100-\u00e5rsjubielum, inviterer vi til medlemsm\u00f8te med b\u00e5de film og foredrag. Se mer p\u00e5 siden &#8216;Neste medlemsm\u00f8te&#8217;\u00a0<\/p>\n","protected":false},"author":602,"featured_media":0,"comment_status":"closed","ping_status":"closed","sticky":false,"template":"","format":"standard","meta":{"footnotes":""},"categories":[1],"tags":[],"class_list":["post-434","post","type-post","status-publish","format-standard","hentry","category-uncategorized"],"_links":{"self":[{"href":"https:\/\/site.uit.no\/academiaborealis\/wp-json\/wp\/v2\/posts\/434","targetHints":{"allow":["GET"]}}],"collection":[{"href":"https:\/\/site.uit.no\/academiaborealis\/wp-json\/wp\/v2\/posts"}],"about":[{"href":"https:\/\/site.uit.no\/academiaborealis\/wp-json\/wp\/v2\/types\/post"}],"author":[{"embeddable":true,"href":"https:\/\/site.uit.no\/academiaborealis\/wp-json\/wp\/v2\/users\/602"}],"replies":[{"embeddable":true,"href":"https:\/\/site.uit.no\/academiaborealis\/wp-json\/wp\/v2\/comments?post=434"}],"version-history":[{"count":2,"href":"https:\/\/site.uit.no\/academiaborealis\/wp-json\/wp\/v2\/posts\/434\/revisions"}],"predecessor-version":[{"id":436,"href":"https:\/\/site.uit.no\/academiaborealis\/wp-json\/wp\/v2\/posts\/434\/revisions\/436"}],"wp:attachment":[{"href":"https:\/\/site.uit.no\/academiaborealis\/wp-json\/wp\/v2\/media?parent=434"}],"wp:term":[{"taxonomy":"category","embeddable":true,"href":"https:\/\/site.uit.no\/academiaborealis\/wp-json\/wp\/v2\/categories?post=434"},{"taxonomy":"post_tag","embeddable":true,"href":"https:\/\/site.uit.no\/academiaborealis\/wp-json\/wp\/v2\/tags?post=434"}],"curies":[{"name":"wp","href":"https:\/\/api.w.org\/{rel}","templated":true}]}}