{"id":44,"date":"2020-08-28T21:37:55","date_gmt":"2020-08-28T21:37:55","guid":{"rendered":"https:\/\/site.uit.no\/adlablog\/?p=44"},"modified":"2021-09-08T21:25:30","modified_gmt":"2021-09-08T21:25:30","slug":"kunst_som_mulighetsrom","status":"publish","type":"post","link":"https:\/\/site.uit.no\/adlablog\/2020\/08\/28\/kunst_som_mulighetsrom\/","title":{"rendered":"#5 Kunst som mulighetsrom i livet med demens"},"content":{"rendered":"<p><strong>Khrono 31. Oktober 2019<\/strong><\/p>\n<p><strong>Lilli Mittner,\u00a0Dragana Luki\u0107,\u00a0Ann Therese Lotherington<\/strong><\/p>\n<p>&nbsp;<\/p>\n<p>La oss sl\u00e5 det fast med en gang: det er ingen som \u00f8nsker \u00e5 f\u00e5 en demenssykdom, men like fullt er det mange som har f\u00e5tt det, mange andre som vil f\u00e5 det og de fleste av oss som m\u00e5 forholde seg til det fordi vi har noen i familien eller i nabolaget som lever med demens. Sp\u00f8rsm\u00e5let er derfor: Hvordan kan vi ha et godt liv med demens?<\/p>\n<p>Vi mennesker trenger \u00e5 v\u00e6re kreative p\u00e5 samme m\u00e5te som vi trenger \u00e5 spise og sove. Det er et menneskelig behov \u00e5 skape og bidra til noe som oppleves som nyttig. Det gir mening for b\u00e5de oss og menneskene rundt oss. Og f\u00f8lelsen av \u00e5 inng\u00e5 i meningsfulle fellesskap trenger vi mer enn noen gang i et samfunn der ensomhet og usikkerhet \u00f8ker.<\/p>\n<p>Mennesker som lever med en demenssykdom forteller hvordan de f\u00f8ler at de mister sitt handlingsrom. Mange ser seg verken selv eller blir sett av andre som aktive deltakere i og bidragsytere til samfunnet. Dette er urovekkende n\u00e5r vi vet at andelen eldre i befolkningen \u00f8ker. Stadig flere lever med en demenssykdom. Hvordan kan vi tenke oss at alle kan v\u00e6re aktive deltakere?<\/p>\n<p>Det gjelder \u00e5 finne nye m\u00e5ter \u00e5 v\u00e6re sammen p\u00e5 og vi ser at kreative aktiviteter kan v\u00e6re en vei \u00e5 g\u00e5 her. Koblingen mellom kunst og demens har f\u00e5tt betydelig oppmerksomhet s\u00e5 vel i helsesektoren og kunstfeltet. Om det s\u00e5 er musikk, billedkunst, drama eller litteratur: kunstaktiviteter \u00e5pner opp for deltakelse uavhengig av hva slags helse folk har. \u00a0\u201cDet er ikke viktig hvem vi var, men hvem vi kan bli.\u201d sier Martha Nussbaum. Det er i kunsten at vi kan t\u00f8ye grensen av hvem vi er og hvordan vi blir sett p\u00e5.<strong>\u00a0<\/strong><\/p>\n<p>I <em>Artful Dementia Research Lab<\/em> ved UiT Norges arktiske universitet utforsker vi nye perspektiver p\u00e5 og forst\u00e5elser av aldring og demens. Vi inviterer forskere, helsepersonell, mennesker som lever med en demenssykdom, deres familie og venner, og kunstnere til kreative samlinger der alle bidrar til samskapende \u00f8yeblikk.<\/p>\n<p>Samlingene gir oss innsikt i hva det kan bety \u00e5 leve med en demenssykdom, og hva som m\u00e5 til for \u00e5 kunne samhandle p\u00e5 like vilk\u00e5r til tross for forskjellighetene mellom oss. I forskningslaben utvikler vi nye m\u00e5ter \u00e5 tenke samv\u00e6r, felleskap og kreativitet p\u00e5. Gjennom kunstneriske aktiviteter utforsker vi det vi kaller for <em>mulighetsrommet<\/em>. N\u00e5r vi g\u00e5r inn i dette rommet er vi ikke forsker, terapeut, sykehjemsbeboer, familiemedlem eller kunstner, men <em>samskapere<\/em> som eksperimenterer i felleskap og utforsker hva vi kan f\u00e5 til i lag.<\/p>\n<p>Siden alderdom er en helt naturlig fase i livet som de fleste av oss n\u00e5r, trenger vi nye ideer av hvordan et godt liv kan leves i alderdommen. Samfunnet trenger perspektiver som kan bidra til \u00e5 pl\u00f8ye ny mark og skape grobunn for den kreativiteten vi alle har behov for i livet. Her kan alle bidra og vi i <em>Artful Dementia Research Lab<\/em> ved UiT inviterer deg som vil v\u00e6re med \u00e5 utforske og eksperimentere.<\/p>\n","protected":false},"excerpt":{"rendered":"<p>Khrono 31. Oktober 2019 Lilli Mittner,\u00a0Dragana Luki\u0107,\u00a0Ann Therese Lotherington &nbsp; La oss sl\u00e5 det fast med en gang: det er ingen som \u00f8nsker \u00e5 f\u00e5 en demenssykdom, men like fullt er det mange som har f\u00e5tt det, mange andre som vil f\u00e5 det og de fleste av oss som m\u00e5 forholde seg til det fordi &hellip; <a href=\"https:\/\/site.uit.no\/adlablog\/2020\/08\/28\/kunst_som_mulighetsrom\/\" class=\"more-link\">Continue reading <span class=\"screen-reader-text\">#5 Kunst som mulighetsrom i livet med demens<\/span> <span class=\"meta-nav\">&rarr;<\/span><\/a><\/p>\n","protected":false},"author":746,"featured_media":0,"comment_status":"open","ping_status":"open","sticky":false,"template":"","format":"standard","meta":{"footnotes":""},"categories":[2],"tags":[18,17,13,16],"class_list":["post-44","post","type-post","status-publish","format-standard","hentry","category-kronikk","tag-kreativitet","tag-mulighetsrom","tag-samskaping","tag-samspill"],"_links":{"self":[{"href":"https:\/\/site.uit.no\/adlablog\/wp-json\/wp\/v2\/posts\/44","targetHints":{"allow":["GET"]}}],"collection":[{"href":"https:\/\/site.uit.no\/adlablog\/wp-json\/wp\/v2\/posts"}],"about":[{"href":"https:\/\/site.uit.no\/adlablog\/wp-json\/wp\/v2\/types\/post"}],"author":[{"embeddable":true,"href":"https:\/\/site.uit.no\/adlablog\/wp-json\/wp\/v2\/users\/746"}],"replies":[{"embeddable":true,"href":"https:\/\/site.uit.no\/adlablog\/wp-json\/wp\/v2\/comments?post=44"}],"version-history":[{"count":9,"href":"https:\/\/site.uit.no\/adlablog\/wp-json\/wp\/v2\/posts\/44\/revisions"}],"predecessor-version":[{"id":234,"href":"https:\/\/site.uit.no\/adlablog\/wp-json\/wp\/v2\/posts\/44\/revisions\/234"}],"wp:attachment":[{"href":"https:\/\/site.uit.no\/adlablog\/wp-json\/wp\/v2\/media?parent=44"}],"wp:term":[{"taxonomy":"category","embeddable":true,"href":"https:\/\/site.uit.no\/adlablog\/wp-json\/wp\/v2\/categories?post=44"},{"taxonomy":"post_tag","embeddable":true,"href":"https:\/\/site.uit.no\/adlablog\/wp-json\/wp\/v2\/tags?post=44"}],"curies":[{"name":"wp","href":"https:\/\/api.w.org\/{rel}","templated":true}]}}