{"id":444,"date":"2024-12-14T09:38:00","date_gmt":"2024-12-14T09:38:00","guid":{"rendered":"https:\/\/site.uit.no\/adlablog\/?p=444"},"modified":"2025-01-18T17:57:10","modified_gmt":"2025-01-18T17:57:10","slug":"17-analyse-av-demensplan-2025","status":"publish","type":"post","link":"https:\/\/site.uit.no\/adlablog\/2024\/12\/14\/17-analyse-av-demensplan-2025\/","title":{"rendered":"#17 Analyse av Demensplan 2025"},"content":{"rendered":"\n<p>Regjeringens\u00a0<em>Demensplan 2025<\/em>\u00a0danner grunnlaget for norsk politikk p\u00e5 demensfeltet. Det er et styringsdokument for demensomsorgens tjenester og en premissleverand\u00f8r for forst\u00e5elser av demens i samfunnet. I en nylig publisert artikkel i Tidskrift for omsorgsforskning  unders\u00f8ker Ann Therese Lotherington og Lilli Mittner hvordan demens forst\u00e5s i planen, og hvilke konsekvenser forst\u00e5elsen f\u00e5r i praksis.<\/p>\n\n\n\n<p>Lotherington, A. T., &amp; Mittner, L. (2024). N\u00e5r diagnosen definerer behovet. <em>Tidsskrift for Omsorgsforskning<\/em>, <em>10<\/em>(3), 1\u201314. <a href=\"https:\/\/doi.org\/10.18261\/tfo.10.3.5\">https:\/\/doi.org\/10.18261\/tfo.10.3.5<\/a><\/p>\n\n\n\n<figure class=\"wp-block-image size-full\"><img fetchpriority=\"high\" decoding=\"async\" width=\"530\" height=\"744\" src=\"https:\/\/site.uit.no\/adlablog\/wp-content\/uploads\/sites\/458\/2025\/01\/Screenshot-2025-01-14-at-10.35.44-1.png\" alt=\"\" class=\"wp-image-447\" srcset=\"https:\/\/site.uit.no\/adlablog\/wp-content\/uploads\/sites\/458\/2025\/01\/Screenshot-2025-01-14-at-10.35.44-1.png 530w, https:\/\/site.uit.no\/adlablog\/wp-content\/uploads\/sites\/458\/2025\/01\/Screenshot-2025-01-14-at-10.35.44-1-214x300.png 214w\" sizes=\"(max-width: 530px) 100vw, 530px\" \/><\/figure>\n","protected":false},"excerpt":{"rendered":"<p>Regjeringens\u00a0Demensplan 2025\u00a0danner grunnlaget for norsk politikk p\u00e5 demensfeltet. Det er et styringsdokument for demensomsorgens tjenester og en premissleverand\u00f8r for forst\u00e5elser av demens i samfunnet. I en nylig publisert artikkel i Tidskrift for omsorgsforskning unders\u00f8ker Ann Therese Lotherington og Lilli Mittner hvordan demens forst\u00e5s i planen, og hvilke konsekvenser forst\u00e5elsen f\u00e5r i praksis. Lotherington, A. T., &hellip; <a href=\"https:\/\/site.uit.no\/adlablog\/2024\/12\/14\/17-analyse-av-demensplan-2025\/\" class=\"more-link\">Continue reading <span class=\"screen-reader-text\">#17 Analyse av Demensplan 2025<\/span> <span class=\"meta-nav\">&rarr;<\/span><\/a><\/p>\n","protected":false},"author":746,"featured_media":0,"comment_status":"closed","ping_status":"closed","sticky":false,"template":"","format":"video","meta":{"footnotes":""},"categories":[74],"tags":[88],"class_list":["post-444","post","type-post","status-publish","format-video","hentry","category-forskningsartikkel","tag-politikk","post_format-post-format-video"],"_links":{"self":[{"href":"https:\/\/site.uit.no\/adlablog\/wp-json\/wp\/v2\/posts\/444","targetHints":{"allow":["GET"]}}],"collection":[{"href":"https:\/\/site.uit.no\/adlablog\/wp-json\/wp\/v2\/posts"}],"about":[{"href":"https:\/\/site.uit.no\/adlablog\/wp-json\/wp\/v2\/types\/post"}],"author":[{"embeddable":true,"href":"https:\/\/site.uit.no\/adlablog\/wp-json\/wp\/v2\/users\/746"}],"replies":[{"embeddable":true,"href":"https:\/\/site.uit.no\/adlablog\/wp-json\/wp\/v2\/comments?post=444"}],"version-history":[{"count":3,"href":"https:\/\/site.uit.no\/adlablog\/wp-json\/wp\/v2\/posts\/444\/revisions"}],"predecessor-version":[{"id":476,"href":"https:\/\/site.uit.no\/adlablog\/wp-json\/wp\/v2\/posts\/444\/revisions\/476"}],"wp:attachment":[{"href":"https:\/\/site.uit.no\/adlablog\/wp-json\/wp\/v2\/media?parent=444"}],"wp:term":[{"taxonomy":"category","embeddable":true,"href":"https:\/\/site.uit.no\/adlablog\/wp-json\/wp\/v2\/categories?post=444"},{"taxonomy":"post_tag","embeddable":true,"href":"https:\/\/site.uit.no\/adlablog\/wp-json\/wp\/v2\/tags?post=444"}],"curies":[{"name":"wp","href":"https:\/\/api.w.org\/{rel}","templated":true}]}}