{"id":452,"date":"2024-09-14T19:43:00","date_gmt":"2024-09-14T19:43:00","guid":{"rendered":"https:\/\/site.uit.no\/adlablog\/?p=452"},"modified":"2025-01-18T17:57:54","modified_gmt":"2025-01-18T17:57:54","slug":"15","status":"publish","type":"post","link":"https:\/\/site.uit.no\/adlablog\/2024\/09\/14\/15\/","title":{"rendered":"#15 ADLab i Bergen"},"content":{"rendered":"\n<p>18.-19. september 2024 reiste AdLab til Bergen i forbindelse med seminaret\u00a0<a href=\"https:\/\/www.hvl.no\/contentassets\/d6bee4063a044841a97e6f6ae4927706\/program-for-seminar-18.-19.-september.docx\">Rom for sansning? Omsorgens estetikk<\/a> ved Senter for omsorgsforskning vest. Seminaret ble initiert av forskernettverket <a href=\"https:\/\/www.hvl.no\/forsking\/gruppe\/omsorgens-grunnlag-fenomener-og-vilkar\/\">Omsorgens grunnlag, fenomener og vilk\u00e5r<\/a> ved H\u00f8gskulen p\u00e5 Vestlandet. ADLab forsker Karoline Dalby presenterte et innlegg om \u00abMedskapende estetiske prosesser og demens\u00bb i en sesjon med til saman tre ulike perspektiver p\u00e5 estetisk samskaping og etikk. Opponenter var Anne Gunn Vassb\u00f8, Linda Nyholm og Camilla Koskinen fra Universitetet i Stavanger.<\/p>\n\n\n\n<figure class=\"wp-block-image size-large\"><img fetchpriority=\"high\" decoding=\"async\" width=\"1024\" height=\"575\" src=\"https:\/\/site.uit.no\/adlablog\/wp-content\/uploads\/sites\/458\/2025\/01\/459530710_2084388672064448_6138651084975058633_n-1024x575.jpg\" alt=\"\" class=\"wp-image-453\" srcset=\"https:\/\/site.uit.no\/adlablog\/wp-content\/uploads\/sites\/458\/2025\/01\/459530710_2084388672064448_6138651084975058633_n-1024x575.jpg 1024w, https:\/\/site.uit.no\/adlablog\/wp-content\/uploads\/sites\/458\/2025\/01\/459530710_2084388672064448_6138651084975058633_n-300x169.jpg 300w, https:\/\/site.uit.no\/adlablog\/wp-content\/uploads\/sites\/458\/2025\/01\/459530710_2084388672064448_6138651084975058633_n-768x431.jpg 768w, https:\/\/site.uit.no\/adlablog\/wp-content\/uploads\/sites\/458\/2025\/01\/459530710_2084388672064448_6138651084975058633_n.jpg 1125w\" sizes=\"(max-width: 1024px) 100vw, 1024px\" \/><\/figure>\n","protected":false},"excerpt":{"rendered":"<p>18.-19. september 2024 reiste AdLab til Bergen i forbindelse med seminaret\u00a0Rom for sansning? Omsorgens estetikk ved Senter for omsorgsforskning vest. Seminaret ble initiert av forskernettverket Omsorgens grunnlag, fenomener og vilk\u00e5r ved H\u00f8gskulen p\u00e5 Vestlandet. ADLab forsker Karoline Dalby presenterte et innlegg om \u00abMedskapende estetiske prosesser og demens\u00bb i en sesjon med til saman tre ulike &hellip; <a href=\"https:\/\/site.uit.no\/adlablog\/2024\/09\/14\/15\/\" class=\"more-link\">Continue reading <span class=\"screen-reader-text\">#15 ADLab i Bergen<\/span> <span class=\"meta-nav\">&rarr;<\/span><\/a><\/p>\n","protected":false},"author":746,"featured_media":0,"comment_status":"closed","ping_status":"closed","sticky":false,"template":"","format":"video","meta":{"footnotes":""},"categories":[40,54],"tags":[12,36,13,14],"class_list":["post-452","post","type-post","status-publish","format-video","hentry","category-foredrag","category-seminar","tag-drama-teater","tag-estetikk","tag-samskaping","tag-shorelines","post_format-post-format-video"],"_links":{"self":[{"href":"https:\/\/site.uit.no\/adlablog\/wp-json\/wp\/v2\/posts\/452","targetHints":{"allow":["GET"]}}],"collection":[{"href":"https:\/\/site.uit.no\/adlablog\/wp-json\/wp\/v2\/posts"}],"about":[{"href":"https:\/\/site.uit.no\/adlablog\/wp-json\/wp\/v2\/types\/post"}],"author":[{"embeddable":true,"href":"https:\/\/site.uit.no\/adlablog\/wp-json\/wp\/v2\/users\/746"}],"replies":[{"embeddable":true,"href":"https:\/\/site.uit.no\/adlablog\/wp-json\/wp\/v2\/comments?post=452"}],"version-history":[{"count":3,"href":"https:\/\/site.uit.no\/adlablog\/wp-json\/wp\/v2\/posts\/452\/revisions"}],"predecessor-version":[{"id":469,"href":"https:\/\/site.uit.no\/adlablog\/wp-json\/wp\/v2\/posts\/452\/revisions\/469"}],"wp:attachment":[{"href":"https:\/\/site.uit.no\/adlablog\/wp-json\/wp\/v2\/media?parent=452"}],"wp:term":[{"taxonomy":"category","embeddable":true,"href":"https:\/\/site.uit.no\/adlablog\/wp-json\/wp\/v2\/categories?post=452"},{"taxonomy":"post_tag","embeddable":true,"href":"https:\/\/site.uit.no\/adlablog\/wp-json\/wp\/v2\/tags?post=452"}],"curies":[{"name":"wp","href":"https:\/\/api.w.org\/{rel}","templated":true}]}}