{"id":1065,"date":"2012-12-21T13:09:40","date_gmt":"2012-12-21T12:09:40","guid":{"rendered":"https:\/\/site.uit.no\/aigecala\/?p=1065"},"modified":"2023-08-29T09:45:19","modified_gmt":"2023-08-29T07:45:19","slug":"sami-diedalas-aigecala-1-2011-ja-2-2012-nils-oskal","status":"publish","type":"post","link":"https:\/\/site.uit.no\/aigecala\/sami-diedalas-aigecala-1-2011-ja-2-2012-nils-oskal\/","title":{"rendered":"S\u00e1mi die\u0111ala\u0161 \u00e1ige\u010d\u00e1la 2-2011 ja 1-2012: Nils Oskal"},"content":{"rendered":"<h2>Johan Turi, ipmirdeapmi ja ipmirdeami r\u00e1jit<\/h2>\n<p>Nils Oskal (S\u00e1mi allaskuvla)<\/p>\n<p>Vie\u010d\u010da artihkkala&nbsp;<a href=\"https:\/\/site.uit.no\/aigecala\/wp-content\/uploads\/sites\/8\/2012\/12\/2012-oskal.pdf\" target=\"_blank\" rel=\"noopener\">d\u00e1s<\/a> (pdf).<\/p>\n<h3><em>Johan Turi, understanding and the limits of understanding<\/em><\/h3>\n<p>In his book, Johan Turi expresses confidence that the Swedish political authorities have the capability to understand the situation of Sami. Accordingly, he expresses an understanding of the Swedish government\u2019s constrained scope of opportunities to redress past wrongs and injustices committed against the Sami. Turi has a specific understanding of the internal relations between the rationality of understanding, explication and the conditions of validity.<\/p>\n<p>The articulation is carried out via a detour via a similar discussion between Gadamer, Derrida and Habermas on the conditions of understanding, faithbased trust and the limits of understanding. The article concludes with an interpretation of Turi\u2019s own concerns about the limits of understanding.<\/p>\n<p>&nbsp;<\/p>\n","protected":false},"excerpt":{"rendered":"<p>Johan Turi, ipmirdeapmi ja ipmirdeami r\u00e1jit Nils Oskal (S\u00e1mi allaskuvla) Vie\u010d\u010da artihkkala&nbsp;d\u00e1s (pdf). Johan Turi, understanding and the limits of understanding In his book, Johan Turi expresses confidence that the Swedish political authorities have the capability to understand the situation &hellip; <a href=\"https:\/\/site.uit.no\/aigecala\/sami-diedalas-aigecala-1-2011-ja-2-2012-nils-oskal\/\">Les videre <span class=\"meta-nav\">&rarr;<\/span><\/a><\/p>\n","protected":false},"author":72,"featured_media":0,"comment_status":"closed","ping_status":"closed","sticky":false,"template":"","format":"standard","meta":{"footnotes":""},"categories":[142],"tags":[],"class_list":["post-1065","post","type-post","status-publish","format-standard","hentry","category-artihkkalat"],"_links":{"self":[{"href":"https:\/\/site.uit.no\/aigecala\/wp-json\/wp\/v2\/posts\/1065","targetHints":{"allow":["GET"]}}],"collection":[{"href":"https:\/\/site.uit.no\/aigecala\/wp-json\/wp\/v2\/posts"}],"about":[{"href":"https:\/\/site.uit.no\/aigecala\/wp-json\/wp\/v2\/types\/post"}],"author":[{"embeddable":true,"href":"https:\/\/site.uit.no\/aigecala\/wp-json\/wp\/v2\/users\/72"}],"replies":[{"embeddable":true,"href":"https:\/\/site.uit.no\/aigecala\/wp-json\/wp\/v2\/comments?post=1065"}],"version-history":[{"count":3,"href":"https:\/\/site.uit.no\/aigecala\/wp-json\/wp\/v2\/posts\/1065\/revisions"}],"predecessor-version":[{"id":3615,"href":"https:\/\/site.uit.no\/aigecala\/wp-json\/wp\/v2\/posts\/1065\/revisions\/3615"}],"wp:attachment":[{"href":"https:\/\/site.uit.no\/aigecala\/wp-json\/wp\/v2\/media?parent=1065"}],"wp:term":[{"taxonomy":"category","embeddable":true,"href":"https:\/\/site.uit.no\/aigecala\/wp-json\/wp\/v2\/categories?post=1065"},{"taxonomy":"post_tag","embeddable":true,"href":"https:\/\/site.uit.no\/aigecala\/wp-json\/wp\/v2\/tags?post=1065"}],"curies":[{"name":"wp","href":"https:\/\/api.w.org\/{rel}","templated":true}]}}