{"id":1843,"date":"2013-12-16T15:24:20","date_gmt":"2013-12-16T14:24:20","guid":{"rendered":"https:\/\/site.uit.no\/aigecala\/?p=1843"},"modified":"2014-03-24T10:55:50","modified_gmt":"2014-03-24T09:55:50","slug":"sda-1-2013-marjatta-jomppanen","status":"publish","type":"post","link":"https:\/\/site.uit.no\/aigecala\/sda-1-2013-marjatta-jomppanen\/","title":{"rendered":"SD\u00c1 1-2013: Marjatta Jomppanen"},"content":{"rendered":"<h2>Hans Aslak Guttorma girjjiin \u2013 davvis\u00e1megiela koloratiivakonstruk\u0161uvnna veard\u00e1dallan suomagielain<\/h2>\n<p>Marjatta Jomppanen (Oulu universitehta)<\/p>\n<p>Vie\u010d\u010da artihkkala <a href=\"https:\/\/site.uit.no\/aigecala\/wp-content\/uploads\/sites\/8\/2013\/12\/SDA-1-2013-marjatta-jomppanen.pdf\">d\u00e1s<\/a> (pdf).<\/p>\n<p>Koloratiivakonstruk\u0161uvnna geavaheapmi lea muhtinl\u00e1gan stiilavuohki, mii bukt\u00e1 ivnni \u010d\u00e1llosii. Hans Aslak Guttorm geavaha koloratiivakonstruk\u0161uvnna viehka olu ja danin d\u00e1t artihkal gie\u0111ahall\u00e1 davvis\u00e1megiela koloratiivakonstruk\u0161uvnna su \u010d\u00e1llin girjjiid vuo\u0111ul. Koloratiivakonstruk\u0161uvdna lea r\u00e1hkadus, mii govvida guvttiin vearbbain dihto d\u00e1hp\u00e1husa, nu ahte vuosttas vearba (oaivevearba) bukt\u00e1 ovdan dahkama dahje orruma vuo\u0111\u0111oluonddu ja nubbi vearba (koloratiivavearba) add\u00e1 lassedie\u0111uid d\u00e1hp\u00e1husas. Goapp\u00e1ge vearbbas lea seamma subjeakta. Davvis\u00e1megiela koloratiivakonstruk\u0161uvdna lea seri\u00e1lavearbal\u00e1gan r\u00e1hkadus, mas guktot vearbbat leat mearkka\u0161umi beales seamma deh\u00e1la\u010d\u010dat ja synt\u00e1vssala\u010d\u010dat finihttavearbbat, mat kongruerejit subjeavttain. Suomagielas fas oaivevearba lea vuo\u0111\u0111oinfinitiiva ja koloratiivavearba lea finihttavearba, vuostta\u0161 vearba lea mearkka\u0161umi beales ii-govvideaddji ja nubbi fas govvideaddji vearba.<\/p>\n<p>&nbsp;<\/p>\n<h3><em>Colorative construction in the works of Hans Aslak Guttorm<\/em><\/h3>\n<p>This paper focuses on a North Saami verbal expression known as colorative construction. This construction consists of two finite verbs: a neutral verb plus a finite verb that dramatizes or specifies the denotative meaning of the construction. The material for the study comes from North Saami fiction, written by Hans Aslak Guttorm and published in 1940\u20131986. The study is qualitative, with emphasis on the comparison between the North Saami and Finnish languages. There are many studies of colorative constructions in Finnish, but only a few on North Saami.<\/p>\n<p>There are numerous differences between the colorative constructions in North Saami and those in Finnish. Firstly, in North Saami, the construction consists of two finite verbs, whereas in Finnish it consists of one infinitive and one finite verb. Secondly, in North Saami, stems of the initial neutral verbs may contain two or more syllables, whereas in Finnish, the neutral verbs do not usually contain more than two syllables. Furthermore, the latter component of the colorative construction in North Saami is typically a common verb whose meaning can be understood independent of context. In contrast, the corresponding verb in Finnish is usually only found in certain Finnish dialects and thus its meaning is very difficult to understand without the first, neutral verb of the colorative construction.<\/p>\n<p>It is worth noting that in North Saami, both verbs in the colorative construction conjugate in a similar manner (<i>hoigat<\/i> <i>\u0161\u00e1vvat<\/i> \u2018to punt, making a fuss\u2019), or have similar meanings, e.g., to begin something (<i>suhkalii jullago\u0111ii<\/i> \u2018began to row with a crash\/rumble\u2019). In North Saami, colorative verbs describe natural sounds, although they are caused by humans.<\/p>\n","protected":false},"excerpt":{"rendered":"<p>Hans Aslak Guttorma girjjiin \u2013 davvis\u00e1megiela koloratiivakonstruk\u0161uvnna veard\u00e1dallan suomagielain Marjatta Jomppanen (Oulu universitehta) Vie\u010d\u010da artihkkala d\u00e1s (pdf). Koloratiivakonstruk\u0161uvnna geavaheapmi lea muhtinl\u00e1gan stiilavuohki, mii bukt\u00e1 ivnni \u010d\u00e1llosii. Hans Aslak Guttorm geavaha koloratiivakonstruk\u0161uvnna viehka olu ja danin d\u00e1t artihkal gie\u0111ahall\u00e1 davvis\u00e1megiela koloratiivakonstruk\u0161uvnna &hellip; <a href=\"https:\/\/site.uit.no\/aigecala\/sda-1-2013-marjatta-jomppanen\/\">Les videre <span class=\"meta-nav\">&rarr;<\/span><\/a><\/p>\n","protected":false},"author":7,"featured_media":0,"comment_status":"closed","ping_status":"closed","sticky":false,"template":"","format":"standard","meta":{"footnotes":""},"categories":[142],"tags":[106,107,131,132,133],"class_list":["post-1843","post","type-post","status-publish","format-standard","hentry","category-artihkkalat","tag-davvisamegiella","tag-grammatihkka","tag-infinihttavearbbat","tag-koloratiivavearbbat","tag-serialavearbbat"],"_links":{"self":[{"href":"https:\/\/site.uit.no\/aigecala\/wp-json\/wp\/v2\/posts\/1843","targetHints":{"allow":["GET"]}}],"collection":[{"href":"https:\/\/site.uit.no\/aigecala\/wp-json\/wp\/v2\/posts"}],"about":[{"href":"https:\/\/site.uit.no\/aigecala\/wp-json\/wp\/v2\/types\/post"}],"author":[{"embeddable":true,"href":"https:\/\/site.uit.no\/aigecala\/wp-json\/wp\/v2\/users\/7"}],"replies":[{"embeddable":true,"href":"https:\/\/site.uit.no\/aigecala\/wp-json\/wp\/v2\/comments?post=1843"}],"version-history":[{"count":7,"href":"https:\/\/site.uit.no\/aigecala\/wp-json\/wp\/v2\/posts\/1843\/revisions"}],"predecessor-version":[{"id":1876,"href":"https:\/\/site.uit.no\/aigecala\/wp-json\/wp\/v2\/posts\/1843\/revisions\/1876"}],"wp:attachment":[{"href":"https:\/\/site.uit.no\/aigecala\/wp-json\/wp\/v2\/media?parent=1843"}],"wp:term":[{"taxonomy":"category","embeddable":true,"href":"https:\/\/site.uit.no\/aigecala\/wp-json\/wp\/v2\/categories?post=1843"},{"taxonomy":"post_tag","embeddable":true,"href":"https:\/\/site.uit.no\/aigecala\/wp-json\/wp\/v2\/tags?post=1843"}],"curies":[{"name":"wp","href":"https:\/\/api.w.org\/{rel}","templated":true}]}}