{"id":2261,"date":"2014-08-14T13:51:52","date_gmt":"2014-08-14T11:51:52","guid":{"rendered":"https:\/\/site.uit.no\/aigecala\/?p=2261"},"modified":"2016-04-05T15:13:01","modified_gmt":"2016-04-05T13:13:01","slug":"sda-1-2-2009_hirvonen","status":"publish","type":"post","link":"https:\/\/site.uit.no\/aigecala\/sda-1-2-2009_hirvonen\/","title":{"rendered":"SD\u00c1 1-2-2009: Vuokko Hirvonen"},"content":{"rendered":"<div class=\"entry-content\">\n<div class=\"entry-content\">\n<h2>Juoiggus uksan s\u00e1mi nj\u00e1lmm\u00e1la\u0161 girjj\u00e1la\u0161vuhtii \u2013 b\u00e1lggis gillii, identitehtii ja ie\u0161\u00e1rvui<\/h2>\n<h3>Vuokko Hirvonen (S\u00e1mi allaskuvla)<\/h3>\n<p>Vie\u010d\u010da artihkkala <a href=\"https:\/\/site.uit.no\/aigecala\/wp-content\/uploads\/sites\/8\/2014\/08\/SDA-1-2-2009-hirvonen.pdf\">d\u00e1s<\/a> (pdf).<\/p>\n<h3><i>The Yoik Opens Secret Doors to Sami Oral Literature: A Path into Language, Identity and Self-Esteem<br \/>\n<\/i><\/h3>\n<p>Since the founding of the Sami University College, our students have been able to study the Sami language and Sami literature as separate subjects. One of the main themes of the literature education has been the study of the Sami oral tradition of yoiking \u2013 or chanting \u2013 because yoiking lies at the core of Sami culture, as well as being an important skill which requires a great deal of knowledge.<\/p>\n<p>Through oral literature, we can tell where we came from and share our personal histories and identities as well as the histories of our communities \u2013 and attain collective integrity. The oral tradition reflects that which is important for us, and, through language, we express our own world view and values. This world view has grown from our surroundings and from the connection we have with nature and all living creatures. Thus, this paper focuses on how we can use oral indigenous literature in learning our language, strengthening our selfesteem and building up a positive identity.<\/p>\n<\/div>\n<\/div>\n","protected":false},"excerpt":{"rendered":"<p>Juoiggus uksan s\u00e1mi nj\u00e1lmm\u00e1la\u0161 girjj\u00e1la\u0161vuhtii \u2013 b\u00e1lggis gillii, identitehtii ja ie\u0161\u00e1rvui Vuokko Hirvonen (S\u00e1mi allaskuvla) Vie\u010d\u010da artihkkala d\u00e1s (pdf). The Yoik Opens Secret Doors to Sami Oral Literature: A Path into Language, Identity and Self-Esteem Since the founding of the &hellip; <a href=\"https:\/\/site.uit.no\/aigecala\/sda-1-2-2009_hirvonen\/\">Les videre <span class=\"meta-nav\">&rarr;<\/span><\/a><\/p>\n","protected":false},"author":357,"featured_media":0,"comment_status":"closed","ping_status":"closed","sticky":false,"template":"","format":"standard","meta":{"footnotes":""},"categories":[142],"tags":[159,157,158],"class_list":["post-2261","post","type-post","status-publish","format-standard","hentry","category-artihkkalat","tag-eamialbmot","tag-girjjalasvuohta","tag-njalmmalas-arbevierru"],"_links":{"self":[{"href":"https:\/\/site.uit.no\/aigecala\/wp-json\/wp\/v2\/posts\/2261","targetHints":{"allow":["GET"]}}],"collection":[{"href":"https:\/\/site.uit.no\/aigecala\/wp-json\/wp\/v2\/posts"}],"about":[{"href":"https:\/\/site.uit.no\/aigecala\/wp-json\/wp\/v2\/types\/post"}],"author":[{"embeddable":true,"href":"https:\/\/site.uit.no\/aigecala\/wp-json\/wp\/v2\/users\/357"}],"replies":[{"embeddable":true,"href":"https:\/\/site.uit.no\/aigecala\/wp-json\/wp\/v2\/comments?post=2261"}],"version-history":[{"count":1,"href":"https:\/\/site.uit.no\/aigecala\/wp-json\/wp\/v2\/posts\/2261\/revisions"}],"predecessor-version":[{"id":2263,"href":"https:\/\/site.uit.no\/aigecala\/wp-json\/wp\/v2\/posts\/2261\/revisions\/2263"}],"wp:attachment":[{"href":"https:\/\/site.uit.no\/aigecala\/wp-json\/wp\/v2\/media?parent=2261"}],"wp:term":[{"taxonomy":"category","embeddable":true,"href":"https:\/\/site.uit.no\/aigecala\/wp-json\/wp\/v2\/categories?post=2261"},{"taxonomy":"post_tag","embeddable":true,"href":"https:\/\/site.uit.no\/aigecala\/wp-json\/wp\/v2\/tags?post=2261"}],"curies":[{"name":"wp","href":"https:\/\/api.w.org\/{rel}","templated":true}]}}