{"id":2588,"date":"2016-01-05T10:40:23","date_gmt":"2016-01-05T09:40:23","guid":{"rendered":"https:\/\/site.uit.no\/aigecala\/?p=2588"},"modified":"2016-04-05T15:12:10","modified_gmt":"2016-04-05T13:12:10","slug":"sda-1-2-2007-mikael-svonni","status":"publish","type":"post","link":"https:\/\/site.uit.no\/aigecala\/sda-1-2-2007-mikael-svonni\/","title":{"rendered":"SD\u00c1 1-2-2007: Mikael Svonni"},"content":{"rendered":"<h2>Subjeavtta sadji ja finihtta cealkagiid struktuvra davvis\u00e1megielas<\/h2>\n<h3>Mikael Svonni (S\u00e1mi dutkan, Ubmi universitehta)<\/h3>\n<p>Vie\u010d\u010da artihkkala <a href=\"https:\/\/site.uit.no\/aigecala\/wp-content\/uploads\/sites\/8\/2016\/01\/SDA-1-2-2007-svonni.pdf\" target=\"_blank\">d\u00e1s<\/a> (pdf).<\/p>\n<h3><em>The subject and the structure of the finite clause in North Sami<\/em><\/h3>\n<p>This paper deals with (some of) the functional categories within the IP\u00a0complex. I assume \u2013 as is commonly assumed &#8211; that the subject is basgenerated\u00a0in Spec-VP. The subject moves to Spec-FP to check agreement features\u00a0in F0. The agreement features in North Sami are person and number, but\u00a0not gender. The main verb moves from V to T to check tense and ends up\u00a0in F0 to check agreement, if not an auxiliary (or modal) blocks the main\u00a0verb from reaching the checking positions.<\/p>\n<p>There is a full agreement in North Sami between the (formal) subject of the\u00a0finite clause and the finite verb. Negation in (North) Sami is expressed by a\u00a0negative\u00a0auxiliary. The negative auxiliary shows agreement with the subject\u00a0but is not inflected for tense or mood, which indicates that NegP is generated\u00a0between\u00a0FP and TP \u2013 as in many other Finno-Ugric languages. The auxiliary\u00a0(<em>leat<\/em>) is generated below TP and takes a TP as its complement. The data\u00a0from North Sami suggests that the feature specifications of the first TP are associated\u00a0with tense and mood and the second TP with aspect. A modal\u00a0\u2013 on the other and \u2013 takes a TP headed for [-Tense] as its complement,\u00a0irrespective\u00a0of the position in the clause.<\/p>\n","protected":false},"excerpt":{"rendered":"<p>Subjeavtta sadji ja finihtta cealkagiid struktuvra davvis\u00e1megielas Mikael Svonni (S\u00e1mi dutkan, Ubmi universitehta) Vie\u010d\u010da artihkkala d\u00e1s (pdf). The subject and the structure of the finite clause in North Sami This paper deals with (some of) the functional categories within the &hellip; <a href=\"https:\/\/site.uit.no\/aigecala\/sda-1-2-2007-mikael-svonni\/\">Les videre <span class=\"meta-nav\">&rarr;<\/span><\/a><\/p>\n","protected":false},"author":357,"featured_media":0,"comment_status":"closed","ping_status":"closed","sticky":false,"template":"","format":"standard","meta":{"footnotes":""},"categories":[142],"tags":[],"class_list":["post-2588","post","type-post","status-publish","format-standard","hentry","category-artihkkalat"],"_links":{"self":[{"href":"https:\/\/site.uit.no\/aigecala\/wp-json\/wp\/v2\/posts\/2588","targetHints":{"allow":["GET"]}}],"collection":[{"href":"https:\/\/site.uit.no\/aigecala\/wp-json\/wp\/v2\/posts"}],"about":[{"href":"https:\/\/site.uit.no\/aigecala\/wp-json\/wp\/v2\/types\/post"}],"author":[{"embeddable":true,"href":"https:\/\/site.uit.no\/aigecala\/wp-json\/wp\/v2\/users\/357"}],"replies":[{"embeddable":true,"href":"https:\/\/site.uit.no\/aigecala\/wp-json\/wp\/v2\/comments?post=2588"}],"version-history":[{"count":6,"href":"https:\/\/site.uit.no\/aigecala\/wp-json\/wp\/v2\/posts\/2588\/revisions"}],"predecessor-version":[{"id":2598,"href":"https:\/\/site.uit.no\/aigecala\/wp-json\/wp\/v2\/posts\/2588\/revisions\/2598"}],"wp:attachment":[{"href":"https:\/\/site.uit.no\/aigecala\/wp-json\/wp\/v2\/media?parent=2588"}],"wp:term":[{"taxonomy":"category","embeddable":true,"href":"https:\/\/site.uit.no\/aigecala\/wp-json\/wp\/v2\/categories?post=2588"},{"taxonomy":"post_tag","embeddable":true,"href":"https:\/\/site.uit.no\/aigecala\/wp-json\/wp\/v2\/tags?post=2588"}],"curies":[{"name":"wp","href":"https:\/\/api.w.org\/{rel}","templated":true}]}}