{"id":2928,"date":"2017-09-11T15:12:18","date_gmt":"2017-09-11T13:12:18","guid":{"rendered":"https:\/\/site.uit.no\/aigecala\/?p=2928"},"modified":"2018-11-20T11:07:25","modified_gmt":"2018-11-20T10:07:25","slug":"2016-2","status":"publish","type":"post","link":"https:\/\/site.uit.no\/aigecala\/2016-2\/","title":{"rendered":"S\u00e1mi die\u0111ala\u0161 \u00e1ige\u010d\u00e1la 2\/2016"},"content":{"rendered":"<p><a href=\"https:\/\/site.uit.no\/aigecala\/wp-content\/uploads\/sites\/8\/2017\/09\/forside_sda_2_2016_web.jpg\"><img decoding=\"async\" class=\"alignleft wp-image-3065\" src=\"https:\/\/site.uit.no\/aigecala\/wp-content\/uploads\/sites\/8\/2017\/09\/forside_sda_2_2016_web.jpg\" alt=\"\" width=\"170\" height=\"241\" srcset=\"https:\/\/site.uit.no\/aigecala\/wp-content\/uploads\/sites\/8\/2017\/09\/forside_sda_2_2016_web.jpg 960w, https:\/\/site.uit.no\/aigecala\/wp-content\/uploads\/sites\/8\/2017\/09\/forside_sda_2_2016_web-212x300.jpg 212w, https:\/\/site.uit.no\/aigecala\/wp-content\/uploads\/sites\/8\/2017\/09\/forside_sda_2_2016_web-768x1087.jpg 768w, https:\/\/site.uit.no\/aigecala\/wp-content\/uploads\/sites\/8\/2017\/09\/forside_sda_2_2016_web-723x1024.jpg 723w\" sizes=\"(max-width: 170px) 100vw, 170px\" \/><\/a>ISSN: 0805-4312<br \/>\nISSN online: 1894-0498<\/p>\n<p>Doaimmahusgoddi:<br \/>\nSolveig Joks\u00a0(v\u00e1ldodoaimm.), Berit Anne Bals Baal,<br \/>\nVuokko Hirvonen, Ylva Jannok Nutti\u00a0ja Jussi Ylikoski<\/p>\n<p>Haddi: 100\u00a0ru.<\/p>\n<h2>Sisdoallu<\/h2>\n<p><strong>Artihkkalat:<\/strong><\/p>\n<p>Sigga-Marja Magga<br \/>\n<a href=\"https:\/\/site.uit.no\/aigecala\/sda-2-2016-magga\/\">S\u00e1mekultuvrra mearkka\u0161umit duoji br\u00e1ndahuksemis<\/a><br \/>\n<em>The meaning of S\u00e1mi culture in brand building of duodji<\/em><\/p>\n<p>Sierge Rasmus<br \/>\n<a href=\"https:\/\/site.uit.no\/aigecala\/sda-2-2016-rasmus\/\">Mo davvis\u00e1megiela aspektu\u00e1la vearbasuorg\u00e1sat geavahuvvojit ovtta m\u00e1innasteaddji idioleavttas?<\/a><br \/>\n<em>Aspectual derivations in one storyteller\u2019s idiolect<\/em><\/p>\n<p><strong>\u00c1rvvo\u0161tallamat:<\/strong><\/p>\n<p>Jussi Ylikoski<br \/>\n<a href=\"https:\/\/site.uit.no\/aigecala\/sda-2-2016-arvvostallan-ylikoski\/\">Ide\u00e1la dutki barg\u00e1 dego dikta\u010d\u00e1lli ja rehketdoalli<\/a><\/p>\n","protected":false},"excerpt":{"rendered":"<p>ISSN: 0805-4312 ISSN online: 1894-0498 Doaimmahusgoddi: Solveig Joks\u00a0(v\u00e1ldodoaimm.), Berit Anne Bals Baal, Vuokko Hirvonen, Ylva Jannok Nutti\u00a0ja Jussi Ylikoski Haddi: 100\u00a0ru. Sisdoallu Artihkkalat: Sigga-Marja Magga S\u00e1mekultuvrra mearkka\u0161umit duoji br\u00e1ndahuksemis The meaning of S\u00e1mi culture in brand building of duodji Sierge &hellip; <a href=\"https:\/\/site.uit.no\/aigecala\/2016-2\/\">Les videre <span class=\"meta-nav\">&rarr;<\/span><\/a><\/p>\n","protected":false},"author":357,"featured_media":0,"comment_status":"closed","ping_status":"closed","sticky":false,"template":"","format":"standard","meta":{"footnotes":""},"categories":[80],"tags":[],"class_list":["post-2928","post","type-post","status-publish","format-standard","hentry","category-almmuheamit"],"_links":{"self":[{"href":"https:\/\/site.uit.no\/aigecala\/wp-json\/wp\/v2\/posts\/2928","targetHints":{"allow":["GET"]}}],"collection":[{"href":"https:\/\/site.uit.no\/aigecala\/wp-json\/wp\/v2\/posts"}],"about":[{"href":"https:\/\/site.uit.no\/aigecala\/wp-json\/wp\/v2\/types\/post"}],"author":[{"embeddable":true,"href":"https:\/\/site.uit.no\/aigecala\/wp-json\/wp\/v2\/users\/357"}],"replies":[{"embeddable":true,"href":"https:\/\/site.uit.no\/aigecala\/wp-json\/wp\/v2\/comments?post=2928"}],"version-history":[{"count":7,"href":"https:\/\/site.uit.no\/aigecala\/wp-json\/wp\/v2\/posts\/2928\/revisions"}],"predecessor-version":[{"id":3066,"href":"https:\/\/site.uit.no\/aigecala\/wp-json\/wp\/v2\/posts\/2928\/revisions\/3066"}],"wp:attachment":[{"href":"https:\/\/site.uit.no\/aigecala\/wp-json\/wp\/v2\/media?parent=2928"}],"wp:term":[{"taxonomy":"category","embeddable":true,"href":"https:\/\/site.uit.no\/aigecala\/wp-json\/wp\/v2\/categories?post=2928"},{"taxonomy":"post_tag","embeddable":true,"href":"https:\/\/site.uit.no\/aigecala\/wp-json\/wp\/v2\/tags?post=2928"}],"curies":[{"name":"wp","href":"https:\/\/api.w.org\/{rel}","templated":true}]}}