{"id":3018,"date":"2018-11-19T13:21:31","date_gmt":"2018-11-19T12:21:31","guid":{"rendered":"https:\/\/site.uit.no\/aigecala\/?p=3018"},"modified":"2018-11-19T13:21:31","modified_gmt":"2018-11-19T12:21:31","slug":"2018-1","status":"publish","type":"post","link":"https:\/\/site.uit.no\/aigecala\/2018-1\/","title":{"rendered":"S\u00e1mi die\u0111ala\u0161 \u00e1ige\u010d\u00e1la 1\/2018"},"content":{"rendered":"<p>ISSN: 0805-4312<br \/>\nISSN online: 1894-0498<\/p>\n<p>Doaimmahusgoddi:<br \/>\nSolveig Joks\u00a0(v\u00e1ldodoaimm.), Berit Anne Bals Baal,<br \/>\nLill Tove Fredriksen, Ylva Jannok Nutti\u00a0ja Mikkel Nils Sara<\/p>\n<p>&nbsp;<\/p>\n<h2>Sisdoallu<\/h2>\n<p><strong>Artihkkalat:<\/strong><\/p>\n<p>Nils Dannemark<br \/>\n<a href=\"https:\/\/site.uit.no\/aigecala\/sda-1-2018-dannemark\/\">Giella ja demokratiija. Iskkadeapmi movt Guovdageainnu suohkanpolitihkkarat \u00e1rvvo\u0161tallet s\u00e1megiela geavaheami almmola\u010d\u010dat<\/a><br \/>\n<em>Language and democracy. Factors impacting the language choices of local politicians of the Guovdageaidnu Municipal Council<\/em><\/p>\n<p>Ritva Nystad<br \/>\n<a href=\"https:\/\/site.uit.no\/aigecala\/sda-1-2018-nystad\/\">Mo m\u00e1n\u00e1t o\u010d\u010dodit biehttaleami? Giellao\u010d\u010dodeami \u00e1lgogeah\u010dastat<\/a><br \/>\n<em>How do North Saami children acquire negation? A preliminary appraisal of language acquisition<\/em><\/p>\n<p><strong>\u00c1rvvo\u0161tallamat:<\/strong><\/p>\n<p>Nils Dannemark<br \/>\n<a href=\"https:\/\/site.uit.no\/aigecala\/sda-1-2018-arvvostallan-dannemark\/\">M\u00e1n\u00e1id guovttegielatgeavaheapmi stoagadettiin \u2013 n\u00e1kkosgirje\u00e1rvvo\u0161tallan<\/a><\/p>\n","protected":false},"excerpt":{"rendered":"<p>ISSN: 0805-4312 ISSN online: 1894-0498 Doaimmahusgoddi: Solveig Joks\u00a0(v\u00e1ldodoaimm.), Berit Anne Bals Baal, Lill Tove Fredriksen, Ylva Jannok Nutti\u00a0ja Mikkel Nils Sara &nbsp; Sisdoallu Artihkkalat: Nils Dannemark Giella ja demokratiija. Iskkadeapmi movt Guovdageainnu suohkanpolitihkkarat \u00e1rvvo\u0161tallet s\u00e1megiela geavaheami almmola\u010d\u010dat Language and democracy. &hellip; <a href=\"https:\/\/site.uit.no\/aigecala\/2018-1\/\">Les videre <span class=\"meta-nav\">&rarr;<\/span><\/a><\/p>\n","protected":false},"author":357,"featured_media":0,"comment_status":"closed","ping_status":"closed","sticky":false,"template":"","format":"standard","meta":{"footnotes":""},"categories":[80],"tags":[],"class_list":["post-3018","post","type-post","status-publish","format-standard","hentry","category-almmuheamit"],"_links":{"self":[{"href":"https:\/\/site.uit.no\/aigecala\/wp-json\/wp\/v2\/posts\/3018","targetHints":{"allow":["GET"]}}],"collection":[{"href":"https:\/\/site.uit.no\/aigecala\/wp-json\/wp\/v2\/posts"}],"about":[{"href":"https:\/\/site.uit.no\/aigecala\/wp-json\/wp\/v2\/types\/post"}],"author":[{"embeddable":true,"href":"https:\/\/site.uit.no\/aigecala\/wp-json\/wp\/v2\/users\/357"}],"replies":[{"embeddable":true,"href":"https:\/\/site.uit.no\/aigecala\/wp-json\/wp\/v2\/comments?post=3018"}],"version-history":[{"count":3,"href":"https:\/\/site.uit.no\/aigecala\/wp-json\/wp\/v2\/posts\/3018\/revisions"}],"predecessor-version":[{"id":3055,"href":"https:\/\/site.uit.no\/aigecala\/wp-json\/wp\/v2\/posts\/3018\/revisions\/3055"}],"wp:attachment":[{"href":"https:\/\/site.uit.no\/aigecala\/wp-json\/wp\/v2\/media?parent=3018"}],"wp:term":[{"taxonomy":"category","embeddable":true,"href":"https:\/\/site.uit.no\/aigecala\/wp-json\/wp\/v2\/categories?post=3018"},{"taxonomy":"post_tag","embeddable":true,"href":"https:\/\/site.uit.no\/aigecala\/wp-json\/wp\/v2\/tags?post=3018"}],"curies":[{"name":"wp","href":"https:\/\/api.w.org\/{rel}","templated":true}]}}