{"id":3021,"date":"2018-11-19T13:14:01","date_gmt":"2018-11-19T12:14:01","guid":{"rendered":"https:\/\/site.uit.no\/aigecala\/?p=3021"},"modified":"2020-01-23T14:45:31","modified_gmt":"2020-01-23T13:45:31","slug":"sda-1-2018-dannemark","status":"publish","type":"post","link":"https:\/\/site.uit.no\/aigecala\/sda-1-2018-dannemark\/","title":{"rendered":"SD\u00c1 1\/2018: Nils Dannemark"},"content":{"rendered":"<h2>Giella ja demokratiija. Iskkadeapmi movt Guovdageainnu suohkanpolitihkkarat \u00e1rvvo\u0161tallet s\u00e1megiela geavaheami almmola\u010d\u010dat<\/h2>\n<p>Nils Dannemark (S\u00e1mi allaskuvla)<\/p>\n<p>Vie\u010d\u010da artihkkala: <a href=\"https:\/\/site.uit.no\/aigecala\/wp-content\/uploads\/sites\/8\/2018\/11\/SDA-1-2018-dannemark.pdf\" target=\"_blank\" rel=\"noopener\">Giella ja demokratiija. Iskkadeapmi movt Guovdageainnu suohkanpolitihkkarat \u00e1rvvo\u0161tallet s\u00e1megiela geavaheami almmola\u010d\u010dat<\/a> (pdf).<\/p>\n<p>Guovdageainnu suohkan lea leama\u0161 s\u00e1megiela h\u00e1ldda\u0161anguovllus \u00e1lggu r\u00e1jes, namalassii 1992 r\u00e1jes. Dan ovdal, 1981:s lei Guovdageainnu suohkanstivra juo mearridan ahte galg\u00e1 leat vejola\u0161 geavahit s\u00e1megiela suohkanh\u00e1ldda\u0161eamis ja suohkana \u010doahkkimiin seamma l\u00e1hkai go d\u00e1rogiela. Suohkan virg\u00e1ibijai suohkandulkka 1982 guovvam\u00e1nus, vai galggai leat vejola\u0161 geavahit sihke s\u00e1megiela ja d\u00e1rogiela. D\u00e1l geavahit measta buot suohkanstivra\u00e1irasat s\u00e1megiela s\u00e1tnevuoruineaset. Sihke s\u00e1megiel ja d\u00e1rogiel s\u00e1tnevuorut dulkojuvvojit. D\u00e1n iskkadeami ulbmil lea g\u00e1vnnahit movt Guovdageainnu suohkanpolitihkkarat \u00e1rvvo\u0161tallet s\u00e1megiela geavaheami suohkanstivrras, ja manne sidjiide lea deh\u00e1la\u0161 geavahit s\u00e1megiela maidd\u00e1i almmola\u010d\u010dat. Iskkadeami vuo\u0111\u0111un leat jearahallamat g\u00e1vcci suohkanstivra\u00e1irasiin \u00e1igodagas 2011\u20132015. Jearahallamiid guorahallamis geavahuvvojit ipm\u00e1rdusvuohkin Pierre Bourdieua (1980; 1982) doahpagat <em>habitus<\/em> ja <em>legitiimma giella<\/em>. Dasa lassin v\u00e1ldd\u00e1n veahkkin dan movt Hannah Arendt (1958) \u010dilge etnihkala\u0161 unnitloguid dili nation\u00e1last\u00e1htas. Buot g\u00e1vcci \u00e1irasa \u00e1rvvo\u0161tallet s\u00e1megielgeavaheami politihkala\u0161 stivrengiellan hui positiivvala\u010d\u010dat, ja deattuhit ahte d\u00e1kk\u00e1r geavaheapmi lokte giela \u00e1rvvu ja lea eaktun s\u00e1megiela nannemii buot servodaga surggiin.<\/p>\n<p><strong>F\u00e1dd\u00e1s\u00e1nit<\/strong>: h\u00e1ldda\u0161angiella, demokratiija, v\u00e1ibmogiella, giellasosiologiija, s\u00e1megiella, Guovdageaidnu<\/p>\n<h3><strong>Language and democracy. Factors impacting the language choices of local politicians of the Guovdageaidnu Municipal Council<\/strong><\/h3>\n<p>The municipality of Guovdageaidnu has been a part of the S\u00e1mi language administration district since the district was established in 1992. In December 1981, the municipal council decreed to make arrangements to further the use of the S\u00e1mi language in municipality administration, and make it possible to use both S\u00e1mi and Norwegian languages during municipal council meetings. Consequently, on February 1982, the municipality employed an interpreter, in order to facilitate the use of both languages. Today, a majority of the elected members of the municipal council give their speeches in council meetings in S\u00e1mi, and all speeches are interpreted from S\u00e1mi or Norwegian into the other language.<\/p>\n<p>The aim of this research is to examine how some of the elected members evaluate the use of the S\u00e1mi language in the municipal council. Eight members of the 2011\u20132015 council were interviewed for this study. Pierre Bourdieu\u2019s concepts <em>habitus<\/em> and <em>langue l\u00e9gitime<\/em> and Hannah Arendt\u2019s discussion of the situation of ethnic minorities within the national state are used as the theoretical framework for contextualising the data collected. All the interviewees expressed a very positive view of the use of S\u00e1mi as a language of administration and governing, emphasising that this usage strengthens the position of the S\u00e1mi language within all domains in society, and increases the prestige of the language.<\/p>\n<p><strong>Keywords<\/strong>: official language, democracy, heart language, sociology of language, Guovdageaidnu, S\u00e1mi language<\/p>\n","protected":false},"excerpt":{"rendered":"<p>Giella ja demokratiija. Iskkadeapmi movt Guovdageainnu suohkanpolitihkkarat \u00e1rvvo\u0161tallet s\u00e1megiela geavaheami almmola\u010d\u010dat Nils Dannemark (S\u00e1mi allaskuvla) Vie\u010d\u010da artihkkala: Giella ja demokratiija. Iskkadeapmi movt Guovdageainnu suohkanpolitihkkarat \u00e1rvvo\u0161tallet s\u00e1megiela geavaheami almmola\u010d\u010dat (pdf). Guovdageainnu suohkan lea leama\u0161 s\u00e1megiela h\u00e1ldda\u0161anguovllus \u00e1lggu r\u00e1jes, namalassii 1992 r\u00e1jes. &hellip; <a href=\"https:\/\/site.uit.no\/aigecala\/sda-1-2018-dannemark\/\">Les videre <span class=\"meta-nav\">&rarr;<\/span><\/a><\/p>\n","protected":false},"author":357,"featured_media":0,"comment_status":"closed","ping_status":"closed","sticky":false,"template":"","format":"standard","meta":{"footnotes":""},"categories":[142],"tags":[241,255,245,240,244,242],"class_list":["post-3021","post","type-post","status-publish","format-standard","hentry","category-artihkkalat","tag-demokratiija","tag-giellasosiologiija","tag-guovdageaidnu","tag-halddasangiella","tag-samegiella","tag-vaibmogiella"],"_links":{"self":[{"href":"https:\/\/site.uit.no\/aigecala\/wp-json\/wp\/v2\/posts\/3021","targetHints":{"allow":["GET"]}}],"collection":[{"href":"https:\/\/site.uit.no\/aigecala\/wp-json\/wp\/v2\/posts"}],"about":[{"href":"https:\/\/site.uit.no\/aigecala\/wp-json\/wp\/v2\/types\/post"}],"author":[{"embeddable":true,"href":"https:\/\/site.uit.no\/aigecala\/wp-json\/wp\/v2\/users\/357"}],"replies":[{"embeddable":true,"href":"https:\/\/site.uit.no\/aigecala\/wp-json\/wp\/v2\/comments?post=3021"}],"version-history":[{"count":4,"href":"https:\/\/site.uit.no\/aigecala\/wp-json\/wp\/v2\/posts\/3021\/revisions"}],"predecessor-version":[{"id":3046,"href":"https:\/\/site.uit.no\/aigecala\/wp-json\/wp\/v2\/posts\/3021\/revisions\/3046"}],"wp:attachment":[{"href":"https:\/\/site.uit.no\/aigecala\/wp-json\/wp\/v2\/media?parent=3021"}],"wp:term":[{"taxonomy":"category","embeddable":true,"href":"https:\/\/site.uit.no\/aigecala\/wp-json\/wp\/v2\/categories?post=3021"},{"taxonomy":"post_tag","embeddable":true,"href":"https:\/\/site.uit.no\/aigecala\/wp-json\/wp\/v2\/tags?post=3021"}],"curies":[{"name":"wp","href":"https:\/\/api.w.org\/{rel}","templated":true}]}}