{"id":3210,"date":"2021-02-18T15:20:23","date_gmt":"2021-02-18T14:20:23","guid":{"rendered":"https:\/\/site.uit.no\/aigecala\/?p=3210"},"modified":"2021-02-18T15:22:22","modified_gmt":"2021-02-18T14:22:22","slug":"sda-2020-lene-antonsen-ja-laura-janda","status":"publish","type":"post","link":"https:\/\/site.uit.no\/aigecala\/sda-2020-lene-antonsen-ja-laura-janda\/","title":{"rendered":"SD\u00c1 2020: Lene Antonsen ja Laura Janda"},"content":{"rendered":"<h2>Davvis\u00e1mi earutkeahtes oamasteapmi<\/h2>\n<p>Lene Antonsen (UiT \u2013 Norgga \u00e1rktala\u0161 universitehta)<br \/>\nLaura Janda (UiT \u2013 Norgga \u00e1rktala\u0161 universitehta)<\/p>\n<p>Vie\u010d\u010da artihkkala: <a href=\"https:\/\/site.uit.no\/aigecala\/wp-content\/uploads\/sites\/8\/2021\/02\/SDA-2020-antonsen-ja-janda.pdf\" target=\"_blank\" rel=\"noopener\">Davvis\u00e1mi earutkeahtes oamasteapmi<\/a> (pdf).<\/p>\n<p>Davvis\u00e1megielas leat guovttel\u00e1gan refleksiiva oamastanr\u00e1hkadusat, ja letne jearran makk\u00e1r\u00a0semantihkala\u0161 ie\u0161vuo\u0111at leat s\u00e1niin mat eanemusat geavahuvvojit oamastangeh\u010dosiin d\u00e1n\u00a0\u00e1igge teavsttain. Dasa letne geavahan aviisateavsttaid dutkanmateri\u00e1lan. \u010c\u00e1jehetne ahte\u00a0substantiiva oktan oamastangeh\u010dosiin geavahuvvo muitalit earutkeahtes oamasteami (dan\u00a0maid olmmo\u0161 ii s\u00e1hte addit ear\u00e1ide), ja <em>ie\u0161<\/em>-pronomena genitiivah\u00e1pmi fas geavahuvvo\u00a0muitalit sihke earutkeahtes ja earuhahtti oamasteami. Oamastangea\u017eus geavahuvvo\u00a0erenoam\u00e1\u017eit fuolke- ja ruma\u0161s\u00e1niiguin, muhto stuorra joavkun leat olbmo konkrehta ja\u00a0abstr\u00e1kta buktagat. Deh\u00e1la\u0161 joavkku dahket maidd\u00e1i s\u00e1nit mat leat \u010dadnon identitehttii ja\u00a0eallinl\u00e1ib\u00e1i. Vaikko <em>ie\u0161<\/em>-pronomena genitiivah\u00e1pmi ollu lea v\u00e1ld\u00e1n oamastangeh\u010dosiid saji, de\u00a0dan geavahus oktan substantiivvain lea ain produktiiva.<\/p>\n<p><strong>F\u00e1dd\u00e1s\u00e1nit<\/strong>: davvis\u00e1megiella, oamasteapmi, oamastangeh\u010dosat, giellarievdan, earutkeahtt\u00e1vuohta<\/p>\n<h3><strong>Inalienability in North Saami<\/strong><\/h3>\n<p>On the basis of corpus data (9.5M words 1997\u20132010) we claim that North Saami is developing a grammatical distinction between alienable and inalienable possession. In previous work we documented a language change in North Saami in which the possessive suffix as in <em>girjji-id-easkka<\/em> [book-acc.pl-3pl] \u2018their books\u2019 is being replaced by an analytic construction with the reflexive genitive <em>ie\u017ea<\/em>-form, as in <em>ie\u017easka girjjiid<\/em> \u2018their books\u2019. According to typologists, alienable\/inalienable distinctions arise primarily in small languages where a language change takes place, and inalienability is marked by the synthetic construction. North Saami possessive constructions comport with these features, and the possessive suffix tends to mark inalienable possession, as opposed to the more neutral and widespread <em>ie\u017ea<\/em>-form. Statistical analysis shows that word frequency cannot account for the distribution of the possessive suffix vs. <em>ie\u017ea<\/em>-form, justifying focus on semantics. North Saami shows high frequency of the possessive suffix for kinship and body part nouns associated with inalienability cross-linguistically, but there is a strong presence of the possessive suffix with words for \u201cproducts\u201d: concrete and abstract human artefacts, where the creation is inalienably possessed by its creator. Another important group marked with the possessive suffix associated with inalienable possession are words connected with identity and livelihood. Even though overall the reflexive genitive <em>ie\u017ea<\/em>-form has been taking the place of the possessive suffix the possessive suffix, continues to be productive in use with words signaling products, identity, and livelihood.<\/p>\n<p><strong>Keywords<\/strong>: North Saami, possessive construction, possessive suffixes, language change, inalienability<\/p>\n","protected":false},"excerpt":{"rendered":"<p>Davvis\u00e1mi earutkeahtes oamasteapmi Lene Antonsen (UiT \u2013 Norgga \u00e1rktala\u0161 universitehta) Laura Janda (UiT \u2013 Norgga \u00e1rktala\u0161 universitehta) Vie\u010d\u010da artihkkala: Davvis\u00e1mi earutkeahtes oamasteapmi (pdf). Davvis\u00e1megielas leat guovttel\u00e1gan refleksiiva oamastanr\u00e1hkadusat, ja letne jearran makk\u00e1r\u00a0semantihkala\u0161 ie\u0161vuo\u0111at leat s\u00e1niin mat eanemusat geavahuvvojit oamastangeh\u010dosiin d\u00e1n\u00a0\u00e1igge &hellip; <a href=\"https:\/\/site.uit.no\/aigecala\/sda-2020-lene-antonsen-ja-laura-janda\/\">Les videre <span class=\"meta-nav\">&rarr;<\/span><\/a><\/p>\n","protected":false},"author":91,"featured_media":0,"comment_status":"closed","ping_status":"closed","sticky":false,"template":"","format":"standard","meta":{"footnotes":""},"categories":[142],"tags":[106,271,129,270,269],"class_list":["post-3210","post","type-post","status-publish","format-standard","hentry","category-artihkkalat","tag-davvisamegiella","tag-earutkeahttavuohta","tag-giellarievdan","tag-oamastangehcosat","tag-oamasteapmi"],"_links":{"self":[{"href":"https:\/\/site.uit.no\/aigecala\/wp-json\/wp\/v2\/posts\/3210","targetHints":{"allow":["GET"]}}],"collection":[{"href":"https:\/\/site.uit.no\/aigecala\/wp-json\/wp\/v2\/posts"}],"about":[{"href":"https:\/\/site.uit.no\/aigecala\/wp-json\/wp\/v2\/types\/post"}],"author":[{"embeddable":true,"href":"https:\/\/site.uit.no\/aigecala\/wp-json\/wp\/v2\/users\/91"}],"replies":[{"embeddable":true,"href":"https:\/\/site.uit.no\/aigecala\/wp-json\/wp\/v2\/comments?post=3210"}],"version-history":[{"count":4,"href":"https:\/\/site.uit.no\/aigecala\/wp-json\/wp\/v2\/posts\/3210\/revisions"}],"predecessor-version":[{"id":3214,"href":"https:\/\/site.uit.no\/aigecala\/wp-json\/wp\/v2\/posts\/3210\/revisions\/3214"}],"wp:attachment":[{"href":"https:\/\/site.uit.no\/aigecala\/wp-json\/wp\/v2\/media?parent=3210"}],"wp:term":[{"taxonomy":"category","embeddable":true,"href":"https:\/\/site.uit.no\/aigecala\/wp-json\/wp\/v2\/categories?post=3210"},{"taxonomy":"post_tag","embeddable":true,"href":"https:\/\/site.uit.no\/aigecala\/wp-json\/wp\/v2\/tags?post=3210"}],"curies":[{"name":"wp","href":"https:\/\/api.w.org\/{rel}","templated":true}]}}