{"id":836,"date":"2012-12-08T20:37:02","date_gmt":"2012-12-08T19:37:02","guid":{"rendered":"https:\/\/site.uit.no\/aigecala\/?p=836"},"modified":"2014-03-24T12:27:16","modified_gmt":"2014-03-24T11:27:16","slug":"sami-diedalas-aigecala-1-2011-kalstad","status":"publish","type":"post","link":"https:\/\/site.uit.no\/aigecala\/sami-diedalas-aigecala-1-2011-kalstad\/","title":{"rendered":"SD\u00c1 1-2011: Johan Klemet H\u00e6tta Kalstad"},"content":{"rendered":"<h2>Norgga s\u00e1mepolitihka molsa\u0161upmi o\u0111\u0111a \u00e1iggis<\/h2>\n<p>Johan Klemet H\u00e6tta Kalstad (S\u00e1mi allaskuvla)<\/p>\n<p>Vie\u010d\u010da artihkkala\u00a0<a href=\"https:\/\/site.uit.no\/aigecala\/wp-content\/uploads\/sites\/8\/2012\/12\/2011-kalstad.pdf\" target=\"_blank\">d\u00e1s<\/a> (pdf).<\/p>\n<h3><em>The transition of Sami politics in Norway<\/em><\/h3>\n<p>Sami politics has throughout the ages been colorful even as the knowledge regarding it has been narrow. People are familiar with some parts of Sami political history. Generally it has been widely discussed that the assimilation policy of the Norwegian state changed as a result of the demonstrations against the hydro power dam project in the Alta river canyon. However, the policy had begun to transmute already during World War II.<\/p>\n<p>After the authorities had decided to consider the adoption of an official Sami policy, the Sami Committee was established in 1956. In 1963, the Norwegian Parliament created the basis for a new era of politics toward the Sami people without further altercation. The protection and promotion of the Sami language and culture was from then on the objective of the official Sami policy.<\/p>\n<p>The purpose of this article is to evoke an overall understanding based on new research on the transition of Norway\u2019s policies towards the Sami from assimilation to the maintaining of \u2018Saminess\u2019. I have gathered the most up-to-date information from documents and through interviews with persons who participated in the actions and activities which took place in the 1950\u2019s and 1960\u2019s.<\/p>\n<p>&nbsp;<\/p>\n","protected":false},"excerpt":{"rendered":"<p>Norgga s\u00e1mepolitihka molsa\u0161upmi o\u0111\u0111a \u00e1iggis Johan Klemet H\u00e6tta Kalstad (S\u00e1mi allaskuvla) Vie\u010d\u010da artihkkala\u00a0d\u00e1s (pdf). The transition of Sami politics in Norway Sami politics has throughout the ages been colorful even as the knowledge regarding it has been narrow. People are &hellip; <a href=\"https:\/\/site.uit.no\/aigecala\/sami-diedalas-aigecala-1-2011-kalstad\/\">Les videre <span class=\"meta-nav\">&rarr;<\/span><\/a><\/p>\n","protected":false},"author":72,"featured_media":0,"comment_status":"closed","ping_status":"closed","sticky":false,"template":"","format":"standard","meta":{"footnotes":""},"categories":[142],"tags":[99,94],"class_list":["post-836","post","type-post","status-publish","format-standard","hentry","category-artihkkalat","tag-samelihkadus","tag-sami-politihkka"],"_links":{"self":[{"href":"https:\/\/site.uit.no\/aigecala\/wp-json\/wp\/v2\/posts\/836","targetHints":{"allow":["GET"]}}],"collection":[{"href":"https:\/\/site.uit.no\/aigecala\/wp-json\/wp\/v2\/posts"}],"about":[{"href":"https:\/\/site.uit.no\/aigecala\/wp-json\/wp\/v2\/types\/post"}],"author":[{"embeddable":true,"href":"https:\/\/site.uit.no\/aigecala\/wp-json\/wp\/v2\/users\/72"}],"replies":[{"embeddable":true,"href":"https:\/\/site.uit.no\/aigecala\/wp-json\/wp\/v2\/comments?post=836"}],"version-history":[{"count":15,"href":"https:\/\/site.uit.no\/aigecala\/wp-json\/wp\/v2\/posts\/836\/revisions"}],"predecessor-version":[{"id":2136,"href":"https:\/\/site.uit.no\/aigecala\/wp-json\/wp\/v2\/posts\/836\/revisions\/2136"}],"wp:attachment":[{"href":"https:\/\/site.uit.no\/aigecala\/wp-json\/wp\/v2\/media?parent=836"}],"wp:term":[{"taxonomy":"category","embeddable":true,"href":"https:\/\/site.uit.no\/aigecala\/wp-json\/wp\/v2\/categories?post=836"},{"taxonomy":"post_tag","embeddable":true,"href":"https:\/\/site.uit.no\/aigecala\/wp-json\/wp\/v2\/tags?post=836"}],"curies":[{"name":"wp","href":"https:\/\/api.w.org\/{rel}","templated":true}]}}