{"id":840,"date":"2012-12-08T20:46:14","date_gmt":"2012-12-08T19:46:14","guid":{"rendered":"https:\/\/site.uit.no\/aigecala\/?p=840"},"modified":"2014-03-24T12:27:26","modified_gmt":"2014-03-24T11:27:26","slug":"sami-diedalas-aigecala-1-2011-keskitalo-maatta","status":"publish","type":"post","link":"https:\/\/site.uit.no\/aigecala\/sami-diedalas-aigecala-1-2011-keskitalo-maatta\/","title":{"rendered":"SD\u00c1 1-2011: Pigga Keskitalo \u2013 Kaarina M\u00e4\u00e4tt\u00e4"},"content":{"rendered":"<h2>S\u00e1megielat \u00e1lgooahpahusa gielala\u0161 ie\u0161vuo\u0111at<\/h2>\n<p>Pigga Keskitalo (S\u00e1mi allaskuvla)<br \/>\nKaarina M\u00e4\u00e4tt\u00e4 (Lappi universitehta)<\/p>\n<p>Vie\u010d\u010da artihkkala <a href=\"https:\/\/site.uit.no\/aigecala\/wp-content\/uploads\/sites\/8\/2012\/12\/2011-keskitalo-ja-maatta.pdf\" target=\"_blank\">d\u00e1s<\/a> (pdf).<\/p>\n<h3><em>Linguistic features in Sami instruction at first grades<\/em><\/h3>\n<p>This article focus on features of Sami language instruction in the first grades in Norway and Finland. The most important part of the paper is to compare instruction methods in Norway and Finland \u2013 what kind of differences exist between these countries on an ideological level with regard to language instruction. Secondly, the paper outlines the challenges of Sami language instruction in the first grades as an indigenous peoples\u2019 language with minority language status.\u00a0 This presents its own differences and challenges which must be taken into account on the planning level and in practice in a working classroom. Sami language instruction occurs within a challenging environment. Student groups are more heterogenic\u00a0 than ever. Teachers must work within a situation which is quite different in relation to the language situa\u00adtion in the country as a whole. The situation of the Sami language differs markedly from that of the languages of the nation states in question and there is a pressing need for more research in this area.<\/p>\n","protected":false},"excerpt":{"rendered":"<p>S\u00e1megielat \u00e1lgooahpahusa gielala\u0161 ie\u0161vuo\u0111at Pigga Keskitalo (S\u00e1mi allaskuvla) Kaarina M\u00e4\u00e4tt\u00e4 (Lappi universitehta) Vie\u010d\u010da artihkkala d\u00e1s (pdf). Linguistic features in Sami instruction at first grades This article focus on features of Sami language instruction in the first grades in Norway and &hellip; <a href=\"https:\/\/site.uit.no\/aigecala\/sami-diedalas-aigecala-1-2011-keskitalo-maatta\/\">Les videre <span class=\"meta-nav\">&rarr;<\/span><\/a><\/p>\n","protected":false},"author":72,"featured_media":0,"comment_status":"closed","ping_status":"closed","sticky":false,"template":"","format":"standard","meta":{"footnotes":""},"categories":[142],"tags":[103,105,102,104],"class_list":["post-840","post","type-post","status-publish","format-standard","hentry","category-artihkkalat","tag-callinvuohki","tag-oahpahankultuvra","tag-oahpahus","tag-lohkan-ja-callin"],"_links":{"self":[{"href":"https:\/\/site.uit.no\/aigecala\/wp-json\/wp\/v2\/posts\/840","targetHints":{"allow":["GET"]}}],"collection":[{"href":"https:\/\/site.uit.no\/aigecala\/wp-json\/wp\/v2\/posts"}],"about":[{"href":"https:\/\/site.uit.no\/aigecala\/wp-json\/wp\/v2\/types\/post"}],"author":[{"embeddable":true,"href":"https:\/\/site.uit.no\/aigecala\/wp-json\/wp\/v2\/users\/72"}],"replies":[{"embeddable":true,"href":"https:\/\/site.uit.no\/aigecala\/wp-json\/wp\/v2\/comments?post=840"}],"version-history":[{"count":16,"href":"https:\/\/site.uit.no\/aigecala\/wp-json\/wp\/v2\/posts\/840\/revisions"}],"predecessor-version":[{"id":2137,"href":"https:\/\/site.uit.no\/aigecala\/wp-json\/wp\/v2\/posts\/840\/revisions\/2137"}],"wp:attachment":[{"href":"https:\/\/site.uit.no\/aigecala\/wp-json\/wp\/v2\/media?parent=840"}],"wp:term":[{"taxonomy":"category","embeddable":true,"href":"https:\/\/site.uit.no\/aigecala\/wp-json\/wp\/v2\/categories?post=840"},{"taxonomy":"post_tag","embeddable":true,"href":"https:\/\/site.uit.no\/aigecala\/wp-json\/wp\/v2\/tags?post=840"}],"curies":[{"name":"wp","href":"https:\/\/api.w.org\/{rel}","templated":true}]}}