{"id":918,"date":"2012-12-12T11:28:01","date_gmt":"2012-12-12T10:28:01","guid":{"rendered":"https:\/\/site.uit.no\/aigecala\/?p=918"},"modified":"2023-03-28T14:53:55","modified_gmt":"2023-03-28T12:53:55","slug":"johan-klemet-haetta-kalstad","status":"publish","type":"post","link":"https:\/\/site.uit.no\/aigecala\/johan-klemet-haetta-kalstad\/","title":{"rendered":"Kalstad, Johan Klemet H\u00e6tta"},"content":{"rendered":"<p>Artihkkalat S\u00e1mi die\u0111ala\u0161 \u00e1ige\u010d\u00e1llagis:<\/p>\n<p>Kalstad, Johan Klemet H\u00e6tta 2022: <a href=\"https:\/\/site.uit.no\/aigecala\/sda-2022-johan-klemet-haetta-kalstad\/\">S\u00e1megiela h\u00e1stalusat, seailluheapmi ja ovd\u00e1neapmi Guovdageainnus<\/a>. [English summary: <em>Saami language: challenges, preservation and development in Guovdageaidnu<\/em>.] \u2013 S\u00e1mi die\u0111ala\u0161 \u00e1ige\u010d\u00e1la 2022: 111\u2013134.<\/p>\n<p>Kalstad,\u00a0Johan Klemet H\u00e6tta 2013:\u00a0<a title=\"SD\u00c1 1-2013: Johan Klemet H\u00e6tta Kalstad  \u010cSV \u2013 s\u00e1mi nationalisttaid dahje s\u00e1mena\u0161uvnna doaimmala\u010d\u010daid muitun\" href=\"https:\/\/site.uit.no\/aigecala\/sda-1-2013-johan-klemet-haetta-kalstad-csv-sami-nationalisttaid-dahje-samenasuvnna-doaimmalaccaid-muitun\/\">\u010cSV \u2013 s\u00e1mi nationalisttaid dahje s\u00e1mena\u0161uvnna doaimmala\u010d\u010daid muitun<\/a>. [English summary:\u00a0<i>Remembering \u010cSV \u2013 Saami nationalists or Saami political entrepreneurs.<\/i>]\u00a0\u2013\u00a0<em>S\u00e1mi die\u0111ala\u0161 \u00e1ige\u010d\u00e1la<\/em>\u00a01\/2013: 29\u201348.<\/p>\n<p>Kalstad,\u00a0Johan Klemet H\u00e6tta 2012: <a href=\"https:\/\/site.uit.no\/aigecala\/sda-2-2012-johan-klemet-haetta-kalstad\/\">Norgga s\u00e1mepolitihkka 1970-logus \u2013 o\u0111astemiin nanosmahttit s\u00e1mevuo\u0111a.<\/a> [English summary:\u00a0Norwegian Sami policy in the 1970s \u2013 strengthening \u201cSaminess\u201d through renewal.]\u00a0\u2013\u00a0<em>S\u00e1mi die\u0111ala\u0161 \u00e1ige\u010d\u00e1la<\/em>\u00a02\/2012: 85\u2013111.<\/p>\n<p>Kalstad,\u00a0Johan Klemet H\u00e6tta 2011:\u00a0<a href=\"https:\/\/site.uit.no\/aigecala\/sami-diedalas-aigecala-1-2011-kalstad\/\">Norgga s\u00e1mepolitihka molsa\u0161upmi o\u0111\u0111a \u00e1iggis<\/a>.\u00a0\u00a0[English summary:\u00a0The transition of Sami politics in Norway.] \u2013 <em>S\u00e1mi die\u0111ala\u0161 \u00e1ige\u010d\u00e1la<\/em>\u00a01\/2011: 43\u201365.<\/p>\n","protected":false},"excerpt":{"rendered":"<p>Artihkkalat S\u00e1mi die\u0111ala\u0161 \u00e1ige\u010d\u00e1llagis: Kalstad, Johan Klemet H\u00e6tta 2022: S\u00e1megiela h\u00e1stalusat, seailluheapmi ja ovd\u00e1neapmi Guovdageainnus. [English summary: Saami language: challenges, preservation and development in Guovdageaidnu.] \u2013 S\u00e1mi die\u0111ala\u0161 \u00e1ige\u010d\u00e1la 2022: 111\u2013134. Kalstad,\u00a0Johan Klemet H\u00e6tta 2013:\u00a0\u010cSV \u2013 s\u00e1mi nationalisttaid dahje s\u00e1mena\u0161uvnna &hellip; <a href=\"https:\/\/site.uit.no\/aigecala\/johan-klemet-haetta-kalstad\/\">Les videre <span class=\"meta-nav\">&rarr;<\/span><\/a><\/p>\n","protected":false},"author":72,"featured_media":0,"comment_status":"closed","ping_status":"closed","sticky":false,"template":"","format":"standard","meta":{"footnotes":""},"categories":[96],"tags":[],"class_list":["post-918","post","type-post","status-publish","format-standard","hentry","category-callit"],"_links":{"self":[{"href":"https:\/\/site.uit.no\/aigecala\/wp-json\/wp\/v2\/posts\/918","targetHints":{"allow":["GET"]}}],"collection":[{"href":"https:\/\/site.uit.no\/aigecala\/wp-json\/wp\/v2\/posts"}],"about":[{"href":"https:\/\/site.uit.no\/aigecala\/wp-json\/wp\/v2\/types\/post"}],"author":[{"embeddable":true,"href":"https:\/\/site.uit.no\/aigecala\/wp-json\/wp\/v2\/users\/72"}],"replies":[{"embeddable":true,"href":"https:\/\/site.uit.no\/aigecala\/wp-json\/wp\/v2\/comments?post=918"}],"version-history":[{"count":14,"href":"https:\/\/site.uit.no\/aigecala\/wp-json\/wp\/v2\/posts\/918\/revisions"}],"predecessor-version":[{"id":3584,"href":"https:\/\/site.uit.no\/aigecala\/wp-json\/wp\/v2\/posts\/918\/revisions\/3584"}],"wp:attachment":[{"href":"https:\/\/site.uit.no\/aigecala\/wp-json\/wp\/v2\/media?parent=918"}],"wp:term":[{"taxonomy":"category","embeddable":true,"href":"https:\/\/site.uit.no\/aigecala\/wp-json\/wp\/v2\/categories?post=918"},{"taxonomy":"post_tag","embeddable":true,"href":"https:\/\/site.uit.no\/aigecala\/wp-json\/wp\/v2\/tags?post=918"}],"curies":[{"name":"wp","href":"https:\/\/api.w.org\/{rel}","templated":true}]}}