{"id":1115,"date":"2016-06-01T11:36:59","date_gmt":"2016-06-01T10:36:59","guid":{"rendered":"https:\/\/site.uit.no\/arcticdoc\/?p=1115"},"modified":"2025-12-09T11:26:37","modified_gmt":"2025-12-09T10:26:37","slug":"1115","status":"publish","type":"post","link":"https:\/\/site.uit.no\/arcticdoc\/2016\/06\/1115\/","title":{"rendered":"TODOS Summer Barbecue &#8211; 23rd June 2016"},"content":{"rendered":"<p class=\"p1\"><strong>AVLYST<\/strong><\/p>\n<p class=\"p1\">Grunnet d\u00e5rlige v\u00e6rmeldinger for I morgen m\u00e5 vi dessverre avlyse BBQ I morgen.<\/p>\n<p><strong>CANCELLED<\/strong><\/p>\n<p>Due to bad weather reports we have decided to cancel the BBQ tomorrow.<\/p>\n<p class=\"p1\"><img fetchpriority=\"high\" decoding=\"async\" class=\"aligncenter size-full wp-image-1117\" src=\"https:\/\/site.uit.no\/wp-content\/uploads\/sites\/535\/2016\/06\/bbq.png\" alt=\"bbq\" width=\"600\" height=\"313\" \/><\/p>\n<p class=\"p1\">English bellow!<\/p>\n<p class=\"p1\"><span class=\"s1\">Kj\u00e6re Phd-kollegaer og post docs,<\/span><\/p>\n<p class=\"p1\"><span class=\"s1\">\u00a0<\/span><\/p>\n<p class=\"p1\"><span class=\"s1\">N\u00e5 er sommeren snart her, men f\u00f8r alle drar p\u00e5 ferie vil TODOS gjerne invitere dere til grillfest!<\/span><\/p>\n<p class=\"p1\"><span class=\"s1\">\u00a0<\/span><\/p>\n<p class=\"p1\"><span class=\"s1\">Det er p\u00e5 tide \u00e5 slappe av litt f\u00f8r sommeren, og universitetet er offisielt tomt i noen uker. S\u00e5 la oss m\u00f8tes torsdag 23. juni \u00a0fra 14.00 bak BFE fakultetet. TODOS stiller med p\u00f8lser i br\u00f8d, burgere, salat og annet godt. Om du har lyst p\u00e5 noe annet, eller har spesielle matbehov, s\u00e5 er der masse plass p\u00e5 grillen s\u00e5 det er bare \u00e5 ta med! Vann vil bli tilbudt, men andre drikkevarer m\u00e5 man ta med selv.<\/span><\/p>\n<p class=\"p1\"><span class=\"s1\">Frist for p\u00e5melding er 20. Juni<\/span><\/p>\n<p class=\"p1\"><span class=\"s1\">Siden dette er utend\u00f8rs kan det hende vi m\u00e5 flytte litt p\u00e5 datoen med hensyn til v\u00e6ret. <a href=\"http:\/\/goo.gl\/forms\/lfZM9jYkOmjUFzVg1\" target=\"_blank\" rel=\"noopener\">Registrer her<\/a> om du har lyst til \u00e5 komme, og bli med p\u00e5 <a href=\"https:\/\/www.facebook.com\/events\/994363113992383\/\" target=\"_blank\" rel=\"noopener\">facebook-eventen v\u00e5r her<\/a>\u00a0for \u00e5 holde deg oppdatert p\u00e5 all info.<\/span><\/p>\n<p class=\"p1\"><span class=\"s1\">\u00a0<\/span><\/p>\n<p class=\"p1\"><span class=\"s1\">Om du har noen sp\u00f8rsm\u00e5l ang\u00e5ende grillfesten vennligst send en mail til <a href=\"mailto:arcticdoc@uit.no\"><span class=\"s2\"><b>arcticdoc@uit.no<\/b><\/span><\/a><\/span><span class=\"s3\"><b>.<\/b><\/span><\/p>\n<p class=\"p2\" style=\"text-align: center;\"><span class=\"s1\"><b>&#8212;&#8212;&#8212;&#8212;<b>&#8212;&#8212;&#8212;&#8212;<\/b><b>&#8212;&#8212;&#8212;&#8212;<\/b><b>&#8212;&#8212;&#8212;&#8212;<\/b><b>&#8212;&#8212;&#8212;&#8212;<\/b><b>&#8212;&#8212;&#8212;&#8212;<\/b><b>&#8212;&#8212;&#8212;&#8212;<\/b>\u00a0<\/b><\/span><\/p>\n<p class=\"p2\">Dear Phd colleagues and post docs,<\/p>\n<p class=\"p2\"><span class=\"s1\">\u00a0<\/span><\/p>\n<p class=\"p2\"><span class=\"s1\">Summer is almost here, but before you all leave for holidays TODOS would like to invite all PhD candidates to <\/span><span class=\"s4\">the last event of the semester,<\/span><span class=\"s1\">\u00a0the TODOS<\/span><span class=\"s5\">\u00a0barbecue!<\/span><\/p>\n<p class=\"p2\"><span class=\"s1\">\u00a0<\/span><\/p>\n<p class=\"p2\"><span class=\"s1\">It\u2019s time to relax a little bit before summer arrives and the university will\u00a0be officially empty for some weeks. So lets meet on Thursday, June 23<\/span><span class=\"s6\"><sup>rd<\/sup><\/span><span class=\"s1\"> from 14:00, behind the BFE faculty. TODOS will provide hot dogs, burgers, salad and some other things. If you want something special feel free to bring it with you, there will be plenty of place in the grill. Water will be available, but any other kind of drinks are on you!<\/span><\/p>\n<p class=\"p2\"><span class=\"s1\">\u00a0<\/span><\/p>\n<p class=\"p2\"><span class=\"s1\">Since it will be an outdoor event, date could change depending of the weather forecast so stay tuned to possible changes. <a href=\"http:\/\/goo.gl\/forms\/lfZM9jYkOmjUFzVg1\" target=\"_blank\" rel=\"noopener\">Register here<\/a>\u00a0if you want to attend and <a href=\"https:\/\/www.facebook.com\/events\/994363113992383\/\" target=\"_blank\" rel=\"noopener\">join our facebook event here<\/a>\u00a0to get all the new information.<\/span><\/p>\n<p class=\"p2\"><span class=\"s1\">Deadline for registration June 20.<\/span><\/p>\n<p class=\"p2\"><span class=\"s1\">If you have any questions related to this event please contact us sending an e-mail to\u00a0<a href=\"mailto:sut-styre@list.uit.no\"><span class=\"s2\"><b>todos@uit.no<\/b><\/span><\/a><\/span><\/p>\n<p class=\"p2\"><img decoding=\"async\" class=\"aligncenter wp-image-1116 size-full\" src=\"https:\/\/site.uit.no\/wp-content\/uploads\/sites\/535\/2016\/06\/map.png\" alt=\"map\" width=\"840\" height=\"534\" \/><\/p>\n","protected":false},"excerpt":{"rendered":"<p>AVLYST Grunnet d\u00e5rlige v\u00e6rmeldinger for I morgen m\u00e5 vi dessverre avlyse BBQ I morgen. CANCELLED Due to bad weather reports we have decided to cancel the BBQ tomorrow. English bellow! Kj\u00e6re Phd-kollegaer og post docs, \u00a0 N\u00e5 er sommeren snart her, men f\u00f8r alle drar p\u00e5 ferie vil TODOS gjerne invitere dere til grillfest! \u00a0 [&hellip;]<\/p>\n","protected":false},"author":123545,"featured_media":0,"comment_status":"closed","ping_status":"closed","sticky":false,"template":"","format":"standard","meta":{"jetpack_post_was_ever_published":false,"_jetpack_newsletter_access":"","_jetpack_dont_email_post_to_subs":false,"_jetpack_newsletter_tier_id":0,"_jetpack_memberships_contains_paywalled_content":false,"_jetpack_memberships_contains_paid_content":false,"footnotes":""},"categories":[2],"tags":[],"class_list":["post-1115","post","type-post","status-publish","format-standard","hentry","category-news"],"jetpack_featured_media_url":"","jetpack_shortlink":"https:\/\/wp.me\/sfM5Ac-1115","jetpack_sharing_enabled":true,"_links":{"self":[{"href":"https:\/\/site.uit.no\/arcticdoc\/wp-json\/wp\/v2\/posts\/1115","targetHints":{"allow":["GET"]}}],"collection":[{"href":"https:\/\/site.uit.no\/arcticdoc\/wp-json\/wp\/v2\/posts"}],"about":[{"href":"https:\/\/site.uit.no\/arcticdoc\/wp-json\/wp\/v2\/types\/post"}],"author":[{"embeddable":true,"href":"https:\/\/site.uit.no\/arcticdoc\/wp-json\/wp\/v2\/users\/123545"}],"replies":[{"embeddable":true,"href":"https:\/\/site.uit.no\/arcticdoc\/wp-json\/wp\/v2\/comments?post=1115"}],"version-history":[{"count":3,"href":"https:\/\/site.uit.no\/arcticdoc\/wp-json\/wp\/v2\/posts\/1115\/revisions"}],"predecessor-version":[{"id":3020,"href":"https:\/\/site.uit.no\/arcticdoc\/wp-json\/wp\/v2\/posts\/1115\/revisions\/3020"}],"wp:attachment":[{"href":"https:\/\/site.uit.no\/arcticdoc\/wp-json\/wp\/v2\/media?parent=1115"}],"wp:term":[{"taxonomy":"category","embeddable":true,"href":"https:\/\/site.uit.no\/arcticdoc\/wp-json\/wp\/v2\/categories?post=1115"},{"taxonomy":"post_tag","embeddable":true,"href":"https:\/\/site.uit.no\/arcticdoc\/wp-json\/wp\/v2\/tags?post=1115"}],"curies":[{"name":"wp","href":"https:\/\/api.w.org\/{rel}","templated":true}]}}