{"id":1542,"date":"2025-10-24T17:22:45","date_gmt":"2025-10-24T15:22:45","guid":{"rendered":"https:\/\/site.uit.no\/arcticyouth\/?p=1542"},"modified":"2025-12-01T14:30:34","modified_gmt":"2025-12-01T13:30:34","slug":"foredrag-av-rita-sorly-vitenskapsteoretiske-tradisjoner-innenfor-samarbeidsbasert-forskning","status":"publish","type":"post","link":"https:\/\/site.uit.no\/arcticyouth\/foredrag-av-rita-sorly-vitenskapsteoretiske-tradisjoner-innenfor-samarbeidsbasert-forskning\/","title":{"rendered":"Forelesning av Rita S\u00f8rly: &laquo;Vitenskapsteoretiske tradisjoner innenfor samarbeidsbasert forskning&raquo;"},"content":{"rendered":"<p>[et_pb_section fb_built=&raquo;1&#8243; admin_label=&raquo;Section&raquo; _builder_version=&raquo;4.27.4&#8243; _module_preset=&raquo;default&raquo; background_enable_image=&raquo;off&raquo; parallax=&raquo;on&raquo; custom_padding=&raquo;4px|||||&raquo; global_colors_info=&raquo;{}&raquo; theme_builder_area=&raquo;post_content&raquo;][et_pb_row admin_label=&raquo;Row&raquo; _builder_version=&raquo;4.27.4&#8243; _module_preset=&raquo;default&raquo; global_colors_info=&raquo;{}&raquo; theme_builder_area=&raquo;post_content&raquo;][et_pb_column type=&raquo;4_4&#8243; admin_label=&raquo;Column&raquo; _builder_version=&raquo;4.27.4&#8243; _module_preset=&raquo;default&raquo; global_colors_info=&raquo;{}&raquo; theme_builder_area=&raquo;post_content&raquo;][et_pb_text _builder_version=&raquo;4.27.4&#8243; _module_preset=&raquo;default&raquo; text_line_height=&raquo;1.9em&raquo; custom_padding=&raquo;||0px|||&raquo; global_colors_info=&raquo;{}&raquo; theme_builder_area=&raquo;post_content&raquo;]<\/p>\n<p style=\"text-align: justify\">Basert p\u00e5 Rita S\u00f8rlys <a href=\"https:\/\/site.uit.no\/arcticyouth\/arctic-youth-frokostforelesning-1\/\">frokostforelesning<\/a> gir denne opptaket en introduksjon til \u00abVitenskapsteoretiske tradisjoner innenfor samarbeidsbasert forskning\u00bb, delt i to deler.<\/p>\n<p>[\/et_pb_text][\/et_pb_column][\/et_pb_row][et_pb_row column_structure=&raquo;1_2,1_2&#8243; admin_label=&raquo;Row&raquo; _builder_version=&raquo;4.27.4&#8243; _module_preset=&raquo;default&raquo; module_alignment=&raquo;center&raquo; global_colors_info=&raquo;{}&raquo; theme_builder_area=&raquo;post_content&raquo;][et_pb_column type=&raquo;1_2&#8243; admin_label=&raquo;Column&raquo; _builder_version=&raquo;4.27.4&#8243; _module_preset=&raquo;default&raquo; global_colors_info=&raquo;{}&raquo; theme_builder_area=&raquo;post_content&raquo;][et_pb_text _builder_version=&raquo;4.27.4&#8243; _module_preset=&raquo;default&raquo; text_font=&raquo;&#8211;et_global_heading_font|700||on|||||&raquo; text_text_color=&raquo;#2765B0&#8243; text_font_size=&raquo;20px&raquo; text_letter_spacing=&raquo;2px&raquo; text_orientation=&raquo;center&raquo; link_option_url=&raquo;https:\/\/uit.cloud.panopto.eu\/Panopto\/Pages\/Viewer.aspx?id=83471e6e-2f0b-4ac5-9c6a-b2dd007950a9&#8243; link_option_url_new_window=&raquo;on&raquo; global_colors_info=&raquo;{}&raquo; theme_builder_area=&raquo;post_content&raquo;]<\/p>\n<p>Se del 1 her<\/p>\n<p>[\/et_pb_text][et_pb_icon font_icon=&raquo;&#xf144;||fa||900&#8243; icon_color=&raquo;#2765B0&#8243; icon_width=&raquo;105px&raquo; url=&raquo;https:\/\/uit.cloud.panopto.eu\/Panopto\/Pages\/Viewer.aspx?id=a763b577-c4e4-4cb6-87bb-b37e00b837ea&amp;start=299.054664&#8243; url_new_window=&raquo;on&raquo; _builder_version=&raquo;4.27.4&#8243; _module_preset=&raquo;default&raquo; global_colors_info=&raquo;{}&raquo; theme_builder_area=&raquo;post_content&raquo;][\/et_pb_icon][\/et_pb_column][et_pb_column type=&raquo;1_2&#8243; admin_label=&raquo;Column&raquo; _builder_version=&raquo;4.27.4&#8243; _module_preset=&raquo;default&raquo; global_colors_info=&raquo;{}&raquo; theme_builder_area=&raquo;post_content&raquo;][et_pb_text _builder_version=&raquo;4.27.4&#8243; _module_preset=&raquo;default&raquo; text_font=&raquo;&#8211;et_global_heading_font|700||on|||||&raquo; text_text_color=&raquo;#F78D20&#8243; text_font_size=&raquo;20px&raquo; text_letter_spacing=&raquo;2px&raquo; text_orientation=&raquo;center&raquo; min_height=&raquo;20.8px&raquo; link_option_url=&raquo;https:\/\/uit.cloud.panopto.eu\/Panopto\/Pages\/Viewer.aspx?id=05a174dd-b4a4-401c-81c1-b2e300833d61&#8243; link_option_url_new_window=&raquo;on&raquo; global_colors_info=&raquo;{}&raquo; theme_builder_area=&raquo;post_content&raquo;]<\/p>\n<p>Se del 2 her<\/p>\n<p>[\/et_pb_text][et_pb_icon font_icon=&raquo;&#xf144;||fa||900&#8243; icon_color=&raquo;#F78D20&#8243; icon_width=&raquo;105px&raquo; url=&raquo;https:\/\/uit.cloud.panopto.eu\/Panopto\/Pages\/Viewer.aspx?id=85171921-22f6-44dc-829f-b37e00dee5c4&#8243; url_new_window=&raquo;on&raquo; _builder_version=&raquo;4.27.4&#8243; _module_preset=&raquo;default&raquo; global_colors_info=&raquo;{}&raquo; theme_builder_area=&raquo;post_content&raquo;][\/et_pb_icon][\/et_pb_column][\/et_pb_row][et_pb_row _builder_version=&raquo;4.27.4&#8243; _module_preset=&raquo;default&raquo; global_colors_info=&raquo;{}&raquo; theme_builder_area=&raquo;post_content&raquo;][et_pb_column type=&raquo;4_4&#8243; _builder_version=&raquo;4.27.4&#8243; _module_preset=&raquo;default&raquo; global_colors_info=&raquo;{}&raquo; theme_builder_area=&raquo;post_content&raquo;][et_pb_text _builder_version=&raquo;4.27.4&#8243; _module_preset=&raquo;default&raquo; text_line_height=&raquo;1.9em&raquo; global_colors_info=&raquo;{}&raquo; theme_builder_area=&raquo;post_content&raquo;]<\/p>\n<p style=\"text-align: center\"><strong>Referanser<\/strong><\/p>\n<p data-ccp-props=\"{&quot;335551550&quot;:1,&quot;335551620&quot;:1,&quot;335559683&quot;:0,&quot;335559685&quot;:0,&quot;335559731&quot;:0,&quot;335559737&quot;:0,&quot;335562764&quot;:2,&quot;335562765&quot;:1.1,&quot;335562766&quot;:4,&quot;335562767&quot;:10,&quot;335562768&quot;:4,&quot;335562769&quot;:0}\"><span data-usefontface=\"false\" data-contrast=\"none\">Borg, M., Karlsson, B., Kim, H. S., &amp; McCormack, B. (2012). <\/span><span data-usefontface=\"false\" data-contrast=\"none\">Opening up<\/span><span data-usefontface=\"false\" data-contrast=\"none\"> for Many Voices in Knowledge Construction\u00a0[37 paragraphs].\u00a0<\/span><i><span data-usefontface=\"false\" data-contrast=\"none\">Forum Qualitative <\/span><\/i><i><span data-usefontface=\"false\" data-contrast=\"none\">Sozialforschung<\/span><\/i><i><span data-usefontface=\"false\" data-contrast=\"none\"> \/ Forum: Qualitative Social Research, 13<\/span><\/i><span data-usefontface=\"false\" data-contrast=\"none\">(1).\u00a0<\/span><a href=\"http:\/\/nbn-resolving.de\/urn:nbn:de:0114-fqs120117\" data-hyperlinktype=\"0\"><span data-scheme-color=\"@2A688D,,\" data-usefontface=\"false\" data-contrast=\"none\">http:\/\/nbn-<\/span><\/a><a href=\"http:\/\/nbn-resolving.de\/urn:nbn:de:0114-fqs120117\" data-hyperlinktype=\"0\"><span data-scheme-color=\"@2A688D,,\" data-usefontface=\"false\" data-contrast=\"none\">resolving.de\/urn:nbn:de:0114-fqs120117<\/span><\/a><span data-usefontface=\"false\" data-contrast=\"none\">.<\/span><span>\u200b<\/span><\/p>\n<p data-ccp-props=\"{&quot;335551550&quot;:1,&quot;335551620&quot;:1,&quot;335559683&quot;:0,&quot;335559685&quot;:0,&quot;335559731&quot;:0,&quot;335559737&quot;:0,&quot;335562764&quot;:2,&quot;335562765&quot;:1.1,&quot;335562766&quot;:4,&quot;335562767&quot;:10,&quot;335562768&quot;:4,&quot;335562769&quot;:0}\"><span data-usefontface=\"false\" data-contrast=\"none\">Engebretsen, E. (2006) Barnevernet som tekst. <\/span><span data-usefontface=\"false\" data-contrast=\"none\">PhD<\/span><span data-usefontface=\"false\" data-contrast=\"none\"> avhandling, Det humanistiske fakultet, <\/span><span data-usefontface=\"false\" data-contrast=\"none\">Univ.i<\/span><span data-usefontface=\"false\" data-contrast=\"none\"> Oslo<\/span><span>\u200b<\/span><\/p>\n<p data-ccp-props=\"{&quot;335551550&quot;:1,&quot;335551620&quot;:1,&quot;335559683&quot;:0,&quot;335559685&quot;:0,&quot;335559731&quot;:0,&quot;335559737&quot;:0,&quot;335562764&quot;:2,&quot;335562765&quot;:1.1,&quot;335562766&quot;:4,&quot;335562767&quot;:10,&quot;335562768&quot;:4,&quot;335562769&quot;:0}\"><span data-usefontface=\"false\" data-contrast=\"none\">Ghaye<\/span><span data-usefontface=\"false\" data-contrast=\"none\">, G., <\/span><span data-usefontface=\"false\" data-contrast=\"none\">Levoose<\/span><span data-usefontface=\"false\" data-contrast=\"none\">, R. B., Nyiriza, R. J., Tembo, J. S., <\/span><span data-usefontface=\"false\" data-contrast=\"none\">Salewa<\/span><span data-usefontface=\"false\" data-contrast=\"none\">, P. D., &amp; <\/span><span data-usefontface=\"false\" data-contrast=\"none\">Buhuba<\/span><span data-usefontface=\"false\" data-contrast=\"none\">, A. (2024). The Character and Benefits of Youth-Guided Wellness Caf\u00e9s in Promoting Mental Health.\u00a0<\/span><i><span data-usefontface=\"false\" data-contrast=\"none\">Tidsskrift<\/span><\/i><i><span data-usefontface=\"false\" data-contrast=\"none\"> for <\/span><\/i><i><span data-usefontface=\"false\" data-contrast=\"none\">Psykisk<\/span><\/i> <i><span data-usefontface=\"false\" data-contrast=\"none\">Helsearbeid<\/span><\/i><i><span data-usefontface=\"false\" data-contrast=\"none\">, 21<\/span><\/i><span data-usefontface=\"false\" data-contrast=\"none\">(4), 369-380.<\/span><span>\u200b<\/span><\/p>\n<p data-ccp-props=\"{&quot;335551550&quot;:1,&quot;335551620&quot;:1,&quot;335559683&quot;:0,&quot;335559685&quot;:0,&quot;335559731&quot;:0,&quot;335559737&quot;:0,&quot;335562764&quot;:2,&quot;335562765&quot;:1.1,&quot;335562766&quot;:4,&quot;335562767&quot;:10,&quot;335562768&quot;:4,&quot;335562769&quot;:0}\"><span data-usefontface=\"false\" data-contrast=\"none\">Ghaye<\/span><span data-usefontface=\"false\" data-contrast=\"none\">, T., Melander\u2010Wikman, A., <\/span><span data-usefontface=\"false\" data-contrast=\"none\">Kisare<\/span><span data-usefontface=\"false\" data-contrast=\"none\">, M., Chambers, P., Bergmark, U., <\/span><span data-usefontface=\"false\" data-contrast=\"none\">Kostenius<\/span><span data-usefontface=\"false\" data-contrast=\"none\">, C., &amp; <\/span><span data-usefontface=\"false\" data-contrast=\"none\">Lillyman<\/span><span data-usefontface=\"false\" data-contrast=\"none\">, S. (2008). Participatory and appreciative action and reflection (PAAR)\u2013democratizing reflective practices.\u00a0<\/span><i><span data-usefontface=\"false\" data-contrast=\"none\">Reflective Practice, 9<\/span><\/i><span data-usefontface=\"false\" data-contrast=\"none\">(4), 361-<\/span><span data-usefontface=\"false\" data-contrast=\"none\">397.<\/span><span>\u200b<\/span><\/p>\n<p data-ccp-props=\"{&quot;335551550&quot;:1,&quot;335551620&quot;:1,&quot;335559683&quot;:0,&quot;335559685&quot;:0,&quot;335559731&quot;:0,&quot;335559737&quot;:0,&quot;335562764&quot;:2,&quot;335562765&quot;:1.1,&quot;335562766&quot;:4,&quot;335562767&quot;:10,&quot;335562768&quot;:4,&quot;335562769&quot;:0}\"><span data-usefontface=\"false\" data-contrast=\"none\">Heimburg, <\/span><span data-usefontface=\"false\" data-contrast=\"none\">Dv<\/span><span data-usefontface=\"false\" data-contrast=\"none\">., Lang\u00e5s, S. V., &amp; <\/span><span data-usefontface=\"false\" data-contrast=\"none\">Ytterhus<\/span><span data-usefontface=\"false\" data-contrast=\"none\">, B. (2021). Feeling Valued and Adding Value: A Participatory Action Research Project on Co-creating Practices of Social Inclusion in Kindergartens and Communities.\u00a0<\/span><i><span data-usefontface=\"false\" data-contrast=\"none\">Front. Public Health, 9<\/span><\/i><span data-usefontface=\"false\" data-contrast=\"none\">, 604796. <\/span><span data-usefontface=\"false\" data-contrast=\"none\">doi<\/span><span data-usefontface=\"false\" data-contrast=\"none\">: 10.3389\/fpubh.2021.604796.<\/span><span>\u200b<\/span><\/p>\n<p data-ccp-props=\"{&quot;335551550&quot;:1,&quot;335551620&quot;:1,&quot;335559683&quot;:0,&quot;335559685&quot;:0,&quot;335559731&quot;:0,&quot;335559737&quot;:0,&quot;335562764&quot;:2,&quot;335562765&quot;:1.1,&quot;335562766&quot;:4,&quot;335562767&quot;:10,&quot;335562768&quot;:4,&quot;335562769&quot;:0}\"><span data-usefontface=\"false\" data-contrast=\"none\">Henriksen, J. E., &amp; <\/span><span data-usefontface=\"false\" data-contrast=\"none\">Hydle<\/span><span data-usefontface=\"false\" data-contrast=\"none\">, I. (2016). Participatory handling of conflicts in S\u00e1mi areas.\u00a0<\/span><i><span data-usefontface=\"false\" data-contrast=\"none\">International Social Work, 59<\/span><\/i><span data-usefontface=\"false\" data-contrast=\"none\">(5), 627-639.\u00a0<\/span><a href=\"https:\/\/doi.org\/10.1177\/0020872816650731\" data-hyperlinktype=\"0\"><span data-scheme-color=\"@2A688D,,\" data-usefontface=\"false\" data-contrast=\"none\">https:\/\/doi.org\/10.1177\/0020872816650731<\/span><\/a><span data-usefontface=\"false\" data-contrast=\"none\">.<\/span><span>\u200b<\/span><\/p>\n<p data-ccp-props=\"{&quot;335551550&quot;:1,&quot;335551620&quot;:1,&quot;335559683&quot;:0,&quot;335559685&quot;:0,&quot;335559731&quot;:0,&quot;335559737&quot;:0,&quot;335562764&quot;:2,&quot;335562765&quot;:1.1,&quot;335562766&quot;:4,&quot;335562767&quot;:10,&quot;335562768&quot;:4,&quot;335562769&quot;:0}\"><span data-usefontface=\"false\" data-contrast=\"none\">Henriksen, J. E., &amp; <\/span><span data-usefontface=\"false\" data-contrast=\"none\">Hydle<\/span><span data-usefontface=\"false\" data-contrast=\"none\">, I. M. (2024). Samisk kommunikasjon og konflikth\u00e5ndtering. Fagbokforlaget.<\/span><span>\u200b<\/span><\/p>\n<p data-ccp-props=\"{&quot;335551550&quot;:1,&quot;335551620&quot;:1,&quot;335559683&quot;:0,&quot;335559685&quot;:0,&quot;335559731&quot;:0,&quot;335559737&quot;:0,&quot;335562764&quot;:2,&quot;335562765&quot;:1.1,&quot;335562766&quot;:4,&quot;335562767&quot;:10,&quot;335562768&quot;:4,&quot;335562769&quot;:0}\"><span data-usefontface=\"false\" data-contrast=\"none\">Jensen, I. B., &amp; <\/span><span data-usefontface=\"false\" data-contrast=\"none\">Dikilitas<\/span><span data-usefontface=\"false\" data-contrast=\"none\">, K. (2025). A scoping review of action research in higher education: implications for research-based teaching.\u00a0<\/span><i><span data-usefontface=\"false\" data-contrast=\"none\">Teaching in Higher Education, 30<\/span><\/i><span data-usefontface=\"false\" data-contrast=\"none\">(1), 84-101.<\/span><span>\u200b<\/span><\/p>\n<p data-ccp-props=\"{&quot;335551550&quot;:1,&quot;335551620&quot;:1,&quot;335559683&quot;:0,&quot;335559685&quot;:0,&quot;335559731&quot;:0,&quot;335559737&quot;:0,&quot;335562764&quot;:2,&quot;335562765&quot;:1.1,&quot;335562766&quot;:4,&quot;335562767&quot;:10,&quot;335562768&quot;:4,&quot;335562769&quot;:0}\"><span data-usefontface=\"false\" data-contrast=\"none\">Langeland, F., Eggeb\u00f8, H., Anderssen, N., &amp; Stubberud, E. (2021). Interkj\u00f8nn og variasjon i kroppslig kj\u00f8nnsutvikling-Refleksjoner om identitet, politikk og helsetilbud. Nordlandsforskning rapport nr.: 5\/2021<\/span><span>\u200b<\/span><\/p>\n<p data-ccp-props=\"{&quot;335551550&quot;:1,&quot;335551620&quot;:1,&quot;335559683&quot;:0,&quot;335559685&quot;:0,&quot;335559731&quot;:0,&quot;335559737&quot;:0,&quot;335562764&quot;:2,&quot;335562765&quot;:1.1,&quot;335562766&quot;:4,&quot;335562767&quot;:10,&quot;335562768&quot;:4,&quot;335562769&quot;:0}\"><span data-usefontface=\"false\" data-contrast=\"none\">Luki\u0107, D. (2025). Feminist <\/span><span data-usefontface=\"false\" data-contrast=\"none\">posthumanist<\/span><span data-usefontface=\"false\" data-contrast=\"none\"> engagements with Alzheimer\u2019s disease and other dementias in popular expressions and co-creative arts sessions.\u00a0<\/span><i><span data-usefontface=\"false\" data-contrast=\"none\">PhD Thesis, <\/span><\/i><i><span data-usefontface=\"false\" data-contrast=\"none\">UiT<\/span><\/i><i><span data-usefontface=\"false\" data-contrast=\"none\"> The Arctic University of Norway<\/span><\/i><span data-usefontface=\"false\" data-contrast=\"none\">.<\/span><span>\u200b<\/span><\/p>\n<p data-ccp-props=\"{&quot;335551550&quot;:1,&quot;335551620&quot;:1,&quot;335559683&quot;:0,&quot;335559685&quot;:0,&quot;335559731&quot;:0,&quot;335559737&quot;:0,&quot;335562764&quot;:2,&quot;335562765&quot;:1.1,&quot;335562766&quot;:4,&quot;335562767&quot;:10,&quot;335562768&quot;:4,&quot;335562769&quot;:0}\"><span data-usefontface=\"false\" data-contrast=\"none\">M\u00f8llersen<\/span><span data-usefontface=\"false\" data-contrast=\"none\">, S., &amp; <\/span><span data-usefontface=\"false\" data-contrast=\"none\">Haan\u00e6s-Rensberg<\/span><span data-usefontface=\"false\" data-contrast=\"none\">, T. (2023). Establishing Trustful Relationships between Marginalized Indigenous People and Researchers\/Health Workers.\u00a0<\/span><i><span data-usefontface=\"false\" data-contrast=\"none\">Northern and Indigenous Health and Healthcare<\/span><\/i><span data-usefontface=\"false\" data-contrast=\"none\">\u00a0(p.297\u2013305).<\/span><span>\u200b<\/span><\/p>\n<p data-ccp-props=\"{&quot;335551550&quot;:1,&quot;335551620&quot;:1,&quot;335559683&quot;:0,&quot;335559685&quot;:0,&quot;335559731&quot;:0,&quot;335559737&quot;:0,&quot;335562764&quot;:2,&quot;335562765&quot;:1.1,&quot;335562766&quot;:4,&quot;335562767&quot;:10,&quot;335562768&quot;:4,&quot;335562769&quot;:0}\"><span data-usefontface=\"false\" data-contrast=\"none\">M\u00f8llersen<\/span><span data-usefontface=\"false\" data-contrast=\"none\">, S. (2018). Reindriftas hverdag. En unders\u00f8kelse av faktorer som kan p\u00e5virke psykisk helse til samiske reindriftsut\u00f8vere i Norge. <\/span><a href=\"https:\/\/forskningsprosjekter.ihelse.net\/prosjekt\/PFP1115-13\" data-hyperlinktype=\"0\"><span data-usefontface=\"false\" data-contrast=\"none\">https:\/\/forskningsprosjekter.ihelse.net\/prosjekt\/PFP1115-13<\/span><\/a><span>\u200b<\/span><\/p>\n<p data-ccp-props=\"{&quot;335551550&quot;:1,&quot;335551620&quot;:1,&quot;335559683&quot;:0,&quot;335559685&quot;:0,&quot;335559731&quot;:0,&quot;335559737&quot;:0,&quot;335562764&quot;:2,&quot;335562765&quot;:1.1,&quot;335562766&quot;:4,&quot;335562767&quot;:10,&quot;335562768&quot;:4,&quot;335562769&quot;:0}\"><span data-usefontface=\"false\" data-contrast=\"none\">Ottar Ness og Dina von <\/span><span data-usefontface=\"false\" data-contrast=\"none\">Heimburg<\/span><span data-usefontface=\"false\" data-contrast=\"none\"> (2021) (red). Aksjonsforskning. Samskapt forskning som endrer liv og samfunn. Fagbokforlaget<\/span><span>\u200b<\/span><\/p>\n<p data-ccp-props=\"{&quot;335551550&quot;:1,&quot;335551620&quot;:1,&quot;335559683&quot;:0,&quot;335559685&quot;:0,&quot;335559731&quot;:0,&quot;335559737&quot;:0,&quot;335562764&quot;:2,&quot;335562765&quot;:1.1,&quot;335562766&quot;:4,&quot;335562767&quot;:10,&quot;335562768&quot;:4,&quot;335562769&quot;:0}\"><span data-usefontface=\"false\" data-contrast=\"none\">Otterlei, M. T., &amp; Engebretsen, E. (2022). Parents at war: A positioning analysis of how parents negotiate their loss after experiencing child removal by the state.\u00a0<\/span><i><span data-usefontface=\"false\" data-contrast=\"none\">Qualitative Social Work<\/span><\/i><span data-usefontface=\"false\" data-contrast=\"none\">,\u00a0<\/span><i><span data-usefontface=\"false\" data-contrast=\"none\">21<\/span><\/i><span data-usefontface=\"false\" data-contrast=\"none\">(4), 765-782.<\/span><span>\u200b<\/span><\/p>\n<p data-ccp-props=\"{&quot;335551550&quot;:1,&quot;335551620&quot;:1,&quot;335559683&quot;:0,&quot;335559685&quot;:0,&quot;335559731&quot;:0,&quot;335559737&quot;:0,&quot;335562764&quot;:2,&quot;335562765&quot;:1.1,&quot;335562766&quot;:4,&quot;335562767&quot;:10,&quot;335562768&quot;:4,&quot;335562769&quot;:0}\"><span data-usefontface=\"false\" data-contrast=\"none\">Vaughn, L. M. (2025). Group level assessment methodology as a liberating structure within qualitative and participatory research. Qualitative Health Research, 35(8), 827-836. <\/span><span>\u200b<\/span><\/p>\n<p data-ccp-props=\"{&quot;335551550&quot;:1,&quot;335551620&quot;:1,&quot;335559683&quot;:0,&quot;335559685&quot;:0,&quot;335559731&quot;:0,&quot;335559737&quot;:0,&quot;335562764&quot;:2,&quot;335562765&quot;:1.1,&quot;335562766&quot;:4,&quot;335562767&quot;:10,&quot;335562768&quot;:4,&quot;335562769&quot;:0}\"><span data-usefontface=\"false\" data-contrast=\"none\">Westerback, F., <\/span><span data-usefontface=\"false\" data-contrast=\"none\">Murtonen<\/span><span data-usefontface=\"false\" data-contrast=\"none\">, E., Metz, J., &amp; Julkunen, I. (2020). Co-creation in research with young people. In\u00a0<\/span><i><span data-usefontface=\"false\" data-contrast=\"none\">The Routledge handbook of social work practice research<\/span><\/i><span data-usefontface=\"false\" data-contrast=\"none\">\u00a0(pp. 382-395). Routledge.<\/span><\/p>\n<p>[\/et_pb_text][\/et_pb_column][\/et_pb_row][\/et_pb_section]<\/p>\n","protected":false},"excerpt":{"rendered":"<p>Rita S\u00f8rly, leder av Arctic Youth, presenterer om &laquo;Vitenskapsteoretiske tradisjoner innenfor samarbeidsbasert forskning&raquo;.<\/p>\n","protected":false},"author":123682,"featured_media":1555,"comment_status":"closed","ping_status":"closed","sticky":false,"template":"","format":"standard","meta":{"_et_pb_use_builder":"on","_et_pb_old_content":"","_et_gb_content_width":"","footnotes":""},"categories":[1,79],"tags":[50,69,62,70],"class_list":["post-1542","post","type-post","status-publish","format-standard","has-post-thumbnail","hentry","category-foredrag","category-ressurser","tag-collaborative-research","tag-forelesning","tag-rita-sorly","tag-samarbeidsbasert-forskning"],"_links":{"self":[{"href":"https:\/\/site.uit.no\/arcticyouth\/wp-json\/wp\/v2\/posts\/1542","targetHints":{"allow":["GET"]}}],"collection":[{"href":"https:\/\/site.uit.no\/arcticyouth\/wp-json\/wp\/v2\/posts"}],"about":[{"href":"https:\/\/site.uit.no\/arcticyouth\/wp-json\/wp\/v2\/types\/post"}],"author":[{"embeddable":true,"href":"https:\/\/site.uit.no\/arcticyouth\/wp-json\/wp\/v2\/users\/123682"}],"replies":[{"embeddable":true,"href":"https:\/\/site.uit.no\/arcticyouth\/wp-json\/wp\/v2\/comments?post=1542"}],"version-history":[{"count":3,"href":"https:\/\/site.uit.no\/arcticyouth\/wp-json\/wp\/v2\/posts\/1542\/revisions"}],"predecessor-version":[{"id":1552,"href":"https:\/\/site.uit.no\/arcticyouth\/wp-json\/wp\/v2\/posts\/1542\/revisions\/1552"}],"wp:featuredmedia":[{"embeddable":true,"href":"https:\/\/site.uit.no\/arcticyouth\/wp-json\/wp\/v2\/media\/1555"}],"wp:attachment":[{"href":"https:\/\/site.uit.no\/arcticyouth\/wp-json\/wp\/v2\/media?parent=1542"}],"wp:term":[{"taxonomy":"category","embeddable":true,"href":"https:\/\/site.uit.no\/arcticyouth\/wp-json\/wp\/v2\/categories?post=1542"},{"taxonomy":"post_tag","embeddable":true,"href":"https:\/\/site.uit.no\/arcticyouth\/wp-json\/wp\/v2\/tags?post=1542"}],"curies":[{"name":"wp","href":"https:\/\/api.w.org\/{rel}","templated":true}]}}