{"id":1733,"date":"2026-02-20T10:58:24","date_gmt":"2026-02-20T09:58:24","guid":{"rendered":"https:\/\/site.uit.no\/arcticyouth\/?p=1733"},"modified":"2026-02-20T12:51:45","modified_gmt":"2026-02-20T11:51:45","slug":"1733-2","status":"publish","type":"post","link":"https:\/\/site.uit.no\/arcticyouth\/1733-2\/","title":{"rendered":"Arctic Youth har fylt ett \u00e5r!"},"content":{"rendered":"<p>[et_pb_section fb_built=&raquo;1&#8243; _builder_version=&raquo;4.27.4&#8243; _module_preset=&raquo;default&raquo; background_color=&raquo;RGBA(255,255,255,0)&raquo; global_colors_info=&raquo;{}&raquo; theme_builder_area=&raquo;post_content&raquo;][et_pb_row _builder_version=&raquo;4.27.5&#8243; _module_preset=&raquo;default&raquo; global_colors_info=&raquo;{}&raquo; theme_builder_area=&raquo;post_content&raquo;][et_pb_column type=&raquo;4_4&#8243; _builder_version=&raquo;4.27.5&#8243; _module_preset=&raquo;default&raquo; global_colors_info=&raquo;{}&raquo; theme_builder_area=&raquo;post_content&raquo;][et_pb_text _builder_version=&raquo;4.27.5&#8243; _module_preset=&raquo;default&raquo; global_colors_info=&raquo;{}&raquo; theme_builder_area=&raquo;post_content&raquo;]<\/p>\n<h1><strong>Gratulerer s\u00e5 mye med ett\u00e5rsjubileet, kj\u00e6re alle Arctic Youth-venner!<\/strong><\/h1>\n<p>\u00c5rsfesten for Arctic Youth markerte en viktig milep\u00e6l for forskningssenteret. I talen til \u00e5rsfesten \u00f8nsket leder Rita S\u00f8rly velkommen til en dag for feiring, refleksjon og fremtidsrettet inspirasjon. P\u00e5 bare ett \u00e5r har senteret etablert et robust, tverrfaglig milj\u00f8 ved UiT, med fokus p\u00e5 barn og unge i Arktis. Gjennom samarbeid med forskere, praktikere og organisasjoner \u2013 b\u00e5de lokalt, nordisk og internasjonalt \u2013 har senteret lagt grunnlaget for \u00e5 bli et solid og betydningsfullt milj\u00f8 innen samarbeidsbasert forskning med barn og unge.<\/p>\n<p>[\/et_pb_text][\/et_pb_column][\/et_pb_row][et_pb_row _builder_version=&raquo;4.27.5&#8243; _module_preset=&raquo;default&raquo; global_colors_info=&raquo;{}&raquo; theme_builder_area=&raquo;post_content&raquo;][et_pb_column type=&raquo;4_4&#8243; _builder_version=&raquo;4.27.5&#8243; _module_preset=&raquo;default&raquo; global_colors_info=&raquo;{}&raquo; theme_builder_area=&raquo;post_content&raquo;][et_pb_image src=&raquo;https:\/\/site.uit.no\/arcticyouth\/wp-content\/uploads\/sites\/525\/2026\/02\/PXL_20260218_122953313.jpg&raquo; title_text=&raquo;PXL_20260218_122953313&#8243; _builder_version=&raquo;4.27.5&#8243; _module_preset=&raquo;default&raquo; global_colors_info=&raquo;{}&raquo; theme_builder_area=&raquo;post_content&raquo;][\/et_pb_image][\/et_pb_column][\/et_pb_row][et_pb_row _builder_version=&raquo;4.27.5&#8243; _module_preset=&raquo;default&raquo; custom_margin=&raquo;-42px||-35px||false|false&raquo; global_colors_info=&raquo;{}&raquo; theme_builder_area=&raquo;post_content&raquo;][et_pb_column type=&raquo;4_4&#8243; _builder_version=&raquo;4.27.5&#8243; _module_preset=&raquo;default&raquo; global_colors_info=&raquo;{}&raquo; theme_builder_area=&raquo;post_content&raquo;][et_pb_text _builder_version=&raquo;4.27.5&#8243; _module_preset=&raquo;default&raquo; hover_enabled=&raquo;0&#8243; global_colors_info=&raquo;{}&raquo; theme_builder_area=&raquo;post_content&raquo; sticky_enabled=&raquo;0&#8243;]<\/p>\n<p><em>P\u00e5 bildet: F<span data-olk-copy-source=\"MessageBody\">orskerne fra Arctic Youth sammen med Redd Barna<\/span>. Fotograf: <span data-olk-copy-source=\"MessageBody\">Falk Douglas.<\/span><\/em><\/p>\n<p>[\/et_pb_text][\/et_pb_column][\/et_pb_row][et_pb_row _builder_version=&raquo;4.27.5&#8243; _module_preset=&raquo;default&raquo; global_colors_info=&raquo;{}&raquo; theme_builder_area=&raquo;post_content&raquo;][et_pb_column type=&raquo;4_4&#8243; _builder_version=&raquo;4.27.5&#8243; _module_preset=&raquo;default&raquo; global_colors_info=&raquo;{}&raquo; theme_builder_area=&raquo;post_content&raquo;][et_pb_text _builder_version=&raquo;4.27.5&#8243; _module_preset=&raquo;default&raquo; global_colors_info=&raquo;{}&raquo; theme_builder_area=&raquo;post_content&raquo;]<\/p>\n<p>Som en del av programmet p\u00e5 \u00e5rsfesten, som ble avholdt 18. februar 2026, gjennomf\u00f8rte <strong>Redd Barna<\/strong>, ved <strong>Tone Rasmussen<\/strong> og <strong>Frederick Reiersen<\/strong>, en workshop med fokus p\u00e5 barn og unges medvirkning i forskning. Workshopen tok sikte p\u00e5 \u00e5 gi deltakerne en praksisn\u00e6r og inspirerende innf\u00f8ring i hvordan barn og unge kan involveres som aktive deltakere i forskningsprosesser. Gjennom konkrete rammeverk og metoder, utviklet av Redd Barna, ble det lagt vekt p\u00e5 hvordan man kan planlegge, gjennomf\u00f8re og evaluere medvirkning p\u00e5 en m\u00e5te som sikrer at barn og unge f\u00e5r en reell stemme og innflytelse. Workshopen var en viktig arena for \u00e5 fremme forst\u00e5else for hvordan medvirkning kan styrke b\u00e5de forskningsprosjekter og barn og unges rettigheter.<\/p>\n<p>[\/et_pb_text][\/et_pb_column][\/et_pb_row][et_pb_row _builder_version=&raquo;4.27.5&#8243; _module_preset=&raquo;default&raquo; custom_margin=&raquo;||-24px||false|false&raquo; global_colors_info=&raquo;{}&raquo; theme_builder_area=&raquo;post_content&raquo;][et_pb_column type=&raquo;4_4&#8243; _builder_version=&raquo;4.27.5&#8243; _module_preset=&raquo;default&raquo; global_colors_info=&raquo;{}&raquo; theme_builder_area=&raquo;post_content&raquo;][et_pb_text _builder_version=&raquo;4.27.5&#8243; _module_preset=&raquo;default&raquo; global_colors_info=&raquo;{}&raquo; theme_builder_area=&raquo;post_content&raquo;]<\/p>\n<h3>Barn og unges medvirkning er en kjerneverdi for Arctic Youth<\/h3>\n<p>Senteret anerkjenner at barn og unge ikke bare er fremtidens ledere, men ogs\u00e5 viktige akt\u00f8rer i n\u00e5tiden. Deres perspektiver, erfaringer og stemmer er avgj\u00f8rende for \u00e5 skape forskning som er relevant, inkluderende og b\u00e6rekraftig. Derfor har senteret forpliktet seg til \u00e5 implementere medvirkning og samarbeid som en ramme for sitt arbeid med barn og unge.<\/p>\n<p>[\/et_pb_text][\/et_pb_column][\/et_pb_row][et_pb_row column_structure=&raquo;1_3,2_3&#8243; _builder_version=&raquo;4.27.5&#8243; _module_preset=&raquo;default&raquo; custom_margin=&raquo;||-12px||false|false&raquo; custom_padding=&raquo;||0px||false|false&raquo; global_colors_info=&raquo;{}&raquo; theme_builder_area=&raquo;post_content&raquo;][et_pb_column type=&raquo;1_3&#8243; _builder_version=&raquo;4.27.5&#8243; _module_preset=&raquo;default&raquo; global_colors_info=&raquo;{}&raquo; theme_builder_area=&raquo;post_content&raquo;][et_pb_text _builder_version=&raquo;4.27.5&#8243; _module_preset=&raquo;default&raquo; global_colors_info=&raquo;{}&raquo; theme_builder_area=&raquo;post_content&raquo;]<\/p>\n<p>For \u00e5 lykkes med dette har senteret satt seg som m\u00e5l \u00e5 \u00f8ke medvirkningskompetansen blant forskere, etablere trygge arenaer for barn og unge, samarbeide med skoler og lokalsamfunn, og kontinuerlig evaluere og forbedre sine metoder. Gjennom dette arbeidet \u00f8nsker Arctic Youth \u00e5 sikre at barn og unges stemmer blir h\u00f8rt og tatt p\u00e5 alvor.\u00a0<\/p>\n<p><em>P\u00e5 bildet: Tone Rasmussen og Frederick Reiersen. Fotograf: Louis Waterman Quist<\/em><\/p>\n<p>[\/et_pb_text][\/et_pb_column][et_pb_column type=&raquo;2_3&#8243; _builder_version=&raquo;4.27.5&#8243; _module_preset=&raquo;default&raquo; global_colors_info=&raquo;{}&raquo; theme_builder_area=&raquo;post_content&raquo;][et_pb_image src=&raquo;https:\/\/site.uit.no\/arcticyouth\/wp-content\/uploads\/sites\/525\/2026\/02\/PXL_20260218_123222193-scaled.jpg&raquo; title_text=&raquo;PXL_20260218_123222193&#8243; align=&raquo;center&raquo; _builder_version=&raquo;4.27.5&#8243; _module_preset=&raquo;default&raquo; width=&raquo;100%&raquo; global_colors_info=&raquo;{}&raquo; theme_builder_area=&raquo;post_content&raquo;][\/et_pb_image][\/et_pb_column][\/et_pb_row][et_pb_row _builder_version=&raquo;4.27.5&#8243; _module_preset=&raquo;default&raquo; global_colors_info=&raquo;{}&raquo; theme_builder_area=&raquo;post_content&raquo;][et_pb_column type=&raquo;4_4&#8243; _builder_version=&raquo;4.27.5&#8243; _module_preset=&raquo;default&raquo; global_colors_info=&raquo;{}&raquo; theme_builder_area=&raquo;post_content&raquo;][et_pb_text _builder_version=&raquo;4.27.5&#8243; _module_preset=&raquo;default&raquo; global_colors_info=&raquo;{}&raquo; theme_builder_area=&raquo;post_content&raquo;]<\/p>\n<p>Workshopen med Redd Barna p\u00e5 \u00e5rsfesten var en viktig del av denne feiringen. Det ble lagt vekt p\u00e5 hvordan barn og unge kan medvirke p\u00e5 ulike niv\u00e5er i forskningsprosesser, fra \u00e5 bli h\u00f8rt til \u00e5 v\u00e6re aktive deltakere i beslutningsprosesser. Erfaringer fra ulike forskningsprosjekter ble delt, og viste hvordan ungdom kan delta som medforskere og bidra til \u00e5 samle inn og analysere data. Dette sikrer at deres erfaringer og kunnskap blir en integrert del av forskningsprosessen.<\/p>\n<p>Gjennom gruppearbeid i workshopen fikk UiT- forskerne som tilh\u00f8rer Arctic Youth mer innsikt i hvordan medvirkning kan implementeres i praksis. Dette ga en konkret og anvendelig forst\u00e5else av hvordan man kan jobbe mer med barn og unge p\u00e5 en m\u00e5te som er b\u00e5de inkluderende og rettighetsbasert.<\/p>\n<p>\u00c5rsfesten feiret ikke bare det f\u00f8rste \u00e5ret til Arctic Youth forskningssenter, men ogs\u00e5 fortsettelsen p\u00e5 en reise hvor forskerne p\u00e5 UiT, sammen med barn, unge og samarbeidspartnere kan skape forskning som virkelig gj\u00f8r en forskjell.<\/p>\n<p>[\/et_pb_text][\/et_pb_column][\/et_pb_row][et_pb_row _builder_version=&raquo;4.27.5&#8243; _module_preset=&raquo;default&raquo; global_colors_info=&raquo;{}&raquo; theme_builder_area=&raquo;post_content&raquo;][et_pb_column type=&raquo;4_4&#8243; _builder_version=&raquo;4.27.5&#8243; _module_preset=&raquo;default&raquo; global_colors_info=&raquo;{}&raquo; theme_builder_area=&raquo;post_content&raquo;][et_pb_image src=&raquo;https:\/\/site.uit.no\/arcticyouth\/wp-content\/uploads\/sites\/525\/2026\/02\/1-1.png&raquo; title_text=&raquo;1&#8243; _builder_version=&raquo;4.27.5&#8243; _module_preset=&raquo;default&raquo; global_colors_info=&raquo;{}&raquo; theme_builder_area=&raquo;post_content&raquo;][\/et_pb_image][\/et_pb_column][\/et_pb_row][et_pb_row _builder_version=&raquo;4.27.5&#8243; _module_preset=&raquo;default&raquo; global_colors_info=&raquo;{}&raquo; theme_builder_area=&raquo;post_content&raquo;][et_pb_column type=&raquo;4_4&#8243; _builder_version=&raquo;4.27.5&#8243; _module_preset=&raquo;default&raquo; global_colors_info=&raquo;{}&raquo; theme_builder_area=&raquo;post_content&raquo;][et_pb_image src=&raquo;https:\/\/site.uit.no\/arcticyouth\/wp-content\/uploads\/sites\/525\/2026\/02\/2-1.png&raquo; title_text=&raquo;2&#8243; _builder_version=&raquo;4.27.5&#8243; _module_preset=&raquo;default&raquo; global_colors_info=&raquo;{}&raquo; theme_builder_area=&raquo;post_content&raquo;][\/et_pb_image][\/et_pb_column][\/et_pb_row][\/et_pb_section]<\/p>\n","protected":false},"excerpt":{"rendered":"<p>Arctic Youth forskningssenter har fylt ett \u00e5r! For \u00e5 feire dette, samlet vi p\u00e5 18-19.02 senterets interne medlemmer til et spennende program med nettverksbygging, l\u00e6ring og samarbeid.<\/p>\n","protected":false},"author":123682,"featured_media":1737,"comment_status":"closed","ping_status":"closed","sticky":false,"template":"","format":"standard","meta":{"_et_pb_use_builder":"on","_et_pb_old_content":"","_et_gb_content_width":"","footnotes":""},"categories":[10,11,12,13,14,16],"tags":[60,62],"class_list":["post-1733","post","type-post","status-publish","format-standard","has-post-thumbnail","hentry","category-ap1","category-ap2","category-ap3","category-ap4","category-ap5","category-nyheter","tag-ay","tag-rita-sorly"],"_links":{"self":[{"href":"https:\/\/site.uit.no\/arcticyouth\/wp-json\/wp\/v2\/posts\/1733","targetHints":{"allow":["GET"]}}],"collection":[{"href":"https:\/\/site.uit.no\/arcticyouth\/wp-json\/wp\/v2\/posts"}],"about":[{"href":"https:\/\/site.uit.no\/arcticyouth\/wp-json\/wp\/v2\/types\/post"}],"author":[{"embeddable":true,"href":"https:\/\/site.uit.no\/arcticyouth\/wp-json\/wp\/v2\/users\/123682"}],"replies":[{"embeddable":true,"href":"https:\/\/site.uit.no\/arcticyouth\/wp-json\/wp\/v2\/comments?post=1733"}],"version-history":[{"count":3,"href":"https:\/\/site.uit.no\/arcticyouth\/wp-json\/wp\/v2\/posts\/1733\/revisions"}],"predecessor-version":[{"id":1754,"href":"https:\/\/site.uit.no\/arcticyouth\/wp-json\/wp\/v2\/posts\/1733\/revisions\/1754"}],"wp:featuredmedia":[{"embeddable":true,"href":"https:\/\/site.uit.no\/arcticyouth\/wp-json\/wp\/v2\/media\/1737"}],"wp:attachment":[{"href":"https:\/\/site.uit.no\/arcticyouth\/wp-json\/wp\/v2\/media?parent=1733"}],"wp:term":[{"taxonomy":"category","embeddable":true,"href":"https:\/\/site.uit.no\/arcticyouth\/wp-json\/wp\/v2\/categories?post=1733"},{"taxonomy":"post_tag","embeddable":true,"href":"https:\/\/site.uit.no\/arcticyouth\/wp-json\/wp\/v2\/tags?post=1733"}],"curies":[{"name":"wp","href":"https:\/\/api.w.org\/{rel}","templated":true}]}}