{"id":1772,"date":"2026-02-27T11:31:07","date_gmt":"2026-02-27T10:31:07","guid":{"rendered":"https:\/\/site.uit.no\/arcticyouth\/?p=1772"},"modified":"2026-03-13T15:04:55","modified_gmt":"2026-03-13T14:04:55","slug":"hermina-gunnthorsdottirs-frokostforelesning","status":"publish","type":"post","link":"https:\/\/site.uit.no\/arcticyouth\/hermina-gunnthorsdottirs-frokostforelesning\/","title":{"rendered":"Frokostforelesning av Herm\u00edna Gunn\u00fe\u00f3rsd\u00f3ttir"},"content":{"rendered":"<p>[et_pb_section fb_built=&raquo;1&#8243; admin_label=&raquo;Section&raquo; _builder_version=&raquo;4.27.4&#8243; _module_preset=&raquo;default&raquo; background_enable_image=&raquo;off&raquo; parallax=&raquo;on&raquo; custom_padding=&raquo;4px|||||&raquo; global_colors_info=&raquo;{}&raquo; theme_builder_area=&raquo;post_content&raquo;][et_pb_row column_structure=&raquo;1_2,1_2&#8243; admin_label=&raquo;Row&raquo; _builder_version=&raquo;4.27.4&#8243; _module_preset=&raquo;default&raquo; global_colors_info=&raquo;{}&raquo; theme_builder_area=&raquo;post_content&raquo;][et_pb_column type=&raquo;1_2&#8243; admin_label=&raquo;Column&raquo; _builder_version=&raquo;4.27.4&#8243; _module_preset=&raquo;default&raquo; global_colors_info=&raquo;{}&raquo; theme_builder_area=&raquo;post_content&raquo;][et_pb_text _builder_version=&raquo;4.27.5&#8243; _module_preset=&raquo;default&raquo; text_line_height=&raquo;1.9em&raquo; custom_padding=&raquo;||0px|||&raquo; global_colors_info=&raquo;{}&raquo; theme_builder_area=&raquo;post_content&raquo;]<\/p>\n<p style=\"text-align: justify\">Herm\u00edna Gunn\u00fe\u00f3rsd\u00f3ttir, <a href=\"https:\/\/www.unak.is\/is\/samfelagid\/vidburdir\/hermina-gunnthorsdottir-professorsfognudur\">Professor ved Akureyri universitet<\/a> og Professor II ved UiT Norges arktiske universitet og <a href=\"https:\/\/site.uit.no\/arcticyouth\/hva_gjor_vi\/arbeidspakke-2\/\">medlem i arbeidspakke 2 i Arctic Youth<\/a>, var i Troms\u00f8 17-21 februar og ga denne <a href=\"https:\/\/uit.no\/tavla\/artikkel\/920830\/arctic_youth_frokostforelesning_3_the_matter_of\">frokostforelesningen.<\/a> Tittelen p\u00e5 forelesningen var \u00ab<span>The matter of relevant research methodology used with youth \u2013 Their core values and new forms of vulnerabilities among youth.<\/span>\u00bb<\/p>\n<p>[\/et_pb_text][\/et_pb_column][et_pb_column type=&raquo;1_2&#8243; _builder_version=&raquo;4.27.5&#8243; _module_preset=&raquo;default&raquo; global_colors_info=&raquo;{}&raquo; theme_builder_area=&raquo;post_content&raquo;][et_pb_image src=&raquo;https:\/\/site.uit.no\/arcticyouth\/wp-content\/uploads\/sites\/525\/2026\/01\/HG_HA-MYND_2024-300&#215;300.jpg&raquo; title_text=&raquo;Hermina&raquo; _builder_version=&raquo;4.27.5&#8243; _module_preset=&raquo;default&raquo; global_colors_info=&raquo;{}&raquo; theme_builder_area=&raquo;post_content&raquo;][\/et_pb_image][\/et_pb_column][\/et_pb_row][et_pb_row admin_label=&raquo;Row&raquo; _builder_version=&raquo;4.27.5&#8243; _module_preset=&raquo;default&raquo; module_alignment=&raquo;center&raquo; global_colors_info=&raquo;{}&raquo; theme_builder_area=&raquo;post_content&raquo;][et_pb_column type=&raquo;4_4&#8243; admin_label=&raquo;Column&raquo; _builder_version=&raquo;4.27.4&#8243; _module_preset=&raquo;default&raquo; global_colors_info=&raquo;{}&raquo; theme_builder_area=&raquo;post_content&raquo;][et_pb_text _builder_version=&raquo;4.27.5&#8243; _module_preset=&raquo;default&raquo; text_font=&raquo;&#8211;et_global_heading_font|700||on|||||&raquo; text_text_color=&raquo;#2765B0&#8243; text_font_size=&raquo;20px&raquo; text_letter_spacing=&raquo;2px&raquo; text_orientation=&raquo;center&raquo; link_option_url=&raquo;https:\/\/uit.cloud.panopto.eu\/Panopto\/Pages\/Viewer.aspx?id=83471e6e-2f0b-4ac5-9c6a-b2dd007950a9&#8243; link_option_url_new_window=&raquo;on&raquo; global_colors_info=&raquo;{}&raquo; theme_builder_area=&raquo;post_content&raquo;]<\/p>\n<p>Se forelesningen her<\/p>\n<p>[\/et_pb_text][et_pb_icon font_icon=&raquo;&#xf144;||fa||900&#8243; icon_color=&raquo;#2765B0&#8243; icon_width=&raquo;105px&raquo; url=&raquo;https:\/\/uit.cloud.panopto.eu\/Panopto\/Pages\/Viewer.aspx?id=a11229f3-ffc0-4525-aad5-b3de00d50ddd&raquo; url_new_window=&raquo;on&raquo; _builder_version=&raquo;4.27.5&#8243; _module_preset=&raquo;default&raquo; global_colors_info=&raquo;{}&raquo; theme_builder_area=&raquo;post_content&raquo;][\/et_pb_icon][\/et_pb_column][\/et_pb_row][\/et_pb_section]<\/p>\n","protected":false},"excerpt":{"rendered":"<p>Herm\u00edna Gunn\u00fe\u00f3rsd\u00f3ttir, Professor ved Akureyri universitet og Professor II ved UiT Norges arktiske universitet og medlem i arbeidspakke 2 i Arctic Youth, var i Troms\u00f8 og ga denne frokostforelesningen. Tittelen p\u00e5 forelesningen var \u00abThe matter of relevant research methodology used with youth \u2013 Their core values and new forms of vulnerabilities among youth.\u00bb<\/p>\n","protected":false},"author":123682,"featured_media":1682,"comment_status":"closed","ping_status":"closed","sticky":false,"template":"","format":"standard","meta":{"_et_pb_use_builder":"on","_et_pb_old_content":"","_et_gb_content_width":"","footnotes":""},"categories":[1],"tags":[84,83,82],"class_list":["post-1772","post","type-post","status-publish","format-standard","has-post-thumbnail","hentry","category-foredrag","tag-akureyri","tag-ap2","tag-hermina-gunnthorsdottir"],"_links":{"self":[{"href":"https:\/\/site.uit.no\/arcticyouth\/wp-json\/wp\/v2\/posts\/1772","targetHints":{"allow":["GET"]}}],"collection":[{"href":"https:\/\/site.uit.no\/arcticyouth\/wp-json\/wp\/v2\/posts"}],"about":[{"href":"https:\/\/site.uit.no\/arcticyouth\/wp-json\/wp\/v2\/types\/post"}],"author":[{"embeddable":true,"href":"https:\/\/site.uit.no\/arcticyouth\/wp-json\/wp\/v2\/users\/123682"}],"replies":[{"embeddable":true,"href":"https:\/\/site.uit.no\/arcticyouth\/wp-json\/wp\/v2\/comments?post=1772"}],"version-history":[{"count":3,"href":"https:\/\/site.uit.no\/arcticyouth\/wp-json\/wp\/v2\/posts\/1772\/revisions"}],"predecessor-version":[{"id":1808,"href":"https:\/\/site.uit.no\/arcticyouth\/wp-json\/wp\/v2\/posts\/1772\/revisions\/1808"}],"wp:featuredmedia":[{"embeddable":true,"href":"https:\/\/site.uit.no\/arcticyouth\/wp-json\/wp\/v2\/media\/1682"}],"wp:attachment":[{"href":"https:\/\/site.uit.no\/arcticyouth\/wp-json\/wp\/v2\/media?parent=1772"}],"wp:term":[{"taxonomy":"category","embeddable":true,"href":"https:\/\/site.uit.no\/arcticyouth\/wp-json\/wp\/v2\/categories?post=1772"},{"taxonomy":"post_tag","embeddable":true,"href":"https:\/\/site.uit.no\/arcticyouth\/wp-json\/wp\/v2\/tags?post=1772"}],"curies":[{"name":"wp","href":"https:\/\/api.w.org\/{rel}","templated":true}]}}