{"id":1810,"date":"2026-03-13T15:22:07","date_gmt":"2026-03-13T14:22:07","guid":{"rendered":"https:\/\/site.uit.no\/arcticyouth\/?p=1810"},"modified":"2026-03-13T15:24:18","modified_gmt":"2026-03-13T14:24:18","slug":"frokostseminar-perspektivmeldingen-ung-2025-sma-oyeblikk-store-innsikter","status":"publish","type":"post","link":"https:\/\/site.uit.no\/arcticyouth\/frokostseminar-perspektivmeldingen-ung-2025-sma-oyeblikk-store-innsikter\/","title":{"rendered":"Frokostseminar: Perspektivmeldingen Ung 2025: Sm\u00e5 \u00f8yeblikk \u2013 store innsikter"},"content":{"rendered":"<p>[et_pb_section fb_built=&raquo;1&#8243; admin_label=&raquo;Section&raquo; _builder_version=&raquo;4.27.4&#8243; _module_preset=&raquo;default&raquo; background_enable_image=&raquo;off&raquo; parallax=&raquo;on&raquo; custom_padding=&raquo;4px|||||&raquo; global_colors_info=&raquo;{}&raquo; theme_builder_area=&raquo;et_body_layout&raquo;][et_pb_row admin_label=&raquo;Row&raquo; _builder_version=&raquo;4.27.5&#8243; _module_preset=&raquo;default&raquo; hover_enabled=&raquo;0&#8243; global_colors_info=&raquo;{}&raquo; theme_builder_area=&raquo;et_body_layout&raquo; sticky_enabled=&raquo;0&#8243;][et_pb_column type=&raquo;4_4&#8243; admin_label=&raquo;Column&raquo; _builder_version=&raquo;4.27.4&#8243; _module_preset=&raquo;default&raquo; global_colors_info=&raquo;{}&raquo; theme_builder_area=&raquo;et_body_layout&raquo;][et_pb_text _builder_version=&raquo;4.27.5&#8243; _module_preset=&raquo;default&raquo; text_line_height=&raquo;1.9em&raquo; custom_padding=&raquo;||0px|||&raquo; hover_enabled=&raquo;0&#8243; global_colors_info=&raquo;{}&raquo; theme_builder_area=&raquo;et_body_layout&raquo; sticky_enabled=&raquo;0&#8243;]<\/p>\n<div data-olk-copy-source=\"MessageBody\">PrepChild \u2013 Forskningssenter for barn og unge, og sosial beredskap, i samarbeid med Arctic Youth | Forskningssenter for barn og unge i Arktis, inviterte fredag 13.mars til et frokostseminar om hvordan det er \u00e5 v\u00e6re ung i nord.<\/div>\n<div><\/div>\n<div><\/div>\n<div><\/div>\n<div><\/div>\n<div><\/div>\n<div><\/div>\n<div><\/div>\n<div><\/div>\n<p>[\/et_pb_text][et_pb_text _builder_version=&raquo;4.27.5&#8243; _module_preset=&raquo;default&raquo; text_line_height=&raquo;1.9em&raquo; custom_padding=&raquo;||0px|||&raquo; hover_enabled=&raquo;0&#8243; global_colors_info=&raquo;{}&raquo; theme_builder_area=&raquo;et_body_layout&raquo; sticky_enabled=&raquo;0&#8243;]<\/p>\n<div data-olk-copy-source=\"MessageBody\">Vi satt s\u00f8kelys p\u00e5 hovedfunnene i \u00abPerspektivmeldingen Ung 2025\u00bb som er utformet av \u00c6ra p\u00e5 oppdrag fra Kunnskapsbanken Nord Norge. Meldingen utforsker unge og unge voksnes hverdagsliv, tanker, meninger og holdninger knyttet til ulike tema som trivsel i hverdagen, opplevelsen av tid, nyheter, fellesskap, demokrati og egen fremtid.<\/div>\n<div><\/div>\n<div><\/div>\n<div><\/div>\n<div><\/div>\n<div><\/div>\n<div><\/div>\n<div><\/div>\n<div><\/div>\n<p>[\/et_pb_text][et_pb_text _builder_version=&raquo;4.27.5&#8243; _module_preset=&raquo;default&raquo; text_line_height=&raquo;1.9em&raquo; custom_padding=&raquo;||0px|||&raquo; hover_enabled=&raquo;0&#8243; global_colors_info=&raquo;{}&raquo; theme_builder_area=&raquo;et_body_layout&raquo; sticky_enabled=&raquo;0&#8243;]<\/p>\n<div data-olk-copy-source=\"MessageBody\">\n<div>Frokostseminaret er en anledning til \u00e5 f\u00e5 kunnskap om hva framtidens utfordringer og muligheter kan bety for oss som jobber tett p\u00e5 barn og unge. Gjester var denne gangen<\/div>\n<ul>\n<li>Ida Solvang &#8211; True North<\/li>\n<li>Adam Ulvang &#8211; Med Ungdom i Fokus<\/li>\n<li>Fred \u00d8stli &#8211; SLT-koordinator Bod\u00f8 kommune<\/li>\n<li>Cristian Ariel Pena &#8211; FN-sambandets kontor i Troms\u00f8.<\/li>\n<\/ul>\n<div><\/div>\n<div><\/div>\n<\/div>\n<div><\/div>\n<div><\/div>\n<div><\/div>\n<div><\/div>\n<div><\/div>\n<div><\/div>\n<div><\/div>\n<p>[\/et_pb_text][\/et_pb_column][\/et_pb_row][et_pb_row admin_label=&raquo;Row&raquo; _builder_version=&raquo;4.27.5&#8243; _module_preset=&raquo;default&raquo; module_alignment=&raquo;center&raquo; global_colors_info=&raquo;{}&raquo; theme_builder_area=&raquo;et_body_layout&raquo;][et_pb_column type=&raquo;4_4&#8243; admin_label=&raquo;Column&raquo; _builder_version=&raquo;4.27.4&#8243; _module_preset=&raquo;default&raquo; global_colors_info=&raquo;{}&raquo; theme_builder_area=&raquo;et_body_layout&raquo;][et_pb_text _builder_version=&raquo;4.27.5&#8243; _module_preset=&raquo;default&raquo; text_font=&raquo;&#8211;et_global_heading_font|700||on|||||&raquo; text_text_color=&raquo;#2765B0&#8243; text_font_size=&raquo;20px&raquo; text_letter_spacing=&raquo;2px&raquo; text_orientation=&raquo;center&raquo; link_option_url=&raquo;https:\/\/uit.cloud.panopto.eu\/Panopto\/Pages\/Viewer.aspx?id=83471e6e-2f0b-4ac5-9c6a-b2dd007950a9&#8243; link_option_url_new_window=&raquo;on&raquo; hover_enabled=&raquo;0&#8243; global_colors_info=&raquo;{}&raquo; theme_builder_area=&raquo;et_body_layout&raquo; sticky_enabled=&raquo;0&#8243;]<\/p>\n<p>Se opptak av arrangementet her<\/p>\n<p>[\/et_pb_text][et_pb_icon font_icon=&raquo;&#xf144;||fa||900&#8243; icon_color=&raquo;#2765B0&#8243; icon_width=&raquo;105px&raquo; url=&raquo;https:\/\/nord.cloud.panopto.eu\/Panopto\/Pages\/Viewer.aspx?id=1aea2a89-02f4-434b-8e7f-b40c00c47560&#8243; url_new_window=&raquo;on&raquo; _builder_version=&raquo;4.27.5&#8243; _module_preset=&raquo;default&raquo; hover_enabled=&raquo;0&#8243; global_colors_info=&raquo;{}&raquo; theme_builder_area=&raquo;et_body_layout&raquo; sticky_enabled=&raquo;0&#8243;][\/et_pb_icon][\/et_pb_column][\/et_pb_row][\/et_pb_section]<\/p>\n","protected":false},"excerpt":{"rendered":"<p>PrepChild \u2013 Forskningssenter for barn og unge, og sosial beredskap, i samarbeid med Arctic Youth | Forskningssenter for barn og unge i Arktis, inviterte fredag 13.mars til et frokostseminar om hvordan det er \u00e5 v\u00e6re ung i nord.<\/p>\n","protected":false},"author":123682,"featured_media":1813,"comment_status":"closed","ping_status":"closed","sticky":false,"template":"","format":"standard","meta":{"_et_pb_use_builder":"on","_et_pb_old_content":"","_et_gb_content_width":"","footnotes":""},"categories":[16],"tags":[86,85,62],"class_list":["post-1810","post","type-post","status-publish","format-standard","has-post-thumbnail","hentry","category-nyheter","tag-catrine-torbjornsen-halas","tag-prepchild","tag-rita-sorly"],"_links":{"self":[{"href":"https:\/\/site.uit.no\/arcticyouth\/wp-json\/wp\/v2\/posts\/1810","targetHints":{"allow":["GET"]}}],"collection":[{"href":"https:\/\/site.uit.no\/arcticyouth\/wp-json\/wp\/v2\/posts"}],"about":[{"href":"https:\/\/site.uit.no\/arcticyouth\/wp-json\/wp\/v2\/types\/post"}],"author":[{"embeddable":true,"href":"https:\/\/site.uit.no\/arcticyouth\/wp-json\/wp\/v2\/users\/123682"}],"replies":[{"embeddable":true,"href":"https:\/\/site.uit.no\/arcticyouth\/wp-json\/wp\/v2\/comments?post=1810"}],"version-history":[{"count":3,"href":"https:\/\/site.uit.no\/arcticyouth\/wp-json\/wp\/v2\/posts\/1810\/revisions"}],"predecessor-version":[{"id":1815,"href":"https:\/\/site.uit.no\/arcticyouth\/wp-json\/wp\/v2\/posts\/1810\/revisions\/1815"}],"wp:featuredmedia":[{"embeddable":true,"href":"https:\/\/site.uit.no\/arcticyouth\/wp-json\/wp\/v2\/media\/1813"}],"wp:attachment":[{"href":"https:\/\/site.uit.no\/arcticyouth\/wp-json\/wp\/v2\/media?parent=1810"}],"wp:term":[{"taxonomy":"category","embeddable":true,"href":"https:\/\/site.uit.no\/arcticyouth\/wp-json\/wp\/v2\/categories?post=1810"},{"taxonomy":"post_tag","embeddable":true,"href":"https:\/\/site.uit.no\/arcticyouth\/wp-json\/wp\/v2\/tags?post=1810"}],"curies":[{"name":"wp","href":"https:\/\/api.w.org\/{rel}","templated":true}]}}