{"id":609,"date":"2024-06-25T16:53:03","date_gmt":"2024-06-25T16:53:03","guid":{"rendered":"https:\/\/site.uit.no\/arkeologisk-feltkurs\/?p=609"},"modified":"2024-06-25T16:54:05","modified_gmt":"2024-06-25T16:54:05","slug":"feltkurs-2024-dag-7","status":"publish","type":"post","link":"https:\/\/site.uit.no\/arkeologisk-feltkurs\/2024\/06\/25\/feltkurs-2024-dag-7\/","title":{"rendered":"Feltkurs 2024: Dag 7"},"content":{"rendered":"\n<p>Utgravningen fortsatte der den slapp i g\u00e5r, og med mye bedre v\u00e6r enn forventet! Vi fortsatte \u00e5 grave ned vollene i tufta, og lot det st\u00e5 igjen en profilbalk over. I dag kom vi et godt stykke ned i profilen, og kunne se de forskjellige lagene som vollen best\u00e5r av. Underveis ble det gravd fram enda flere heller, samt mer funn av treverk og fiskebein. Det ble ogs\u00e5 gravd profilbalker av ulike strukturer i vollen, s\u00e6rlig strukturer hvor det er funnet fiskebein, for eksempel i den mulige avfallsgropen ved inngangspartiet til tuften. Etter at strukturene ble snittet ble de ogs\u00e5 fotografert og dokumentert i objektskjemaet. <\/p>\n\n\n<div class=\"wp-block-image\">\n<figure class=\"aligncenter size-large is-resized\"><img fetchpriority=\"high\" decoding=\"async\" width=\"1024\" height=\"768\" src=\"https:\/\/site.uit.no\/arkeologisk-feltkurs\/wp-content\/uploads\/sites\/457\/2024\/06\/dag-7-oversiktsbilde-1024x768.jpeg\" alt=\"\" class=\"wp-image-611\" style=\"width:579px;height:auto\" srcset=\"https:\/\/site.uit.no\/arkeologisk-feltkurs\/wp-content\/uploads\/sites\/457\/2024\/06\/dag-7-oversiktsbilde-1024x768.jpeg 1024w, https:\/\/site.uit.no\/arkeologisk-feltkurs\/wp-content\/uploads\/sites\/457\/2024\/06\/dag-7-oversiktsbilde-300x225.jpeg 300w, https:\/\/site.uit.no\/arkeologisk-feltkurs\/wp-content\/uploads\/sites\/457\/2024\/06\/dag-7-oversiktsbilde-768x576.jpeg 768w, https:\/\/site.uit.no\/arkeologisk-feltkurs\/wp-content\/uploads\/sites\/457\/2024\/06\/dag-7-oversiktsbilde-1536x1152.jpeg 1536w, https:\/\/site.uit.no\/arkeologisk-feltkurs\/wp-content\/uploads\/sites\/457\/2024\/06\/dag-7-oversiktsbilde.jpeg 2016w\" sizes=\"(max-width: 706px) 89vw, (max-width: 767px) 82vw, 740px\" \/><figcaption class=\"wp-element-caption\">Oversiktsbilde av tufta med profilbalker av diverse strukturer og profilbalk av vollen bak<\/figcaption><\/figure>\n<\/div>\n\n\n<p>Det ble ogs\u00e5 gravd videre i omr\u00e5det rett vest for hovedtufta. Der er det et noks\u00e5 rotete omr\u00e5de, hvor det blant annet er en stor stokk, en samling heller, et mulig ildsted (eller restene av et b\u00e5l som har blitt kastet) og en sjakt med sand som er et resultat av moderne inngrep. Det ble ikke gjort flere funn p\u00e5 dette omr\u00e5det idag, kun videre utgraving av strukturene i bakken. Litt ved siden av dette utgravde omr\u00e5det er det rester etter et b\u00e5l. Her er det gjort magnetiske m\u00e5linger som viser at det har v\u00e6rt sv\u00e6rt h\u00f8ye temperaturer p\u00e5 dette kullbelagte omr\u00e5det, noe som viser at dette har v\u00e6rt et faktisk ildsted, og ikke bare et sted hvor asken etter et b\u00e5l har blitt dumpet. Det ble gravd rundt ildstedet for \u00e5 finne avgrensningen, for at det s\u00e5 ble registrert p\u00e5 totalstasjonen, fotografert og registrert. Dette ildstedet ble s\u00e5 snittet p\u00e5 midten, og det ble gravd ut en profilbalk. Det ble ikke gjort noen funn i ildstedet (utenom kull). <\/p>\n\n\n<div class=\"wp-block-image\">\n<figure class=\"aligncenter size-large is-resized\"><img decoding=\"async\" width=\"1024\" height=\"768\" data-src=\"https:\/\/site.uit.no\/arkeologisk-feltkurs\/wp-content\/uploads\/sites\/457\/2024\/06\/dag-7-profil-ildsted-1024x768.jpeg\" alt=\"\" class=\"wp-image-615 lazyload\" style=\"--smush-placeholder-width: 1024px; --smush-placeholder-aspect-ratio: 1024\/768;width:569px;height:auto\" data-srcset=\"https:\/\/site.uit.no\/arkeologisk-feltkurs\/wp-content\/uploads\/sites\/457\/2024\/06\/dag-7-profil-ildsted-1024x768.jpeg 1024w, https:\/\/site.uit.no\/arkeologisk-feltkurs\/wp-content\/uploads\/sites\/457\/2024\/06\/dag-7-profil-ildsted-300x225.jpeg 300w, https:\/\/site.uit.no\/arkeologisk-feltkurs\/wp-content\/uploads\/sites\/457\/2024\/06\/dag-7-profil-ildsted-768x576.jpeg 768w, https:\/\/site.uit.no\/arkeologisk-feltkurs\/wp-content\/uploads\/sites\/457\/2024\/06\/dag-7-profil-ildsted-1536x1152.jpeg 1536w, https:\/\/site.uit.no\/arkeologisk-feltkurs\/wp-content\/uploads\/sites\/457\/2024\/06\/dag-7-profil-ildsted.jpeg 2016w\" data-sizes=\"(max-width: 706px) 89vw, (max-width: 767px) 82vw, 740px\" src=\"data:image\/svg+xml;base64,PHN2ZyB3aWR0aD0iMSIgaGVpZ2h0PSIxIiB4bWxucz0iaHR0cDovL3d3dy53My5vcmcvMjAwMC9zdmciPjwvc3ZnPg==\" \/><figcaption class=\"wp-element-caption\">Profil av ildstedet<\/figcaption><\/figure>\n<\/div>\n\n\n<p>Masterstudentene fortsatte med sine egne prosjekter: noen fortsatte med metalls\u00f8k mens andre fortsatte gravingen i de forskjellige gropene deres. Det ble gjort et interessant funn av et hellebelagt gulv under en m\u00f8dding. Kanskje dette betyr at det stedet f\u00f8rst var noe annet, f\u00f8r det s\u00e5 ble brukt som m\u00f8dding? Ellers fortsatte de arbeidet i de to gropene fra 2. verdenskrig. I grop nr. 1 er n\u00e5 hele gitteret kommet fram og tatt ut av gropa, og i grop nr. 2 er det gravd rundt en meter rett ned, og mange funn fra krigen har blitt avdekket der. <\/p>\n\n\n<div class=\"wp-block-image\">\n<figure class=\"alignright is-resized\"><img decoding=\"async\" width=\"1512\" height=\"2016\" data-src=\"https:\/\/site.uit.no\/arkeologisk-feltkurs\/wp-content\/uploads\/sites\/457\/2024\/06\/dag-7-2-verdenskrig-grop-2-rotated.jpeg\" alt=\"\" class=\"wp-image-612 lazyload\" style=\"--smush-placeholder-width: 1512px; --smush-placeholder-aspect-ratio: 1512\/2016;width:308px;height:auto\" data-srcset=\"https:\/\/site.uit.no\/arkeologisk-feltkurs\/wp-content\/uploads\/sites\/457\/2024\/06\/dag-7-2-verdenskrig-grop-2-rotated.jpeg 1512w, https:\/\/site.uit.no\/arkeologisk-feltkurs\/wp-content\/uploads\/sites\/457\/2024\/06\/dag-7-2-verdenskrig-grop-2-225x300.jpeg 225w, https:\/\/site.uit.no\/arkeologisk-feltkurs\/wp-content\/uploads\/sites\/457\/2024\/06\/dag-7-2-verdenskrig-grop-2-768x1024.jpeg 768w, https:\/\/site.uit.no\/arkeologisk-feltkurs\/wp-content\/uploads\/sites\/457\/2024\/06\/dag-7-2-verdenskrig-grop-2-1152x1536.jpeg 1152w\" data-sizes=\"(max-width: 706px) 89vw, (max-width: 767px) 82vw, 740px\" src=\"data:image\/svg+xml;base64,PHN2ZyB3aWR0aD0iMSIgaGVpZ2h0PSIxIiB4bWxucz0iaHR0cDovL3d3dy53My5vcmcvMjAwMC9zdmciPjwvc3ZnPg==\" \/><figcaption class=\"wp-element-caption\">Grop Nr. 2 fra andre verdenskrig<\/figcaption><\/figure>\n<\/div>\n\n<div class=\"wp-block-image\">\n<figure class=\"alignleft size-large is-resized\"><img decoding=\"async\" width=\"768\" height=\"1024\" data-src=\"https:\/\/site.uit.no\/arkeologisk-feltkurs\/wp-content\/uploads\/sites\/457\/2024\/06\/dag-7-modding-768x1024.jpeg\" alt=\"\" class=\"wp-image-614 lazyload\" style=\"--smush-placeholder-width: 768px; --smush-placeholder-aspect-ratio: 768\/1024;width:307px;height:auto\" data-srcset=\"https:\/\/site.uit.no\/arkeologisk-feltkurs\/wp-content\/uploads\/sites\/457\/2024\/06\/dag-7-modding-768x1024.jpeg 768w, https:\/\/site.uit.no\/arkeologisk-feltkurs\/wp-content\/uploads\/sites\/457\/2024\/06\/dag-7-modding-225x300.jpeg 225w, https:\/\/site.uit.no\/arkeologisk-feltkurs\/wp-content\/uploads\/sites\/457\/2024\/06\/dag-7-modding-1152x1536.jpeg 1152w, https:\/\/site.uit.no\/arkeologisk-feltkurs\/wp-content\/uploads\/sites\/457\/2024\/06\/dag-7-modding-rotated.jpeg 1512w\" data-sizes=\"(max-width: 706px) 89vw, (max-width: 767px) 82vw, 740px\" src=\"data:image\/svg+xml;base64,PHN2ZyB3aWR0aD0iMSIgaGVpZ2h0PSIxIiB4bWxucz0iaHR0cDovL3d3dy53My5vcmcvMjAwMC9zdmciPjwvc3ZnPg==\" \/><figcaption class=\"wp-element-caption\">Utgravning av m\u00f8dding, med heller i bunn<\/figcaption><\/figure>\n<\/div>\n\n\n<p>Ellers var det en fin dag med opphold fram til siste time, og litt bes\u00f8k ila. dagen, blant annet fra Vegvesenet som lurte p\u00e5 hva vi holdt p\u00e5 med. <\/p>\n\n\n\n<p>Hilsen Dina og Thalia \ud83d\ude42<\/p>\n","protected":false},"excerpt":{"rendered":"<p>Utgravningen fortsatte der den slapp i g\u00e5r, og med mye bedre v\u00e6r enn forventet! Vi fortsatte \u00e5 grave ned vollene i tufta, og lot det st\u00e5 igjen en profilbalk over. I dag kom vi et godt stykke ned i profilen, og kunne se de forskjellige lagene som vollen best\u00e5r av. Underveis ble det gravd fram &hellip; <\/p>\n<p class=\"link-more\"><a href=\"https:\/\/site.uit.no\/arkeologisk-feltkurs\/2024\/06\/25\/feltkurs-2024-dag-7\/\" class=\"more-link\">Continue reading<span class=\"screen-reader-text\"> &#8220;Feltkurs 2024: Dag 7&#8221;<\/span><\/a><\/p>\n","protected":false},"author":123653,"featured_media":0,"comment_status":"open","ping_status":"open","sticky":false,"template":"","format":"standard","meta":{"footnotes":""},"categories":[],"tags":[],"class_list":["post-609","post","type-post","status-publish","format-standard","hentry"],"_links":{"self":[{"href":"https:\/\/site.uit.no\/arkeologisk-feltkurs\/wp-json\/wp\/v2\/posts\/609","targetHints":{"allow":["GET"]}}],"collection":[{"href":"https:\/\/site.uit.no\/arkeologisk-feltkurs\/wp-json\/wp\/v2\/posts"}],"about":[{"href":"https:\/\/site.uit.no\/arkeologisk-feltkurs\/wp-json\/wp\/v2\/types\/post"}],"author":[{"embeddable":true,"href":"https:\/\/site.uit.no\/arkeologisk-feltkurs\/wp-json\/wp\/v2\/users\/123653"}],"replies":[{"embeddable":true,"href":"https:\/\/site.uit.no\/arkeologisk-feltkurs\/wp-json\/wp\/v2\/comments?post=609"}],"version-history":[{"count":1,"href":"https:\/\/site.uit.no\/arkeologisk-feltkurs\/wp-json\/wp\/v2\/posts\/609\/revisions"}],"predecessor-version":[{"id":616,"href":"https:\/\/site.uit.no\/arkeologisk-feltkurs\/wp-json\/wp\/v2\/posts\/609\/revisions\/616"}],"wp:attachment":[{"href":"https:\/\/site.uit.no\/arkeologisk-feltkurs\/wp-json\/wp\/v2\/media?parent=609"}],"wp:term":[{"taxonomy":"category","embeddable":true,"href":"https:\/\/site.uit.no\/arkeologisk-feltkurs\/wp-json\/wp\/v2\/categories?post=609"},{"taxonomy":"post_tag","embeddable":true,"href":"https:\/\/site.uit.no\/arkeologisk-feltkurs\/wp-json\/wp\/v2\/tags?post=609"}],"curies":[{"name":"wp","href":"https:\/\/api.w.org\/{rel}","templated":true}]}}