{"id":623,"date":"2024-06-26T19:48:53","date_gmt":"2024-06-26T19:48:53","guid":{"rendered":"https:\/\/site.uit.no\/arkeologisk-feltkurs\/?p=623"},"modified":"2024-06-26T19:52:31","modified_gmt":"2024-06-26T19:52:31","slug":"feltkurs-2024-dag-8","status":"publish","type":"post","link":"https:\/\/site.uit.no\/arkeologisk-feltkurs\/2024\/06\/26\/feltkurs-2024-dag-8\/","title":{"rendered":"Feltkurs 2024: dag 8"},"content":{"rendered":"\n<p>I dag til vanlig tid kl. 08.30 begynte vi \u00e5 kj\u00f8re ut mot feltet. Vi fortsatte i dag med \u00e5 blir helt ferdig med \u00e5 rense p\u00e5 vollen. I tillegg renset vi rundt omkring p\u00e5 tufta for \u00e5 gj\u00f8re tufta klar for fotogrammetri. Vi renset blant annet mellom steiner. Mens jeg renset tufta registrerte jeg noen gjenstander av bein og jern. N\u00e5r tufta var helt ferdig renset fikk jeg og Marian oppdrag med \u00e5 utf\u00f8re fotografering til fotogrammetri der han hold en stang med kamera som er siktet ned mens jeg tok bilder med nettbrett som er koblet til kameraet. Vi tok mange bilder som overlapper hverandre som senere skal bli brukt til \u00e5 konstruere en 3D modell av strukturen.<\/p>\n\n\n\n<p>Etter vi hadde gjort det fikk Nathalie og Vegard ogs\u00e5 pr\u00f8vd \u00e5 ta bilder til fotogrammetri. En av \u00e5rsakene til at det ble gjort p\u00e5 nytt var at sollyset ikke var optimalt n\u00e5r jeg og Marian gjorde dette. S\u00e5 fikk jeg beskjed om \u00e5 beskrive gulvlaget i tufta p\u00e5 et objektskjema. Gulvlaget i tufta var hovedsakelig steinheller i varierende st\u00f8rrelse men ogs\u00e5 andre stein i variereende former. Deretter begynte vi \u00e5 fjerne steiner fra tuftas gulvlag, og rense under steinenes beliggenhet. P\u00e5 slutten av dagen gravde vi rundt p\u00e5 gulvlaget til tufta etter at en masterstudent hadde g\u00e5tt over med metalls\u00f8ker. Vi gravde p\u00e5 vestsida av tufta og der var det markert to plasser hvor det var gjort utslag med metalldetektor. Jeg fant en liten n\u00e5l av jern som var vanskelig \u00e5 lokalisere f\u00f8rst, og Vegard fant en jernbit som var s\u00e5pass rustet at det var ugjenkjennelig. N\u00e5len var et interessant funn og ble funnet i n\u00e6rheten av trevirke.<\/p>\n\n\n\n<figure class=\"wp-block-gallery has-nested-images columns-default is-cropped wp-block-gallery-1 is-layout-flex wp-block-gallery-is-layout-flex\">\n<figure class=\"wp-block-image size-large is-resized\"><img fetchpriority=\"high\" decoding=\"async\" width=\"1024\" height=\"768\" data-id=\"625\" src=\"https:\/\/site.uit.no\/arkeologisk-feltkurs\/wp-content\/uploads\/sites\/457\/2024\/06\/20240626_124039-1024x768.jpg\" alt=\"\" class=\"wp-image-625\" style=\"width:345px;height:auto\" srcset=\"https:\/\/site.uit.no\/arkeologisk-feltkurs\/wp-content\/uploads\/sites\/457\/2024\/06\/20240626_124039-1024x768.jpg 1024w, https:\/\/site.uit.no\/arkeologisk-feltkurs\/wp-content\/uploads\/sites\/457\/2024\/06\/20240626_124039-300x225.jpg 300w, https:\/\/site.uit.no\/arkeologisk-feltkurs\/wp-content\/uploads\/sites\/457\/2024\/06\/20240626_124039-768x576.jpg 768w, https:\/\/site.uit.no\/arkeologisk-feltkurs\/wp-content\/uploads\/sites\/457\/2024\/06\/20240626_124039-1536x1152.jpg 1536w, https:\/\/site.uit.no\/arkeologisk-feltkurs\/wp-content\/uploads\/sites\/457\/2024\/06\/20240626_124039-2048x1536.jpg 2048w\" sizes=\"(max-width: 706px) 89vw, (max-width: 767px) 82vw, 740px\" \/><\/figure>\n\n\n\n<figure class=\"wp-block-image size-large is-resized\"><img decoding=\"async\" width=\"1024\" height=\"768\" data-id=\"626\" data-src=\"https:\/\/site.uit.no\/arkeologisk-feltkurs\/wp-content\/uploads\/sites\/457\/2024\/06\/20240626_132637-1024x768.jpg\" alt=\"\" class=\"wp-image-626 lazyload\" style=\"--smush-placeholder-width: 1024px; --smush-placeholder-aspect-ratio: 1024\/768;width:343px;height:auto\" data-srcset=\"https:\/\/site.uit.no\/arkeologisk-feltkurs\/wp-content\/uploads\/sites\/457\/2024\/06\/20240626_132637-1024x768.jpg 1024w, https:\/\/site.uit.no\/arkeologisk-feltkurs\/wp-content\/uploads\/sites\/457\/2024\/06\/20240626_132637-300x225.jpg 300w, https:\/\/site.uit.no\/arkeologisk-feltkurs\/wp-content\/uploads\/sites\/457\/2024\/06\/20240626_132637-768x576.jpg 768w, https:\/\/site.uit.no\/arkeologisk-feltkurs\/wp-content\/uploads\/sites\/457\/2024\/06\/20240626_132637-1536x1152.jpg 1536w, https:\/\/site.uit.no\/arkeologisk-feltkurs\/wp-content\/uploads\/sites\/457\/2024\/06\/20240626_132637-2048x1536.jpg 2048w\" data-sizes=\"(max-width: 706px) 89vw, (max-width: 767px) 82vw, 740px\" src=\"data:image\/svg+xml;base64,PHN2ZyB3aWR0aD0iMSIgaGVpZ2h0PSIxIiB4bWxucz0iaHR0cDovL3d3dy53My5vcmcvMjAwMC9zdmciPjwvc3ZnPg==\" \/><\/figure>\n<\/figure>\n\n\n<div class=\"wp-block-image\">\n<figure class=\"aligncenter size-large is-resized\"><img decoding=\"async\" width=\"1024\" height=\"768\" data-src=\"https:\/\/site.uit.no\/arkeologisk-feltkurs\/wp-content\/uploads\/sites\/457\/2024\/06\/20240626_133720-1024x768.jpg\" alt=\"\" class=\"wp-image-627 lazyload\" style=\"--smush-placeholder-width: 1024px; --smush-placeholder-aspect-ratio: 1024\/768;width:667px;height:auto\" data-srcset=\"https:\/\/site.uit.no\/arkeologisk-feltkurs\/wp-content\/uploads\/sites\/457\/2024\/06\/20240626_133720-1024x768.jpg 1024w, https:\/\/site.uit.no\/arkeologisk-feltkurs\/wp-content\/uploads\/sites\/457\/2024\/06\/20240626_133720-300x225.jpg 300w, https:\/\/site.uit.no\/arkeologisk-feltkurs\/wp-content\/uploads\/sites\/457\/2024\/06\/20240626_133720-768x576.jpg 768w, https:\/\/site.uit.no\/arkeologisk-feltkurs\/wp-content\/uploads\/sites\/457\/2024\/06\/20240626_133720-1536x1152.jpg 1536w, https:\/\/site.uit.no\/arkeologisk-feltkurs\/wp-content\/uploads\/sites\/457\/2024\/06\/20240626_133720-2048x1536.jpg 2048w\" data-sizes=\"(max-width: 706px) 89vw, (max-width: 767px) 82vw, 740px\" src=\"data:image\/svg+xml;base64,PHN2ZyB3aWR0aD0iMSIgaGVpZ2h0PSIxIiB4bWxucz0iaHR0cDovL3d3dy53My5vcmcvMjAwMC9zdmciPjwvc3ZnPg==\" \/><\/figure>\n<\/div>\n\n\n<figure class=\"wp-block-gallery has-nested-images columns-default is-cropped wp-block-gallery-2 is-layout-flex wp-block-gallery-is-layout-flex\"><\/figure>\n\n\n\n<p>Hilsen Kristoffer og Vegard.<\/p>\n","protected":false},"excerpt":{"rendered":"<p>I dag til vanlig tid kl. 08.30 begynte vi \u00e5 kj\u00f8re ut mot feltet. Vi fortsatte i dag med \u00e5 blir helt ferdig med \u00e5 rense p\u00e5 vollen. I tillegg renset vi rundt omkring p\u00e5 tufta for \u00e5 gj\u00f8re tufta klar for fotogrammetri. Vi renset blant annet mellom steiner. Mens jeg renset tufta registrerte jeg &hellip; <\/p>\n<p class=\"link-more\"><a href=\"https:\/\/site.uit.no\/arkeologisk-feltkurs\/2024\/06\/26\/feltkurs-2024-dag-8\/\" class=\"more-link\">Continue reading<span class=\"screen-reader-text\"> &#8220;Feltkurs 2024: dag 8&#8221;<\/span><\/a><\/p>\n","protected":false},"author":123655,"featured_media":0,"comment_status":"open","ping_status":"open","sticky":false,"template":"","format":"standard","meta":{"footnotes":""},"categories":[],"tags":[],"class_list":["post-623","post","type-post","status-publish","format-standard","hentry"],"_links":{"self":[{"href":"https:\/\/site.uit.no\/arkeologisk-feltkurs\/wp-json\/wp\/v2\/posts\/623","targetHints":{"allow":["GET"]}}],"collection":[{"href":"https:\/\/site.uit.no\/arkeologisk-feltkurs\/wp-json\/wp\/v2\/posts"}],"about":[{"href":"https:\/\/site.uit.no\/arkeologisk-feltkurs\/wp-json\/wp\/v2\/types\/post"}],"author":[{"embeddable":true,"href":"https:\/\/site.uit.no\/arkeologisk-feltkurs\/wp-json\/wp\/v2\/users\/123655"}],"replies":[{"embeddable":true,"href":"https:\/\/site.uit.no\/arkeologisk-feltkurs\/wp-json\/wp\/v2\/comments?post=623"}],"version-history":[{"count":3,"href":"https:\/\/site.uit.no\/arkeologisk-feltkurs\/wp-json\/wp\/v2\/posts\/623\/revisions"}],"predecessor-version":[{"id":629,"href":"https:\/\/site.uit.no\/arkeologisk-feltkurs\/wp-json\/wp\/v2\/posts\/623\/revisions\/629"}],"wp:attachment":[{"href":"https:\/\/site.uit.no\/arkeologisk-feltkurs\/wp-json\/wp\/v2\/media?parent=623"}],"wp:term":[{"taxonomy":"category","embeddable":true,"href":"https:\/\/site.uit.no\/arkeologisk-feltkurs\/wp-json\/wp\/v2\/categories?post=623"},{"taxonomy":"post_tag","embeddable":true,"href":"https:\/\/site.uit.no\/arkeologisk-feltkurs\/wp-json\/wp\/v2\/tags?post=623"}],"curies":[{"name":"wp","href":"https:\/\/api.w.org\/{rel}","templated":true}]}}