{"id":729,"date":"2025-06-18T19:35:29","date_gmt":"2025-06-18T19:35:29","guid":{"rendered":"https:\/\/site.uit.no\/arkeologisk-feltkurs\/?p=729"},"modified":"2025-06-21T18:05:35","modified_gmt":"2025-06-21T18:05:35","slug":"evenskjer-2025-dag-8","status":"publish","type":"post","link":"https:\/\/site.uit.no\/arkeologisk-feltkurs\/2025\/06\/18\/evenskjer-2025-dag-8\/","title":{"rendered":"Evenskjer 2025: dag 8"},"content":{"rendered":"\n<p>Dagen startet med armeriddere til frokost som satte en god stemning p\u00e5 denne onsdags morgningen, deretter var vi klare for nok en fuktig og v\u00e5t arbeidsdag. Det n\u00e6rmer seg slutten av utgravingen som betyr mer snitting av stolpehull og de siste jordpr\u00f8vene samles inn. Makropr\u00f8vene samler seg p\u00e5 kontoret og kartene blir stadig mer fylt ut. 3D modeller er i sving og det kommer stadig flere. Gjengen er blitt ganske rutinert, s\u00e5 rigging og rydding g\u00e5r fort og vi har nesten dannet et uskrevet dusjregime!<\/p>\n\n\n\n<p>Dagen startet med at Johan og Stein fikk en telefon fra botanikere fra arkeologisk museum i Stavanger! En presentasjon av stolpehullene med snitting og funn, makropr\u00f8ver, lokalitet og struktur. Det er super kjekt \u00e5 se at flere grener av arkeologi faget blir tatt i bruk og viser s\u00e5 stort engasjement til denne utgravingen.<\/p>\n\n\n\n<p>I starten av forrige uke var det frustrasjon ang\u00e5ende utregning for hvor mange jordpr\u00f8ver som skulle tas. Det startet med 3000, s\u00e5 ble det 4000 og deretter 2000. Omsider kom det frem at det ikke skulle tas mer enn 800. I dag ble det ogs\u00e5 satt rekord p\u00e5 jordpr\u00f8ver med hele 150 pr\u00f8vetakinger. Med god innsats fra t\u00e5lmodige bachelor studenter er nesten jordpr\u00f8vene ferdige.<\/p>\n\n\n\n<figure class=\"wp-block-gallery has-nested-images columns-default is-cropped wp-block-gallery-1 is-layout-flex wp-block-gallery-is-layout-flex\">\n<figure class=\"wp-block-image size-large\"><img fetchpriority=\"high\" decoding=\"async\" width=\"768\" height=\"1024\" data-id=\"731\" src=\"https:\/\/site.uit.no\/arkeologisk-feltkurs\/wp-content\/uploads\/sites\/457\/2025\/06\/IMG_8707-768x1024.jpeg\" alt=\"\" class=\"wp-image-731\" srcset=\"https:\/\/site.uit.no\/arkeologisk-feltkurs\/wp-content\/uploads\/sites\/457\/2025\/06\/IMG_8707-768x1024.jpeg 768w, https:\/\/site.uit.no\/arkeologisk-feltkurs\/wp-content\/uploads\/sites\/457\/2025\/06\/IMG_8707-225x300.jpeg 225w, https:\/\/site.uit.no\/arkeologisk-feltkurs\/wp-content\/uploads\/sites\/457\/2025\/06\/IMG_8707-1152x1536.jpeg 1152w, https:\/\/site.uit.no\/arkeologisk-feltkurs\/wp-content\/uploads\/sites\/457\/2025\/06\/IMG_8707-1536x2048.jpeg 1536w, https:\/\/site.uit.no\/arkeologisk-feltkurs\/wp-content\/uploads\/sites\/457\/2025\/06\/IMG_8707-scaled.jpeg 1920w\" sizes=\"(max-width: 706px) 89vw, (max-width: 767px) 82vw, 740px\" \/><figcaption class=\"wp-element-caption\">pause etter jordpr\u00f8vene &#8211; Frida og Cassandra<\/figcaption><\/figure>\n<\/figure>\n\n\n\n<p>En rekke pollenpr\u00f8ver ble tatt fra veggr\u00f8fter og stolpehull fra begge sidene av huset. Pollenpr\u00f8vene fungerer slik at vi dytter et reagens r\u00f8r inn i profilen p\u00e5 et stolpehull for og f\u00e5 en pr\u00f8ve som deretter blir sendt inn til en labb for \u00e5 analyseres. P\u00e5 denne m\u00e5ten kan pollenniv\u00e5ene kartlegges \u00e5 avgj\u00f8re hvilken forbruk huset kan ha hatt. Alts\u00e5 om hva som har skjedd p\u00e5 lokaliteten. Dette er mest avgj\u00f8rende for \u00e5 vise om huset var brukt til jordbruk eller ikke.<\/p>\n\n\n\n<p>Etter dagens arbeid tok noen av oss turen til det lokale museet hvor Johan hadde et m\u00f8te med de lokale representantene ang\u00e5ende en korsformet spenne. Denne fikk vi tatt bilde av, men ikke tatt med oss videre. Den ble funnet i n\u00e6romr\u00e5det og har en n\u00e6r tilknytting til han som fant den. Dermed blir den v\u00e6rende men det var en fantastisk flott spenne, utrolig kul \u00e5 f\u00e5 se. I samme sleng fikk vi ogs\u00e5 sett noen steinredskaper som er lokale fra steinalder<\/p>\n\n\n\n<figure class=\"wp-block-gallery has-nested-images columns-default is-cropped wp-block-gallery-2 is-layout-flex wp-block-gallery-is-layout-flex\">\n<figure class=\"wp-block-image size-large\"><img decoding=\"async\" width=\"1024\" height=\"768\" data-id=\"732\" data-src=\"https:\/\/site.uit.no\/arkeologisk-feltkurs\/wp-content\/uploads\/sites\/457\/2025\/06\/IMG_2185-1024x768.jpeg\" alt=\"\" class=\"wp-image-732 lazyload\" data-srcset=\"https:\/\/site.uit.no\/arkeologisk-feltkurs\/wp-content\/uploads\/sites\/457\/2025\/06\/IMG_2185-1024x768.jpeg 1024w, https:\/\/site.uit.no\/arkeologisk-feltkurs\/wp-content\/uploads\/sites\/457\/2025\/06\/IMG_2185-300x225.jpeg 300w, https:\/\/site.uit.no\/arkeologisk-feltkurs\/wp-content\/uploads\/sites\/457\/2025\/06\/IMG_2185-768x576.jpeg 768w, https:\/\/site.uit.no\/arkeologisk-feltkurs\/wp-content\/uploads\/sites\/457\/2025\/06\/IMG_2185-1536x1152.jpeg 1536w, https:\/\/site.uit.no\/arkeologisk-feltkurs\/wp-content\/uploads\/sites\/457\/2025\/06\/IMG_2185-2048x1536.jpeg 2048w\" data-sizes=\"(max-width: 706px) 89vw, (max-width: 767px) 82vw, 740px\" src=\"data:image\/svg+xml;base64,PHN2ZyB3aWR0aD0iMSIgaGVpZ2h0PSIxIiB4bWxucz0iaHR0cDovL3d3dy53My5vcmcvMjAwMC9zdmciPjwvc3ZnPg==\" style=\"--smush-placeholder-width: 1024px; --smush-placeholder-aspect-ratio: 1024\/768;\" \/><figcaption class=\"wp-element-caption\">Spenne med steinredskaper fra museet<\/figcaption><\/figure>\n<\/figure>\n\n\n\n<p>Takk for idag, Frida Heigre og Anna Trane<\/p>\n\n\n\n<p><\/p>\n","protected":false},"excerpt":{"rendered":"<p>Dagen startet med armeriddere til frokost som satte en god stemning p\u00e5 denne onsdags morgningen, deretter var vi klare for nok en fuktig og v\u00e5t arbeidsdag. Det n\u00e6rmer seg slutten av utgravingen som betyr mer snitting av stolpehull og de siste jordpr\u00f8vene samles inn. Makropr\u00f8vene samler seg p\u00e5 kontoret og kartene blir stadig mer fylt &hellip; <\/p>\n<p class=\"link-more\"><a href=\"https:\/\/site.uit.no\/arkeologisk-feltkurs\/2025\/06\/18\/evenskjer-2025-dag-8\/\" class=\"more-link\">Continue reading<span class=\"screen-reader-text\"> &#8220;Evenskjer 2025: dag 8&#8221;<\/span><\/a><\/p>\n","protected":false},"author":123698,"featured_media":0,"comment_status":"open","ping_status":"open","sticky":false,"template":"","format":"standard","meta":{"footnotes":""},"categories":[],"tags":[],"class_list":["post-729","post","type-post","status-publish","format-standard","hentry"],"_links":{"self":[{"href":"https:\/\/site.uit.no\/arkeologisk-feltkurs\/wp-json\/wp\/v2\/posts\/729","targetHints":{"allow":["GET"]}}],"collection":[{"href":"https:\/\/site.uit.no\/arkeologisk-feltkurs\/wp-json\/wp\/v2\/posts"}],"about":[{"href":"https:\/\/site.uit.no\/arkeologisk-feltkurs\/wp-json\/wp\/v2\/types\/post"}],"author":[{"embeddable":true,"href":"https:\/\/site.uit.no\/arkeologisk-feltkurs\/wp-json\/wp\/v2\/users\/123698"}],"replies":[{"embeddable":true,"href":"https:\/\/site.uit.no\/arkeologisk-feltkurs\/wp-json\/wp\/v2\/comments?post=729"}],"version-history":[{"count":3,"href":"https:\/\/site.uit.no\/arkeologisk-feltkurs\/wp-json\/wp\/v2\/posts\/729\/revisions"}],"predecessor-version":[{"id":768,"href":"https:\/\/site.uit.no\/arkeologisk-feltkurs\/wp-json\/wp\/v2\/posts\/729\/revisions\/768"}],"wp:attachment":[{"href":"https:\/\/site.uit.no\/arkeologisk-feltkurs\/wp-json\/wp\/v2\/media?parent=729"}],"wp:term":[{"taxonomy":"category","embeddable":true,"href":"https:\/\/site.uit.no\/arkeologisk-feltkurs\/wp-json\/wp\/v2\/categories?post=729"},{"taxonomy":"post_tag","embeddable":true,"href":"https:\/\/site.uit.no\/arkeologisk-feltkurs\/wp-json\/wp\/v2\/tags?post=729"}],"curies":[{"name":"wp","href":"https:\/\/api.w.org\/{rel}","templated":true}]}}