{"id":738,"date":"2025-06-19T21:35:39","date_gmt":"2025-06-19T21:35:39","guid":{"rendered":"https:\/\/site.uit.no\/arkeologisk-feltkurs\/?p=738"},"modified":"2025-06-19T21:35:43","modified_gmt":"2025-06-19T21:35:43","slug":"evenskjer-2025-dag-9-den-siste-dagen-i-sandkassen","status":"publish","type":"post","link":"https:\/\/site.uit.no\/arkeologisk-feltkurs\/2025\/06\/19\/evenskjer-2025-dag-9-den-siste-dagen-i-sandkassen\/","title":{"rendered":"Evenskjer 2025: Dag 9, den siste dagen i sandkassen"},"content":{"rendered":"\n<p>\u00a1Hola!<\/p>\n\n\n\n<figure class=\"wp-block-image size-large\"><img fetchpriority=\"high\" decoding=\"async\" width=\"1024\" height=\"768\" src=\"https:\/\/site.uit.no\/arkeologisk-feltkurs\/wp-content\/uploads\/sites\/457\/2025\/06\/IMG_3523-2-1-1024x768.jpeg\" alt=\"\" class=\"wp-image-741\" srcset=\"https:\/\/site.uit.no\/arkeologisk-feltkurs\/wp-content\/uploads\/sites\/457\/2025\/06\/IMG_3523-2-1-1024x768.jpeg 1024w, https:\/\/site.uit.no\/arkeologisk-feltkurs\/wp-content\/uploads\/sites\/457\/2025\/06\/IMG_3523-2-1-300x225.jpeg 300w, https:\/\/site.uit.no\/arkeologisk-feltkurs\/wp-content\/uploads\/sites\/457\/2025\/06\/IMG_3523-2-1-768x576.jpeg 768w, https:\/\/site.uit.no\/arkeologisk-feltkurs\/wp-content\/uploads\/sites\/457\/2025\/06\/IMG_3523-2-1-1536x1152.jpeg 1536w, https:\/\/site.uit.no\/arkeologisk-feltkurs\/wp-content\/uploads\/sites\/457\/2025\/06\/IMG_3523-2-1-2048x1536.jpeg 2048w\" sizes=\"(max-width: 706px) 89vw, (max-width: 767px) 82vw, 740px\" \/><\/figure>\n\n\n\n<p>Da var siste dagen i feltet ferdig! M\u00e5 innr\u00f8mme at det er en glad-trist dag. Alle savner nok sin egen seng, men det har v\u00e6rt veldig mye kos her i feltet. P\u00e5 den siste dagen her hadde vi mye \u00e5 gj\u00f8re, men som den gode gjengen vi er, ble det unnagjort f\u00f8r vi skulle hjem. Det startet med \u00e5 fullf\u00f8re de oppgavene som var p\u00e5begynte, som jordpr\u00f8vene som Frida og Cassandra gjorde, og snittingen av stolpehullene.\u00a0<\/p>\n\n\n\n<figure class=\"wp-block-image size-large\"><img decoding=\"async\" width=\"768\" height=\"1024\" data-src=\"https:\/\/site.uit.no\/arkeologisk-feltkurs\/wp-content\/uploads\/sites\/457\/2025\/06\/IMG_3529-2-1-768x1024.jpeg\" alt=\"\" class=\"wp-image-742 lazyload\" data-srcset=\"https:\/\/site.uit.no\/arkeologisk-feltkurs\/wp-content\/uploads\/sites\/457\/2025\/06\/IMG_3529-2-1-768x1024.jpeg 768w, https:\/\/site.uit.no\/arkeologisk-feltkurs\/wp-content\/uploads\/sites\/457\/2025\/06\/IMG_3529-2-1-225x300.jpeg 225w, https:\/\/site.uit.no\/arkeologisk-feltkurs\/wp-content\/uploads\/sites\/457\/2025\/06\/IMG_3529-2-1-1152x1536.jpeg 1152w, https:\/\/site.uit.no\/arkeologisk-feltkurs\/wp-content\/uploads\/sites\/457\/2025\/06\/IMG_3529-2-1-1536x2048.jpeg 1536w, https:\/\/site.uit.no\/arkeologisk-feltkurs\/wp-content\/uploads\/sites\/457\/2025\/06\/IMG_3529-2-1-scaled.jpeg 1920w\" data-sizes=\"(max-width: 706px) 89vw, (max-width: 767px) 82vw, 740px\" src=\"data:image\/svg+xml;base64,PHN2ZyB3aWR0aD0iMSIgaGVpZ2h0PSIxIiB4bWxucz0iaHR0cDovL3d3dy53My5vcmcvMjAwMC9zdmciPjwvc3ZnPg==\" style=\"--smush-placeholder-width: 768px; --smush-placeholder-aspect-ratio: 768\/1024;\" \/><\/figure>\n\n\n\n<p>Etter lunsj begynte vi \u00e5 forberede oss p\u00e5 \u00e5 forlate feltet. Vi gjorde dette ved \u00e5 ta dronebilde over det ferdig utgravde feltet og dekke over de strukturene som ikke ble snittet.\u00a0<\/p>\n\n\n\n<figure class=\"wp-block-image size-large\"><img decoding=\"async\" width=\"1024\" height=\"768\" data-src=\"https:\/\/site.uit.no\/arkeologisk-feltkurs\/wp-content\/uploads\/sites\/457\/2025\/06\/1000002674-1024x768.jpg\" alt=\"\" class=\"wp-image-743 lazyload\" data-srcset=\"https:\/\/site.uit.no\/arkeologisk-feltkurs\/wp-content\/uploads\/sites\/457\/2025\/06\/1000002674-1024x768.jpg 1024w, https:\/\/site.uit.no\/arkeologisk-feltkurs\/wp-content\/uploads\/sites\/457\/2025\/06\/1000002674-300x225.jpg 300w, https:\/\/site.uit.no\/arkeologisk-feltkurs\/wp-content\/uploads\/sites\/457\/2025\/06\/1000002674-768x576.jpg 768w, https:\/\/site.uit.no\/arkeologisk-feltkurs\/wp-content\/uploads\/sites\/457\/2025\/06\/1000002674-1536x1152.jpg 1536w, https:\/\/site.uit.no\/arkeologisk-feltkurs\/wp-content\/uploads\/sites\/457\/2025\/06\/1000002674.jpg 2000w\" data-sizes=\"(max-width: 706px) 89vw, (max-width: 767px) 82vw, 740px\" src=\"data:image\/svg+xml;base64,PHN2ZyB3aWR0aD0iMSIgaGVpZ2h0PSIxIiB4bWxucz0iaHR0cDovL3d3dy53My5vcmcvMjAwMC9zdmciPjwvc3ZnPg==\" style=\"--smush-placeholder-width: 1024px; --smush-placeholder-aspect-ratio: 1024\/768;\" \/><\/figure>\n\n\n\n<p>De strukturene som ble snittet, fikk vi grave helt opp. Dette var for \u00e5 se om det var mer inni strukturene, enn det vi kunne se av \u00e5 bare kutte den i to. Et fint eksempel her er hvordan Per Christian gravde frem en stor trebit fra den ene stolpen. Vi har ogs\u00e5 en grotesk demonstrasjon av Benedicte, som fikk ut litt aggresjon p\u00e5 det siste hullet.&nbsp;<\/p>\n\n\n\n<figure class=\"wp-block-image size-large\"><img decoding=\"async\" width=\"768\" height=\"1024\" data-src=\"https:\/\/site.uit.no\/arkeologisk-feltkurs\/wp-content\/uploads\/sites\/457\/2025\/06\/IMG_3545-2-768x1024.jpeg\" alt=\"\" class=\"wp-image-747 lazyload\" data-srcset=\"https:\/\/site.uit.no\/arkeologisk-feltkurs\/wp-content\/uploads\/sites\/457\/2025\/06\/IMG_3545-2-768x1024.jpeg 768w, https:\/\/site.uit.no\/arkeologisk-feltkurs\/wp-content\/uploads\/sites\/457\/2025\/06\/IMG_3545-2-225x300.jpeg 225w, https:\/\/site.uit.no\/arkeologisk-feltkurs\/wp-content\/uploads\/sites\/457\/2025\/06\/IMG_3545-2-1152x1536.jpeg 1152w, https:\/\/site.uit.no\/arkeologisk-feltkurs\/wp-content\/uploads\/sites\/457\/2025\/06\/IMG_3545-2-1536x2048.jpeg 1536w, https:\/\/site.uit.no\/arkeologisk-feltkurs\/wp-content\/uploads\/sites\/457\/2025\/06\/IMG_3545-2-scaled.jpeg 1920w\" data-sizes=\"(max-width: 706px) 89vw, (max-width: 767px) 82vw, 740px\" src=\"data:image\/svg+xml;base64,PHN2ZyB3aWR0aD0iMSIgaGVpZ2h0PSIxIiB4bWxucz0iaHR0cDovL3d3dy53My5vcmcvMjAwMC9zdmciPjwvc3ZnPg==\" style=\"--smush-placeholder-width: 768px; --smush-placeholder-aspect-ratio: 768\/1024;\" \/><\/figure>\n\n\n\n<figure class=\"wp-block-image size-large\"><img decoding=\"async\" width=\"768\" height=\"1024\" data-src=\"https:\/\/site.uit.no\/arkeologisk-feltkurs\/wp-content\/uploads\/sites\/457\/2025\/06\/IMG_3539-2-768x1024.jpeg\" alt=\"\" class=\"wp-image-744 lazyload\" data-srcset=\"https:\/\/site.uit.no\/arkeologisk-feltkurs\/wp-content\/uploads\/sites\/457\/2025\/06\/IMG_3539-2-768x1024.jpeg 768w, https:\/\/site.uit.no\/arkeologisk-feltkurs\/wp-content\/uploads\/sites\/457\/2025\/06\/IMG_3539-2-225x300.jpeg 225w, https:\/\/site.uit.no\/arkeologisk-feltkurs\/wp-content\/uploads\/sites\/457\/2025\/06\/IMG_3539-2-1152x1536.jpeg 1152w, https:\/\/site.uit.no\/arkeologisk-feltkurs\/wp-content\/uploads\/sites\/457\/2025\/06\/IMG_3539-2-1536x2048.jpeg 1536w, https:\/\/site.uit.no\/arkeologisk-feltkurs\/wp-content\/uploads\/sites\/457\/2025\/06\/IMG_3539-2-scaled.jpeg 1920w\" data-sizes=\"(max-width: 706px) 89vw, (max-width: 767px) 82vw, 740px\" src=\"data:image\/svg+xml;base64,PHN2ZyB3aWR0aD0iMSIgaGVpZ2h0PSIxIiB4bWxucz0iaHR0cDovL3d3dy53My5vcmcvMjAwMC9zdmciPjwvc3ZnPg==\" style=\"--smush-placeholder-width: 768px; --smush-placeholder-aspect-ratio: 768\/1024;\" \/><\/figure>\n\n\n\n<figure class=\"wp-block-image size-large\"><img decoding=\"async\" width=\"768\" height=\"1024\" data-src=\"https:\/\/site.uit.no\/arkeologisk-feltkurs\/wp-content\/uploads\/sites\/457\/2025\/06\/IMG_3540-2-768x1024.jpeg\" alt=\"\" class=\"wp-image-745 lazyload\" data-srcset=\"https:\/\/site.uit.no\/arkeologisk-feltkurs\/wp-content\/uploads\/sites\/457\/2025\/06\/IMG_3540-2-768x1024.jpeg 768w, https:\/\/site.uit.no\/arkeologisk-feltkurs\/wp-content\/uploads\/sites\/457\/2025\/06\/IMG_3540-2-225x300.jpeg 225w, https:\/\/site.uit.no\/arkeologisk-feltkurs\/wp-content\/uploads\/sites\/457\/2025\/06\/IMG_3540-2-1152x1536.jpeg 1152w, https:\/\/site.uit.no\/arkeologisk-feltkurs\/wp-content\/uploads\/sites\/457\/2025\/06\/IMG_3540-2-1536x2048.jpeg 1536w, https:\/\/site.uit.no\/arkeologisk-feltkurs\/wp-content\/uploads\/sites\/457\/2025\/06\/IMG_3540-2-scaled.jpeg 1920w\" data-sizes=\"(max-width: 706px) 89vw, (max-width: 767px) 82vw, 740px\" src=\"data:image\/svg+xml;base64,PHN2ZyB3aWR0aD0iMSIgaGVpZ2h0PSIxIiB4bWxucz0iaHR0cDovL3d3dy53My5vcmcvMjAwMC9zdmciPjwvc3ZnPg==\" style=\"--smush-placeholder-width: 768px; --smush-placeholder-aspect-ratio: 768\/1024;\" \/><\/figure>\n\n\n\n<figure class=\"wp-block-image size-large\"><img decoding=\"async\" width=\"768\" height=\"1024\" data-src=\"https:\/\/site.uit.no\/arkeologisk-feltkurs\/wp-content\/uploads\/sites\/457\/2025\/06\/1000002670-768x1024.jpg\" alt=\"\" class=\"wp-image-746 lazyload\" data-srcset=\"https:\/\/site.uit.no\/arkeologisk-feltkurs\/wp-content\/uploads\/sites\/457\/2025\/06\/1000002670-768x1024.jpg 768w, https:\/\/site.uit.no\/arkeologisk-feltkurs\/wp-content\/uploads\/sites\/457\/2025\/06\/1000002670-225x300.jpg 225w, https:\/\/site.uit.no\/arkeologisk-feltkurs\/wp-content\/uploads\/sites\/457\/2025\/06\/1000002670-1152x1536.jpg 1152w, https:\/\/site.uit.no\/arkeologisk-feltkurs\/wp-content\/uploads\/sites\/457\/2025\/06\/1000002670-rotated.jpg 1500w\" data-sizes=\"(max-width: 706px) 89vw, (max-width: 767px) 82vw, 740px\" src=\"data:image\/svg+xml;base64,PHN2ZyB3aWR0aD0iMSIgaGVpZ2h0PSIxIiB4bWxucz0iaHR0cDovL3d3dy53My5vcmcvMjAwMC9zdmciPjwvc3ZnPg==\" style=\"--smush-placeholder-width: 768px; --smush-placeholder-aspect-ratio: 768\/1024;\" \/><\/figure>\n\n\n\n<p>N\u00e5 har vi bare morgendagen igjen, hvor vi blir kastet ut av slottet og tilbake til UiT. Alt er av pr\u00f8ver og dokumenteringer er lastet inn i bilene, s\u00e5 vi f\u00e5r sove litt lenger i morgen. Det blir ikke noen pannekakefrokost, men en siste dag med kneip.&nbsp;<\/p>\n\n\n\n<p>I morgen blir \u00e5rets siste blogpost med en liten collage av bilder fra kurset. Vi snakkes da:<\/p>\n\n\n\n<p>Martine B\u00f8rkja &amp; Cassandra J\u00f8rgensen &lt;3<\/p>\n","protected":false},"excerpt":{"rendered":"<p>\u00a1Hola! Da var siste dagen i feltet ferdig! M\u00e5 innr\u00f8mme at det er en glad-trist dag. Alle savner nok sin egen seng, men det har v\u00e6rt veldig mye kos her i feltet. P\u00e5 den siste dagen her hadde vi mye \u00e5 gj\u00f8re, men som den gode gjengen vi er, ble det unnagjort f\u00f8r vi skulle &hellip; <\/p>\n<p class=\"link-more\"><a href=\"https:\/\/site.uit.no\/arkeologisk-feltkurs\/2025\/06\/19\/evenskjer-2025-dag-9-den-siste-dagen-i-sandkassen\/\" class=\"more-link\">Continue reading<span class=\"screen-reader-text\"> &#8220;Evenskjer 2025: Dag 9, den siste dagen i sandkassen&#8221;<\/span><\/a><\/p>\n","protected":false},"author":123699,"featured_media":0,"comment_status":"open","ping_status":"open","sticky":false,"template":"","format":"standard","meta":{"footnotes":""},"categories":[],"tags":[],"class_list":["post-738","post","type-post","status-publish","format-standard","hentry"],"_links":{"self":[{"href":"https:\/\/site.uit.no\/arkeologisk-feltkurs\/wp-json\/wp\/v2\/posts\/738","targetHints":{"allow":["GET"]}}],"collection":[{"href":"https:\/\/site.uit.no\/arkeologisk-feltkurs\/wp-json\/wp\/v2\/posts"}],"about":[{"href":"https:\/\/site.uit.no\/arkeologisk-feltkurs\/wp-json\/wp\/v2\/types\/post"}],"author":[{"embeddable":true,"href":"https:\/\/site.uit.no\/arkeologisk-feltkurs\/wp-json\/wp\/v2\/users\/123699"}],"replies":[{"embeddable":true,"href":"https:\/\/site.uit.no\/arkeologisk-feltkurs\/wp-json\/wp\/v2\/comments?post=738"}],"version-history":[{"count":1,"href":"https:\/\/site.uit.no\/arkeologisk-feltkurs\/wp-json\/wp\/v2\/posts\/738\/revisions"}],"predecessor-version":[{"id":748,"href":"https:\/\/site.uit.no\/arkeologisk-feltkurs\/wp-json\/wp\/v2\/posts\/738\/revisions\/748"}],"wp:attachment":[{"href":"https:\/\/site.uit.no\/arkeologisk-feltkurs\/wp-json\/wp\/v2\/media?parent=738"}],"wp:term":[{"taxonomy":"category","embeddable":true,"href":"https:\/\/site.uit.no\/arkeologisk-feltkurs\/wp-json\/wp\/v2\/categories?post=738"},{"taxonomy":"post_tag","embeddable":true,"href":"https:\/\/site.uit.no\/arkeologisk-feltkurs\/wp-json\/wp\/v2\/tags?post=738"}],"curies":[{"name":"wp","href":"https:\/\/api.w.org\/{rel}","templated":true}]}}