{"id":750,"date":"2025-06-20T21:16:36","date_gmt":"2025-06-20T21:16:36","guid":{"rendered":"https:\/\/site.uit.no\/arkeologisk-feltkurs\/?p=750"},"modified":"2025-06-20T21:16:40","modified_gmt":"2025-06-20T21:16:40","slug":"takk-og-farvell-til-vart-feltarbeid-pa-evenskjer-i-2025","status":"publish","type":"post","link":"https:\/\/site.uit.no\/arkeologisk-feltkurs\/2025\/06\/20\/takk-og-farvell-til-vart-feltarbeid-pa-evenskjer-i-2025\/","title":{"rendered":"Takk og farvell til v\u00e5rt feltarbeid p\u00e5 Evenskjer i 2025"},"content":{"rendered":"\n<p>Heihei, <\/p>\n\n\n\n<p>Da var vi reist fra lokaliteten, f\u00e5tt pakket utstyret tilbake p\u00e5 Breivika, og de fleste har n\u00e5 sommerferie. Hele opplegget har v\u00e6rt et spennende prosjekt med mye ny kunnskap, hvor l\u00e6ringskurven har v\u00e6rt bratt, men tilgivelig, heldighvis. Som f\u00f8rste\u00e5rs studenter har vi for eksempel l\u00e6rt mye teoretisk om hvordan strategrafien, alts\u00e5 lagdelingene i bakken kan se ut, men det \u00e5 v\u00e6re med \u00e5 fysisk grave dem ut gir et helt annet forst\u00e5elsesintrykk. <\/p>\n\n\n\n<figure class=\"wp-block-image size-large\"><img fetchpriority=\"high\" decoding=\"async\" width=\"1024\" height=\"768\" src=\"https:\/\/site.uit.no\/arkeologisk-feltkurs\/wp-content\/uploads\/sites\/457\/2025\/06\/Benedicte-og-Mads-som-snitter-deler-av-groften-1024x768.jpg\" alt=\"\" class=\"wp-image-752\" srcset=\"https:\/\/site.uit.no\/arkeologisk-feltkurs\/wp-content\/uploads\/sites\/457\/2025\/06\/Benedicte-og-Mads-som-snitter-deler-av-groften-1024x768.jpg 1024w, https:\/\/site.uit.no\/arkeologisk-feltkurs\/wp-content\/uploads\/sites\/457\/2025\/06\/Benedicte-og-Mads-som-snitter-deler-av-groften-300x225.jpg 300w, https:\/\/site.uit.no\/arkeologisk-feltkurs\/wp-content\/uploads\/sites\/457\/2025\/06\/Benedicte-og-Mads-som-snitter-deler-av-groften-768x576.jpg 768w, https:\/\/site.uit.no\/arkeologisk-feltkurs\/wp-content\/uploads\/sites\/457\/2025\/06\/Benedicte-og-Mads-som-snitter-deler-av-groften-1536x1152.jpg 1536w, https:\/\/site.uit.no\/arkeologisk-feltkurs\/wp-content\/uploads\/sites\/457\/2025\/06\/Benedicte-og-Mads-som-snitter-deler-av-groften-2048x1536.jpg 2048w\" sizes=\"(max-width: 706px) 89vw, (max-width: 767px) 82vw, 740px\" \/><figcaption class=\"wp-element-caption\">Benedicte og Mads som snitter deler av veggr\u00f8ften.<\/figcaption><\/figure>\n\n\n\n<p>Det har v\u00e6rt mange kjekke \u00f8yeblikk, og vi har gjort det morsomt mens vi var i feltet.<\/p>\n\n\n\n<figure class=\"wp-block-image size-large is-resized\"><img decoding=\"async\" width=\"768\" height=\"1024\" data-src=\"https:\/\/site.uit.no\/arkeologisk-feltkurs\/wp-content\/uploads\/sites\/457\/2025\/06\/Thomas-som-provesitter-i-et-hull-2-768x1024.jpg\" alt=\"\" class=\"wp-image-755 lazyload\" style=\"--smush-placeholder-width: 768px; --smush-placeholder-aspect-ratio: 768\/1024;width:443px;height:auto\" data-srcset=\"https:\/\/site.uit.no\/arkeologisk-feltkurs\/wp-content\/uploads\/sites\/457\/2025\/06\/Thomas-som-provesitter-i-et-hull-2-768x1024.jpg 768w, https:\/\/site.uit.no\/arkeologisk-feltkurs\/wp-content\/uploads\/sites\/457\/2025\/06\/Thomas-som-provesitter-i-et-hull-2-225x300.jpg 225w, https:\/\/site.uit.no\/arkeologisk-feltkurs\/wp-content\/uploads\/sites\/457\/2025\/06\/Thomas-som-provesitter-i-et-hull-2-1152x1536.jpg 1152w, https:\/\/site.uit.no\/arkeologisk-feltkurs\/wp-content\/uploads\/sites\/457\/2025\/06\/Thomas-som-provesitter-i-et-hull-2-1536x2048.jpg 1536w, https:\/\/site.uit.no\/arkeologisk-feltkurs\/wp-content\/uploads\/sites\/457\/2025\/06\/Thomas-som-provesitter-i-et-hull-2-scaled.jpg 1920w\" data-sizes=\"(max-width: 706px) 89vw, (max-width: 767px) 82vw, 740px\" src=\"data:image\/svg+xml;base64,PHN2ZyB3aWR0aD0iMSIgaGVpZ2h0PSIxIiB4bWxucz0iaHR0cDovL3d3dy53My5vcmcvMjAwMC9zdmciPjwvc3ZnPg==\" \/><figcaption class=\"wp-element-caption\">Thomas som sitter i et hull<\/figcaption><\/figure>\n\n\n\n<div class=\"wp-block-columns is-layout-flex wp-container-core-columns-is-layout-9d6595d7 wp-block-columns-is-layout-flex\">\n<div class=\"wp-block-column is-layout-flow wp-block-column-is-layout-flow\" style=\"flex-basis:100%\">\n<figure class=\"wp-block-image size-large is-resized\"><img decoding=\"async\" width=\"1024\" height=\"768\" data-src=\"https:\/\/site.uit.no\/arkeologisk-feltkurs\/wp-content\/uploads\/sites\/457\/2025\/06\/Snapchat-862040137-1024x768.jpg\" alt=\"\" class=\"wp-image-756 lazyload\" style=\"--smush-placeholder-width: 1024px; --smush-placeholder-aspect-ratio: 1024\/768;width:445px;height:auto\" data-srcset=\"https:\/\/site.uit.no\/arkeologisk-feltkurs\/wp-content\/uploads\/sites\/457\/2025\/06\/Snapchat-862040137-1024x768.jpg 1024w, https:\/\/site.uit.no\/arkeologisk-feltkurs\/wp-content\/uploads\/sites\/457\/2025\/06\/Snapchat-862040137-300x225.jpg 300w, https:\/\/site.uit.no\/arkeologisk-feltkurs\/wp-content\/uploads\/sites\/457\/2025\/06\/Snapchat-862040137-768x576.jpg 768w, https:\/\/site.uit.no\/arkeologisk-feltkurs\/wp-content\/uploads\/sites\/457\/2025\/06\/Snapchat-862040137-1536x1152.jpg 1536w, https:\/\/site.uit.no\/arkeologisk-feltkurs\/wp-content\/uploads\/sites\/457\/2025\/06\/Snapchat-862040137-2048x1536.jpg 2048w\" data-sizes=\"(max-width: 706px) 89vw, (max-width: 767px) 82vw, 740px\" src=\"data:image\/svg+xml;base64,PHN2ZyB3aWR0aD0iMSIgaGVpZ2h0PSIxIiB4bWxucz0iaHR0cDovL3d3dy53My5vcmcvMjAwMC9zdmciPjwvc3ZnPg==\" \/><figcaption class=\"wp-element-caption\">Martine og ponchotarpen<\/figcaption><\/figure>\n\n\n\n<figure class=\"wp-block-image size-large is-resized\"><img decoding=\"async\" width=\"768\" height=\"1024\" data-src=\"https:\/\/site.uit.no\/arkeologisk-feltkurs\/wp-content\/uploads\/sites\/457\/2025\/06\/Snapchat-8850201-768x1024.jpg\" alt=\"\" class=\"wp-image-757 lazyload\" style=\"--smush-placeholder-width: 768px; --smush-placeholder-aspect-ratio: 768\/1024;width:449px;height:auto\" data-srcset=\"https:\/\/site.uit.no\/arkeologisk-feltkurs\/wp-content\/uploads\/sites\/457\/2025\/06\/Snapchat-8850201-768x1024.jpg 768w, https:\/\/site.uit.no\/arkeologisk-feltkurs\/wp-content\/uploads\/sites\/457\/2025\/06\/Snapchat-8850201-225x300.jpg 225w, https:\/\/site.uit.no\/arkeologisk-feltkurs\/wp-content\/uploads\/sites\/457\/2025\/06\/Snapchat-8850201-1152x1536.jpg 1152w, https:\/\/site.uit.no\/arkeologisk-feltkurs\/wp-content\/uploads\/sites\/457\/2025\/06\/Snapchat-8850201-1536x2048.jpg 1536w, https:\/\/site.uit.no\/arkeologisk-feltkurs\/wp-content\/uploads\/sites\/457\/2025\/06\/Snapchat-8850201.jpg 1656w\" data-sizes=\"(max-width: 706px) 89vw, (max-width: 767px) 82vw, 740px\" src=\"data:image\/svg+xml;base64,PHN2ZyB3aWR0aD0iMSIgaGVpZ2h0PSIxIiB4bWxucz0iaHR0cDovL3d3dy53My5vcmcvMjAwMC9zdmciPjwvc3ZnPg==\" \/><figcaption class=\"wp-element-caption\">Anna og Tussiteltet<\/figcaption><\/figure>\n\n\n\n<p>I l\u00f8pet av ukene hadde vi ogs\u00e5 mange kjekke bes\u00f8k. Det kom skoleklasser, ordf\u00f8reren, geologer og mange andre som \u00f8nsket \u00e5 se hvordan vi gravde ut dette langhuset. P\u00e5 s\u00f8ndagen hadde vi \u00e5pen dag i feltet, og det kom s\u00e5 mange hyggelige folk innom, trolig oppi 40-50 stykker. Vi fikk til og med bes\u00f8k av journalister fra Harstad Tidene og NRK som \u00f8nsket \u00e5 skrive om utgravingen v\u00e5res!<\/p>\n<\/div>\n<\/div>\n\n\n\n<figure class=\"wp-block-image size-large\"><img decoding=\"async\" width=\"768\" height=\"1024\" data-src=\"https:\/\/site.uit.no\/arkeologisk-feltkurs\/wp-content\/uploads\/sites\/457\/2025\/06\/Nyhetsartikkelen-i-Harstad-Tidene-1-768x1024.jpg\" alt=\"\" class=\"wp-image-761 lazyload\" data-srcset=\"https:\/\/site.uit.no\/arkeologisk-feltkurs\/wp-content\/uploads\/sites\/457\/2025\/06\/Nyhetsartikkelen-i-Harstad-Tidene-1-768x1024.jpg 768w, https:\/\/site.uit.no\/arkeologisk-feltkurs\/wp-content\/uploads\/sites\/457\/2025\/06\/Nyhetsartikkelen-i-Harstad-Tidene-1-225x300.jpg 225w, https:\/\/site.uit.no\/arkeologisk-feltkurs\/wp-content\/uploads\/sites\/457\/2025\/06\/Nyhetsartikkelen-i-Harstad-Tidene-1-1152x1536.jpg 1152w, https:\/\/site.uit.no\/arkeologisk-feltkurs\/wp-content\/uploads\/sites\/457\/2025\/06\/Nyhetsartikkelen-i-Harstad-Tidene-1-1536x2048.jpg 1536w, https:\/\/site.uit.no\/arkeologisk-feltkurs\/wp-content\/uploads\/sites\/457\/2025\/06\/Nyhetsartikkelen-i-Harstad-Tidene-1-scaled.jpg 1920w\" data-sizes=\"(max-width: 706px) 89vw, (max-width: 767px) 82vw, 740px\" src=\"data:image\/svg+xml;base64,PHN2ZyB3aWR0aD0iMSIgaGVpZ2h0PSIxIiB4bWxucz0iaHR0cDovL3d3dy53My5vcmcvMjAwMC9zdmciPjwvc3ZnPg==\" style=\"--smush-placeholder-width: 768px; --smush-placeholder-aspect-ratio: 768\/1024;\" \/><figcaption class=\"wp-element-caption\">Nyhetsartikkelen fra Harstad tidene<\/figcaption><\/figure>\n\n\n\n<p>Selv om store deler av kurset har v\u00e6rt p\u00e5 feltet, hadde vi enda tid til noen ekskrusjoner i helgen. P\u00e5 l\u00f8rdagen brukte vi mesteparten av dagen p\u00e5 \u00e5 kj\u00f8re fra Tjeld\u00f8ya til Harstad, ogs\u00e5 videre langs kysten til Kv\u00e6\u00f8ya. Her fikk vi omvisning og guiding av forskjellige kulturminner fra foreleserne v\u00e5res og J\u00f8rn fra Universitetsmuseet i Troms\u00f8 som var med p\u00e5 nesten hele utgravingen. S\u00f8ndagen startet med \u00e5pen dag i feltet, hvor noen av oss reiste videre innover Tjeld\u00f8ya til et eldre gravfelt.<\/p>\n\n\n\n<figure class=\"wp-block-image size-large\"><img decoding=\"async\" width=\"1024\" height=\"768\" data-src=\"https:\/\/site.uit.no\/arkeologisk-feltkurs\/wp-content\/uploads\/sites\/457\/2025\/06\/Pa-vei-til-nausttuftene-1-1024x768.jpg\" alt=\"\" class=\"wp-image-763 lazyload\" data-srcset=\"https:\/\/site.uit.no\/arkeologisk-feltkurs\/wp-content\/uploads\/sites\/457\/2025\/06\/Pa-vei-til-nausttuftene-1-1024x768.jpg 1024w, https:\/\/site.uit.no\/arkeologisk-feltkurs\/wp-content\/uploads\/sites\/457\/2025\/06\/Pa-vei-til-nausttuftene-1-300x225.jpg 300w, https:\/\/site.uit.no\/arkeologisk-feltkurs\/wp-content\/uploads\/sites\/457\/2025\/06\/Pa-vei-til-nausttuftene-1-768x576.jpg 768w, https:\/\/site.uit.no\/arkeologisk-feltkurs\/wp-content\/uploads\/sites\/457\/2025\/06\/Pa-vei-til-nausttuftene-1-1536x1152.jpg 1536w, https:\/\/site.uit.no\/arkeologisk-feltkurs\/wp-content\/uploads\/sites\/457\/2025\/06\/Pa-vei-til-nausttuftene-1-2048x1536.jpg 2048w\" data-sizes=\"(max-width: 706px) 89vw, (max-width: 767px) 82vw, 740px\" src=\"data:image\/svg+xml;base64,PHN2ZyB3aWR0aD0iMSIgaGVpZ2h0PSIxIiB4bWxucz0iaHR0cDovL3d3dy53My5vcmcvMjAwMC9zdmciPjwvc3ZnPg==\" style=\"--smush-placeholder-width: 1024px; --smush-placeholder-aspect-ratio: 1024\/768;\" \/><figcaption class=\"wp-element-caption\">P\u00e5 vei til nausttuftene i Altev\u00e5gen<\/figcaption><\/figure>\n\n\n\n<figure class=\"wp-block-image size-large\"><img decoding=\"async\" width=\"1024\" height=\"768\" data-src=\"https:\/\/site.uit.no\/arkeologisk-feltkurs\/wp-content\/uploads\/sites\/457\/2025\/06\/Ekskrusjon-til-et-gravfelt-etter-apen-dag-pa-sondagen-1024x768.jpg\" alt=\"\" class=\"wp-image-764 lazyload\" data-srcset=\"https:\/\/site.uit.no\/arkeologisk-feltkurs\/wp-content\/uploads\/sites\/457\/2025\/06\/Ekskrusjon-til-et-gravfelt-etter-apen-dag-pa-sondagen-1024x768.jpg 1024w, https:\/\/site.uit.no\/arkeologisk-feltkurs\/wp-content\/uploads\/sites\/457\/2025\/06\/Ekskrusjon-til-et-gravfelt-etter-apen-dag-pa-sondagen-300x225.jpg 300w, https:\/\/site.uit.no\/arkeologisk-feltkurs\/wp-content\/uploads\/sites\/457\/2025\/06\/Ekskrusjon-til-et-gravfelt-etter-apen-dag-pa-sondagen-768x576.jpg 768w, https:\/\/site.uit.no\/arkeologisk-feltkurs\/wp-content\/uploads\/sites\/457\/2025\/06\/Ekskrusjon-til-et-gravfelt-etter-apen-dag-pa-sondagen-1536x1152.jpg 1536w, https:\/\/site.uit.no\/arkeologisk-feltkurs\/wp-content\/uploads\/sites\/457\/2025\/06\/Ekskrusjon-til-et-gravfelt-etter-apen-dag-pa-sondagen-2048x1536.jpg 2048w\" data-sizes=\"(max-width: 706px) 89vw, (max-width: 767px) 82vw, 740px\" src=\"data:image\/svg+xml;base64,PHN2ZyB3aWR0aD0iMSIgaGVpZ2h0PSIxIiB4bWxucz0iaHR0cDovL3d3dy53My5vcmcvMjAwMC9zdmciPjwvc3ZnPg==\" style=\"--smush-placeholder-width: 1024px; --smush-placeholder-aspect-ratio: 1024\/768;\" \/><figcaption class=\"wp-element-caption\">Ekskjrusjon til gravfeltet p\u00e5 Tjeld\u00f8ya<\/figcaption><\/figure>\n\n\n\n<p>Selv om vi har mye mer vi kunne fortalt, og mange flere bilder vi kunne vist, blir nok dette slutten p\u00e5 et kjempefint feltkurs. Siden vi fikk gravd ut s\u00e5 og si hele langhuset disse ukene, vil ikke neste \u00e5rs utgraving komme tilbake hit. Med dette \u00f8nsker vi dermed \u00e5 si en siste takk og farvell til Evenskjer og alle som var med p\u00e5 \u00e5 gj\u00f8re dette til et s\u00e5 minneverdig opphold som det var. <\/p>\n\n\n\n<p>Og til neste \u00e5rs studenter \u00f8nsker vi masse lykke til med blogg og feltkurs, det er bare \u00e5 glede seg!<\/p>\n\n\n\n<p>N\u00e5 sier vi hade for siste gang, og vi takker dere alle som har v\u00e6rt med p\u00e5 denne reisen gjennom bloggen &lt;3<\/p>\n\n\n\n<figure class=\"wp-block-image size-large\"><img decoding=\"async\" width=\"1024\" height=\"768\" data-src=\"https:\/\/site.uit.no\/arkeologisk-feltkurs\/wp-content\/uploads\/sites\/457\/2025\/06\/Ferdig-utgravd-felt-1-1024x768.jpg\" alt=\"\" class=\"wp-image-766 lazyload\" data-srcset=\"https:\/\/site.uit.no\/arkeologisk-feltkurs\/wp-content\/uploads\/sites\/457\/2025\/06\/Ferdig-utgravd-felt-1-1024x768.jpg 1024w, https:\/\/site.uit.no\/arkeologisk-feltkurs\/wp-content\/uploads\/sites\/457\/2025\/06\/Ferdig-utgravd-felt-1-300x225.jpg 300w, https:\/\/site.uit.no\/arkeologisk-feltkurs\/wp-content\/uploads\/sites\/457\/2025\/06\/Ferdig-utgravd-felt-1-768x576.jpg 768w, https:\/\/site.uit.no\/arkeologisk-feltkurs\/wp-content\/uploads\/sites\/457\/2025\/06\/Ferdig-utgravd-felt-1-1536x1152.jpg 1536w, https:\/\/site.uit.no\/arkeologisk-feltkurs\/wp-content\/uploads\/sites\/457\/2025\/06\/Ferdig-utgravd-felt-1-rotated.jpg 2000w\" data-sizes=\"(max-width: 706px) 89vw, (max-width: 767px) 82vw, 740px\" src=\"data:image\/svg+xml;base64,PHN2ZyB3aWR0aD0iMSIgaGVpZ2h0PSIxIiB4bWxucz0iaHR0cDovL3d3dy53My5vcmcvMjAwMC9zdmciPjwvc3ZnPg==\" style=\"--smush-placeholder-width: 1024px; --smush-placeholder-aspect-ratio: 1024\/768;\" \/><figcaption class=\"wp-element-caption\">Det ferdig utgravde feltet<\/figcaption><\/figure>\n","protected":false},"excerpt":{"rendered":"<p>Heihei, Da var vi reist fra lokaliteten, f\u00e5tt pakket utstyret tilbake p\u00e5 Breivika, og de fleste har n\u00e5 sommerferie. Hele opplegget har v\u00e6rt et spennende prosjekt med mye ny kunnskap, hvor l\u00e6ringskurven har v\u00e6rt bratt, men tilgivelig, heldighvis. Som f\u00f8rste\u00e5rs studenter har vi for eksempel l\u00e6rt mye teoretisk om hvordan strategrafien, alts\u00e5 lagdelingene i bakken &hellip; <\/p>\n<p class=\"link-more\"><a href=\"https:\/\/site.uit.no\/arkeologisk-feltkurs\/2025\/06\/20\/takk-og-farvell-til-vart-feltarbeid-pa-evenskjer-i-2025\/\" class=\"more-link\">Continue reading<span class=\"screen-reader-text\"> &#8220;Takk og farvell til v\u00e5rt feltarbeid p\u00e5 Evenskjer i 2025&#8221;<\/span><\/a><\/p>\n","protected":false},"author":123703,"featured_media":0,"comment_status":"open","ping_status":"open","sticky":false,"template":"","format":"standard","meta":{"footnotes":""},"categories":[],"tags":[],"class_list":["post-750","post","type-post","status-publish","format-standard","hentry"],"_links":{"self":[{"href":"https:\/\/site.uit.no\/arkeologisk-feltkurs\/wp-json\/wp\/v2\/posts\/750","targetHints":{"allow":["GET"]}}],"collection":[{"href":"https:\/\/site.uit.no\/arkeologisk-feltkurs\/wp-json\/wp\/v2\/posts"}],"about":[{"href":"https:\/\/site.uit.no\/arkeologisk-feltkurs\/wp-json\/wp\/v2\/types\/post"}],"author":[{"embeddable":true,"href":"https:\/\/site.uit.no\/arkeologisk-feltkurs\/wp-json\/wp\/v2\/users\/123703"}],"replies":[{"embeddable":true,"href":"https:\/\/site.uit.no\/arkeologisk-feltkurs\/wp-json\/wp\/v2\/comments?post=750"}],"version-history":[{"count":1,"href":"https:\/\/site.uit.no\/arkeologisk-feltkurs\/wp-json\/wp\/v2\/posts\/750\/revisions"}],"predecessor-version":[{"id":767,"href":"https:\/\/site.uit.no\/arkeologisk-feltkurs\/wp-json\/wp\/v2\/posts\/750\/revisions\/767"}],"wp:attachment":[{"href":"https:\/\/site.uit.no\/arkeologisk-feltkurs\/wp-json\/wp\/v2\/media?parent=750"}],"wp:term":[{"taxonomy":"category","embeddable":true,"href":"https:\/\/site.uit.no\/arkeologisk-feltkurs\/wp-json\/wp\/v2\/categories?post=750"},{"taxonomy":"post_tag","embeddable":true,"href":"https:\/\/site.uit.no\/arkeologisk-feltkurs\/wp-json\/wp\/v2\/tags?post=750"}],"curies":[{"name":"wp","href":"https:\/\/api.w.org\/{rel}","templated":true}]}}