{"id":2575,"date":"2016-11-11T10:45:14","date_gmt":"2016-11-11T09:45:14","guid":{"rendered":"https:\/\/site.uit.no\/favllis\/?p=2575"},"modified":"2016-11-11T11:46:15","modified_gmt":"2016-11-11T10:46:15","slug":"favllis-presentasjon-om-social-ecological-timelines","status":"publish","type":"post","link":"https:\/\/site.uit.no\/favllis\/2016\/11\/11\/favllis-presentasjon-om-social-ecological-timelines\/","title":{"rendered":"F\u00e1vllis-presentasjon om Social-Ecological Timelines"},"content":{"rendered":"<p>10. november holdt Camilla Brattland og J\u00f8rn Weines en presentasjonen om sosio-\u00f8kologiske tidslinjer p\u00e5 konferansen <a href=\"http:\/\/www.fixo3.eu\/events\/time-series-analysis-in-environmental-science-and-applications-to-climate-change\/\"><em>Time series analysis in environmental science and applications to climate change<\/em><\/a>.<\/p>\n<p>Abstract &#8220;Social-Ecological Timelines and climate change narratives in Finnmarkfjord fisheries&#8221;:<br \/>\nBased\u00a0 on\u00a0 research\u00a0 conducted\u00a0 through\u00a0 the\u00a0 F\u00e1vllis\u00a0 network\u00a0 for\u00a0 Sami\u00a0 fisheries\u00a0 research,\u00a0 this paper presents examples of socio-ecological timelines (SET). The concept was developed as a tool\u00a0 for\u00a0 analysing\u00a0 social-ecological\u00a0 change\u00a0 at\u00a0 a\u00a0 small\u00a0 spatial\u00a0 scale.\u00a0 Experiences\u00a0 from attempting\u00a0 to\u00a0 compare\u00a0 and\u00a0 integrate\u00a0 science\u00a0 and\u00a0 local\u00a0 knowledge\u00a0 on\u00a0 fjord\u00a0 ecosystems\u00a0 is that there is little overlap between the two, because the data represent different spatial and temporal\u00a0\u00a0 scales\u00a0\u00a0 and\u00a0\u00a0 very\u00a0\u00a0 different\u00a0\u00a0 methods.\u00a0\u00a0 Until\u00a0\u00a0 recently,\u00a0\u00a0 marine\u00a0\u00a0 scientists\u00a0\u00a0 have concentrated on large-scale ecological systems such as the Barents Sea, and the research on fjord\u00a0 ecology\u00a0 that\u00a0 started\u00a0 in\u00a0 the\u00a0 1990s\u00a0 is\u00a0 limited in\u00a0 scope\u00a0 and\u00a0 cannot\u00a0 produce\u00a0 long\u00a0 time series. The experience-based knowledge of local fishers on the other hand, is limited to their harvesting\u00a0 space.\u00a0 Fishers\u00a0 can\u00a0 recollect\u00a0 long-term\u00a0 trends\u00a0 and\u00a0 events\u00a0 of\u00a0 ecological\u00a0 change throughout their fishing\u00a0 career,\u00a0 which\u00a0 brings\u00a0 a\u00a0 much\u00a0 longer time\u00a0 perspective\u00a0 on\u00a0 ecological change in the area. To represent such timelines is challenging, however, and to integrate it with marine science and climate change research even more so. This presentation provides some examples of SET from climate change narratives developed from interviews with fjord fishers in Finnmark, and discusses some of the challenges and advantages to including SET in ecological and climate change research.<\/p>\n<p><a href=\"https:\/\/site.uit.no\/favllis\/wp-content\/uploads\/sites\/29\/2016\/11\/TimeSeries-101116-final.pdf\">Power-point presentasjon<\/a>.<\/p>\n","protected":false},"excerpt":{"rendered":"<p>10. november holdt Camilla Brattland og J\u00f8rn Weines en presentasjonen om sosio-\u00f8kologiske tidslinjer p\u00e5 konferansen Time series analysis in environmental science and applications to climate change. Abstract &#8220;Social-Ecological Timelines and climate change narratives in Finnmarkfjord fisheries&#8221;: Based\u00a0 on\u00a0 research\u00a0 conducted\u00a0 &hellip; <a href=\"https:\/\/site.uit.no\/favllis\/2016\/11\/11\/favllis-presentasjon-om-social-ecological-timelines\/\">Continue reading <span class=\"meta-nav\">&rarr;<\/span><\/a><\/p>\n","protected":false},"author":70,"featured_media":0,"comment_status":"closed","ping_status":"closed","sticky":false,"template":"","format":"standard","meta":{"footnotes":""},"categories":[1],"tags":[],"class_list":["post-2575","post","type-post","status-publish","format-standard","hentry","category-uncategorized"],"_links":{"self":[{"href":"https:\/\/site.uit.no\/favllis\/wp-json\/wp\/v2\/posts\/2575","targetHints":{"allow":["GET"]}}],"collection":[{"href":"https:\/\/site.uit.no\/favllis\/wp-json\/wp\/v2\/posts"}],"about":[{"href":"https:\/\/site.uit.no\/favllis\/wp-json\/wp\/v2\/types\/post"}],"author":[{"embeddable":true,"href":"https:\/\/site.uit.no\/favllis\/wp-json\/wp\/v2\/users\/70"}],"replies":[{"embeddable":true,"href":"https:\/\/site.uit.no\/favllis\/wp-json\/wp\/v2\/comments?post=2575"}],"version-history":[{"count":2,"href":"https:\/\/site.uit.no\/favllis\/wp-json\/wp\/v2\/posts\/2575\/revisions"}],"predecessor-version":[{"id":2578,"href":"https:\/\/site.uit.no\/favllis\/wp-json\/wp\/v2\/posts\/2575\/revisions\/2578"}],"wp:attachment":[{"href":"https:\/\/site.uit.no\/favllis\/wp-json\/wp\/v2\/media?parent=2575"}],"wp:term":[{"taxonomy":"category","embeddable":true,"href":"https:\/\/site.uit.no\/favllis\/wp-json\/wp\/v2\/categories?post=2575"},{"taxonomy":"post_tag","embeddable":true,"href":"https:\/\/site.uit.no\/favllis\/wp-json\/wp\/v2\/tags?post=2575"}],"curies":[{"name":"wp","href":"https:\/\/api.w.org\/{rel}","templated":true}]}}