{"id":658,"date":"2025-08-11T07:00:00","date_gmt":"2025-08-11T07:00:00","guid":{"rendered":"https:\/\/site.uit.no\/fjellifarta\/?p=658"},"modified":"2025-08-08T08:37:33","modified_gmt":"2025-08-08T08:37:33","slug":"skredsommer","status":"publish","type":"post","link":"https:\/\/site.uit.no\/fjellifarta\/skredsommer\/","title":{"rendered":"Skredsommer"},"content":{"rendered":"\n<p>I sommer har det v\u00e6rt aktivitet i fjellpartier b\u00e5de nord og i s\u00f8r. Skredaktiviteten har stort sett v\u00e6rt steinsprang av st\u00f8rre og mindre omfang som har pirret turister og skremt lokale.<\/p>\n\n\n\n<figure class=\"wp-block-image size-large\"><img decoding=\"async\" src=\"https:\/\/gfx.nrk.no\/RtaZwo1IZ2LBnDvgboFddQVwUMTDD09sEk9jUvFO85Bw.jpg\" alt=\"\" \/><figcaption class=\"wp-element-caption\">Steinsprang fra Oksfjellet over Holmen i K\u00e5fjord. Foto: NRK<\/figcaption><\/figure>\n\n\n\n<!--more-->\n\n\n\n<p>I Innerdalen, Norges vakreste dal if\u00f8lge mange, ligger Skarfjellet som har hatt flere titalls steinsprang p\u00e5 v\u00e5rparten og i sommer. Fjellpartiet er mellom 2 og 4 millioner kubikkmeter (en betydelig st\u00f8rrelse) og har utviklet en baksprekk i \u00f8verste del av fjellpartiet i sommer. Lokale <a href=\"https:\/\/www.tiktok.com\/@the.singsdals\">Ingeborg Singsdal<\/a> har dokumentert aktiviteten p\u00e5 TikTok i sommer.<\/p>\n\n\n\n<p>Etter samtaler med kommunen om aktivitet i fjellsiden var NVE raskt ute og installert bakkeradar. M\u00e5lingene var opptil 25 cm\/dag til \u00e5 begynne med, men har roet seg med tiden. Totalt er det m\u00e5lt over 2,5 m bevegelse i fjellpartiet p\u00e5 to uker. Dette er en betydelig \u00f8kning fra den \u00e5rlige bevegelsen p\u00e5 1-2 cm\/\u00e5r som har v\u00e6rt m\u00e5t med Satellitt data (InSAR). Steinsprang aktiviteten p\u00e5 v\u00e5rparten og i sommer er et naturlig resultat av en dypere bevegelse i fjellsiden.<\/p>\n\n\n\n<figure class=\"wp-block-image size-full is-resized\"><img fetchpriority=\"high\" decoding=\"async\" width=\"680\" height=\"962\" src=\"https:\/\/site.uit.no\/fjellifarta\/wp-content\/uploads\/sites\/467\/2025\/08\/skarfjellet-losneomraade.jpg\" alt=\"\" class=\"wp-image-659\" style=\"width:680px\" srcset=\"https:\/\/site.uit.no\/fjellifarta\/wp-content\/uploads\/sites\/467\/2025\/08\/skarfjellet-losneomraade.jpg 680w, https:\/\/site.uit.no\/fjellifarta\/wp-content\/uploads\/sites\/467\/2025\/08\/skarfjellet-losneomraade-212x300.jpg 212w\" sizes=\"(max-width: 680px) 100vw, 680px\" \/><figcaption class=\"wp-element-caption\">Kart over fjellparti i bevegelse er skravert svart, st\u00f8rste beregnede senario utl\u00f8p i r\u00f8dt.<\/figcaption><\/figure>\n\n\n\n<figure class=\"wp-block-image size-large is-resized\"><img decoding=\"async\" src=\"https:\/\/akamai.vgc.no\/v2\/images\/79804bcb-3afd-4024-b464-16447bcddcbf?format=auto&amp;w=1080&amp;s=7bbce065d0188bc1ae3f1d5c6c94ba7bf6bf0a73\" alt=\"\" style=\"width:680px\" \/><figcaption class=\"wp-element-caption\">InSAR Norge ved NGU, r\u00f8dt omr\u00e5de indikerer opptil 20 mm bevegelse i \u00e5ret m\u00e5lt med satelitt. <\/figcaption><\/figure>\n\n\n\n<p>Vanligvis vil intens nedb\u00f8r og vann i sprekkesystemene i berget som f\u00f8re til \u00f8kt poretrykk som for\u00e5rsaker \u00f8kt bevegelse og aktivitet i slike fjellsider. Denne sommeren har det v\u00e6rt korte perioder med intens nedb\u00f8r p\u00e5 opptil 28,9 mm p\u00e5 litt over en time ved Innerdalen m\u00e5lestasjon, men det ser ikke ut som at dette har p\u00e5virket hastigheten i fjellpartiet i s\u00e6rlig grad. Snarere tvert imot har bevegelsene roet seg til troll for \u00f8kt nedb\u00f8r.<\/p>\n\n\n\n<figure class=\"wp-block-image size-large is-resized\"><img decoding=\"async\" src=\"https:\/\/www.cdn.tv2.no\/images\/17951959.webp?imageId=17951959&amp;width=978&amp;height=548&amp;compression=92&amp;format=webp\" alt=\"\" style=\"width:680px\" \/><figcaption class=\"wp-element-caption\">Skredmasser i bevegelse p\u00e5 Skarfjellet i Innerdalen i h\u00f8yre del av fjellet. Foto: Frank Lervik (TV2). <\/figcaption><\/figure>\n\n\n\n<p>Forel\u00f8pig er det ikke mulige \u00e5 si noen om en fullstendig utrasing av fjellsiden, men noen stor fare har det ikke v\u00e6rt i sommer if\u00f8lge Kjetil Indrev\u00e6r i NVE, men turg\u00e5ere i den vakre dalen blir frar\u00e5det \u00e5 ferdes i utl\u00f8psomr\u00e5det. En eventuell utrasing vil har lite eller ingen konsekvenser da det hverken er infrastruktur eller bygninger i utl\u00f8psomr\u00e5det.<\/p>\n\n\n\n<p>NVE fortsetter overv\u00e5kingen utover sensommeren, men ettersom konsekvensene av et stort skred p\u00e5 Skarfjellet er sm\u00e5 vil ikke NVE prioritere dette objektet i s\u00e6rlig grad.<\/p>\n\n\n\n<p>Nord-Norge har hatt store mengder sn\u00f8 i fjellet denne sesongen og smelting av sn\u00f8en har f\u00f8rt til st\u00f8rre bevegelser av de overv\u00e5kede fjellpartiene denne v\u00e5ren enn normalt. Likevel har det ikke v\u00e6rt meldt om fare for fjellskred. Men det har g\u00e5tt en h\u00e5ndfull store og flere mindre steinsprang fra Oksfjellet ved Holmen i K\u00e5fjorden i overgangen juli-august. Seks boliger i n\u00e6rheten av utl\u00f8psomr\u00e5det har blitt evakuert i en dr\u00f8y uke.<\/p>\n\n\n\n<p>Blokker p\u00e5 st\u00f8rrelse med en bil har endt opp p\u00e5 nedsiden av g\u00e5rden til Siv Nina Myrvoll og mannen (<a href=\"https:\/\/www.vg.no\/nyheter\/i\/XjVmmE\/ras-i-kaafjord-vi-maatte-springe-ut-i-full-fart\">Sak i VG<\/a>). Det er klart det er skummelt med slike krefter, og det er ikke rart lokalbefolkningen er engstelige. <\/p>\n\n\n\n<p><a href=\"https:\/\/www.nrk.no\/video\/18526584-bba5-4d00-befa-a1389075dd90\">Se video av skred her<\/a>. <\/p>\n\n\n\n<p>Oksfjellet er en langstrakt fjellside med ustabile fjellparti i den s\u00f8r-\u00f8stre delen og et fjellparti med fare for steinsprang og steinskred i Nord-vest. Det er denne delen (nord-vest) over ved Holmen der flere st\u00f8rre skred har l\u00f8snet fra fjellsiden. Ogs\u00e5 her har NVE gjort radarm\u00e5linger og droneinspeksjoner av fjellsiden. Unders\u00f8kelsene er vurdert til at de st\u00f8rste skredene har g\u00e5tt og det er trygt \u00e5 flytte hjem igjen. Steinsprang og skred kan fortsatt l\u00f8sne, men antas \u00e5 ikke n\u00e5 bebyggelse.<\/p>\n\n\n\n<figure class=\"wp-block-image size-large is-resized\"><img decoding=\"async\" src=\"https:\/\/vcdn.polarismedia.no\/9f56ff6d-edf0-41e3-98b8-cf43f0060351?fit=crop&amp;h=600&amp;q=80&amp;tight=false&amp;w=1000\" alt=\"\" style=\"width:680px\" \/><figcaption class=\"wp-element-caption\">Tydelig spor av stiensprang i Oksfjellet. <\/figcaption><\/figure>\n\n\n\n<p>Fjellpartiet ved Holmen har v\u00e6rt kjent for NVE og beboere en stund allerede. Fra 2015 har fjellsiden blitt overv\u00e5ket av radar, men det har ikke v\u00e6rt tegn til st\u00f8rre og dypere bevegelser i fjellpartiet. Det er ogs\u00e5 bygd en skredvoll p\u00e5 oversiden av veien ved Holmen.<\/p>\n\n\n\n<p>Det er skrevet masteroppgaver om fjellpartiet ved UiT; Det ustabile fjellpartiet Oksfjellet (Bredal, 2016) https:\/\/munin.uit.no\/handle\/10037\/9345 (s\u00f8rlige delen av fjellet) som har dypere og jevnlige bevegelser, og det aktuelle steinsprang partiet ved Holmen (Haukenes, 2018 https:\/\/munin.uit.no\/handle\/10037\/12886). NVE forsetter overv\u00e5king av fjellpartiet utover sen sommeren og har engasjert NGI til \u00e5 utf\u00f8re mer detaljerte faregradkartlegginger som forventes ferdigstilt f\u00f8rste kvartal av 2026.<\/p>\n\n\n\n<p><\/p>\n","protected":false},"excerpt":{"rendered":"<p>I sommer har det v\u00e6rt aktivitet i fjellpartier b\u00e5de nord og i s\u00f8r. Skredaktiviteten har stort sett v\u00e6rt steinsprang av st\u00f8rre og mindre omfang som har pirret turister og skremt lokale.<\/p>\n","protected":false},"author":1177,"featured_media":0,"comment_status":"open","ping_status":"open","sticky":false,"template":"","format":"standard","meta":{"footnotes":""},"categories":[],"tags":[],"class_list":["post-658","post","type-post","status-publish","format-standard","hentry"],"_links":{"self":[{"href":"https:\/\/site.uit.no\/fjellifarta\/wp-json\/wp\/v2\/posts\/658","targetHints":{"allow":["GET"]}}],"collection":[{"href":"https:\/\/site.uit.no\/fjellifarta\/wp-json\/wp\/v2\/posts"}],"about":[{"href":"https:\/\/site.uit.no\/fjellifarta\/wp-json\/wp\/v2\/types\/post"}],"author":[{"embeddable":true,"href":"https:\/\/site.uit.no\/fjellifarta\/wp-json\/wp\/v2\/users\/1177"}],"replies":[{"embeddable":true,"href":"https:\/\/site.uit.no\/fjellifarta\/wp-json\/wp\/v2\/comments?post=658"}],"version-history":[{"count":3,"href":"https:\/\/site.uit.no\/fjellifarta\/wp-json\/wp\/v2\/posts\/658\/revisions"}],"predecessor-version":[{"id":666,"href":"https:\/\/site.uit.no\/fjellifarta\/wp-json\/wp\/v2\/posts\/658\/revisions\/666"}],"wp:attachment":[{"href":"https:\/\/site.uit.no\/fjellifarta\/wp-json\/wp\/v2\/media?parent=658"}],"wp:term":[{"taxonomy":"category","embeddable":true,"href":"https:\/\/site.uit.no\/fjellifarta\/wp-json\/wp\/v2\/categories?post=658"},{"taxonomy":"post_tag","embeddable":true,"href":"https:\/\/site.uit.no\/fjellifarta\/wp-json\/wp\/v2\/tags?post=658"}],"curies":[{"name":"wp","href":"https:\/\/api.w.org\/{rel}","templated":true}]}}