{"id":216,"date":"2020-10-21T12:15:22","date_gmt":"2020-10-21T12:15:22","guid":{"rendered":"https:\/\/site.uit.no\/formidlingsbloggen-2020\/?p=216"},"modified":"2020-10-21T13:49:40","modified_gmt":"2020-10-21T13:49:40","slug":"hor-hera-av-gulraiz-sharif","status":"publish","type":"post","link":"https:\/\/site.uit.no\/formidlingsbloggen-2020\/2020\/10\/21\/hor-hera-av-gulraiz-sharif\/","title":{"rendered":"&laquo;H\u00f8r her&#8217;a!&raquo; av Gulraiz Sharif"},"content":{"rendered":"<p><img fetchpriority=\"high\" decoding=\"async\" class=\"size-medium wp-image-218 alignright\" src=\"https:\/\/site.uit.no\/formidlingsbloggen-2020\/wp-content\/uploads\/sites\/459\/2020\/10\/Sharif-221x300.png\" alt=\"\" width=\"221\" height=\"300\" srcset=\"https:\/\/site.uit.no\/formidlingsbloggen-2020\/wp-content\/uploads\/sites\/459\/2020\/10\/Sharif-221x300.png 221w, https:\/\/site.uit.no\/formidlingsbloggen-2020\/wp-content\/uploads\/sites\/459\/2020\/10\/Sharif.png 664w\" sizes=\"(max-width: 221px) 100vw, 221px\" \/>Bokanmeldelse av &laquo;H\u00f8r her&#8217;a!&raquo; av Gulraiz Sharif, utgitt 18. august 2020 p\u00e5 forlaget Cappelen Damm:<\/p>\n<p>I Gulraiz Sharifs debutbok, ungdomsromanen &laquo;H\u00f8r her&#8217;a!&raquo; er talen klar og muntlig fra f\u00f8rste side. Stemmen er en 15 \u00e5r gammel gutt, Mahmoud, og i hans verden er det ytterkantene som regjerer, og generaliseringen er totalt dominerende, enten han snakker om nordmenn, pakistanere, somaliere eller hvem han m\u00e5tte mene noe om.<\/p>\n<p>Men slik er det jo ofte i hodet til en 15 \u00e5ring, og det er bare \u00e5 nyte det, bli irritert eller lattermild, og heldigvis blir vi alt dette. Tiden er moden for at vi f\u00e5r stemmer som betrakter oss som er f\u00f8dt og oppvokst i dette landet her, med all v\u00e5rt norske dagligliv som vi ikke tenker mye over, fordi det er det mest naturlige vi gj\u00f8r. Vi reiser p\u00e5 hytta vi g\u00e5r p\u00e5 ski, vi g\u00e5r og vi g\u00e5r i skauen mens vi pr\u00f8ver &laquo;\u00e5 finne oss sj\u00e6l&raquo;. Foreldregenerasjonen v\u00e5r har nok ikke tenkt mye over at &laquo;v\u00e5re nye landsmenn&raquo; har ledd litt hoderystende av dem bak ryggene deres, gjennom flere generasjoner allerede. Det har liksom v\u00e6rt nordmenns rett til \u00e5 kommentere krydderlukt i oppgangen og le av d\u00e5rlig norsk og h\u00f8y og ukjent musikk p\u00e5 bilstereoen til taxisj\u00e5f\u00f8rene. Samtidig som mange har hatt en dyp redsel for at &laquo;de tror de skal ta over landet v\u00e5rt&raquo;, noe ogs\u00e5 Mahmoud tenker over, fra en litt annen vinkel&#8230;<\/p>\n<p>Vi etnisk norske som ogs\u00e5 er unge &#8211; og spesielt oss i storbyene, ler mer med enn av. Vi kjenner gjerne en Mahmoud, og selv har jeg S\u00f8ndre Nordstrand i Oslo under huden. Bj\u00f8rndal, mann. Mortensrud og Holmlia, da!<\/p>\n<p>Jeg kjenner mange som nesten kan glemme at det er julaften n\u00e5r den kommer, og kan snakke om &laquo;Sant det, det er jo den julegreia i kveld, mann&raquo;, og s\u00e5 trekker b\u00e5de han og jeg litt p\u00e5 skuldrene, mens jeg g\u00e5r hjem og spiser ribba og han kebab.<\/p>\n<p>S\u00e5 &laquo;H\u00f8r her&#8217;a!&raquo; blir ikke bare historien om &laquo;slik lever dei her&raquo;, det blir ogs\u00e5 en underholdende ungdomsroman om oppvekst, og alt det inneb\u00e6rer. Jeg ler som sagt med, men innimellom er det ogs\u00e5 alvor, som n\u00e5r det handler om lillebroren Ari. Han liker \u00e5 g\u00e5 i jentekl\u00e6r og f\u00f8ler seg som en jente. Hvordan reagerer de n\u00e6rmeste rundt Mahmoud p\u00e5 dette? Som foreldrene hans som ikke har satt seg veldig inn i hvordan det norske samfunnet fungerer, selv etter over 20 \u00e5r i dette landet.<\/p>\n<p>Forfatteren Gulraiz Sharif lar historien og livet til Mahmoud ha de ingrediensene et liv til en 15 \u00e5ring skal ha. Her er vi p\u00e5 hans niv\u00e5, i hans hode. S\u00e5 bli med da, mann. Jeg sier bare: For en bok! Wolla!<\/p>\n<p>Av Jens Kristian Pettersen Bergli<\/p>\n","protected":false},"excerpt":{"rendered":"<p>Bokanmeldelse av &laquo;H\u00f8r her&#8217;a!&raquo; av Gulraiz Sharif, utgitt 18. august 2020 p\u00e5 forlaget Cappelen Damm: I Gulraiz Sharifs debutbok, ungdomsromanen &laquo;H\u00f8r her&#8217;a!&raquo; er talen klar og muntlig fra f\u00f8rste side. Stemmen er en 15 \u00e5r gammel gutt, Mahmoud, og i &hellip; <a href=\"https:\/\/site.uit.no\/formidlingsbloggen-2020\/2020\/10\/21\/hor-hera-av-gulraiz-sharif\/\">Les videre <span class=\"meta-nav\">&rarr;<\/span><\/a><\/p>\n","protected":false},"author":1108,"featured_media":0,"comment_status":"open","ping_status":"open","sticky":false,"template":"","format":"standard","meta":{"footnotes":""},"categories":[],"tags":[],"class_list":["post-216","post","type-post","status-publish","format-standard","hentry"],"_links":{"self":[{"href":"https:\/\/site.uit.no\/formidlingsbloggen-2020\/wp-json\/wp\/v2\/posts\/216","targetHints":{"allow":["GET"]}}],"collection":[{"href":"https:\/\/site.uit.no\/formidlingsbloggen-2020\/wp-json\/wp\/v2\/posts"}],"about":[{"href":"https:\/\/site.uit.no\/formidlingsbloggen-2020\/wp-json\/wp\/v2\/types\/post"}],"author":[{"embeddable":true,"href":"https:\/\/site.uit.no\/formidlingsbloggen-2020\/wp-json\/wp\/v2\/users\/1108"}],"replies":[{"embeddable":true,"href":"https:\/\/site.uit.no\/formidlingsbloggen-2020\/wp-json\/wp\/v2\/comments?post=216"}],"version-history":[{"count":3,"href":"https:\/\/site.uit.no\/formidlingsbloggen-2020\/wp-json\/wp\/v2\/posts\/216\/revisions"}],"predecessor-version":[{"id":221,"href":"https:\/\/site.uit.no\/formidlingsbloggen-2020\/wp-json\/wp\/v2\/posts\/216\/revisions\/221"}],"wp:attachment":[{"href":"https:\/\/site.uit.no\/formidlingsbloggen-2020\/wp-json\/wp\/v2\/media?parent=216"}],"wp:term":[{"taxonomy":"category","embeddable":true,"href":"https:\/\/site.uit.no\/formidlingsbloggen-2020\/wp-json\/wp\/v2\/categories?post=216"},{"taxonomy":"post_tag","embeddable":true,"href":"https:\/\/site.uit.no\/formidlingsbloggen-2020\/wp-json\/wp\/v2\/tags?post=216"}],"curies":[{"name":"wp","href":"https:\/\/api.w.org\/{rel}","templated":true}]}}