{"id":70,"date":"2020-10-09T08:06:42","date_gmt":"2020-10-09T08:06:42","guid":{"rendered":"https:\/\/site.uit.no\/formidlingsbloggen-2020\/?p=70"},"modified":"2020-10-12T07:48:43","modified_gmt":"2020-10-12T07:48:43","slug":"en-voksen-ungdomsroman-sa-vakker-du-er-av-brynjulf-jung-tjonn-2013","status":"publish","type":"post","link":"https:\/\/site.uit.no\/formidlingsbloggen-2020\/2020\/10\/09\/en-voksen-ungdomsroman-sa-vakker-du-er-av-brynjulf-jung-tjonn-2013\/","title":{"rendered":"En voksen ungdomsroman: &laquo;S\u00e5 vakker du er&raquo; av Brynjulf Jung Tj\u00f8nn, 2013"},"content":{"rendered":"<p class=\"p1\"><span class=\"s1\"><a href=\"https:\/\/static.deichman.no\/images\/0eda\/p11449b7e0084e2f521990b7cd0a10eda\/w420.jpg\" target=\"_blank\" rel=\"noopener\"><img fetchpriority=\"high\" decoding=\"async\" class=\"alignleft\" src=\"https:\/\/static.deichman.no\/images\/0eda\/p11449b7e0084e2f521990b7cd0a10eda\/w420.jpg\" alt=\"\" width=\"257\" height=\"432\" \/><\/a><\/span><\/p>\n<p class=\"p1\"><span class=\"s1\">I den Bragepris-bel\u00f8nnede ungdomsromanen <em>S\u00e5 vakker du er<\/em> fra 2013, tar forfatteren Brynjulf Jung Tj\u00f8nn oss med til et kj\u00e6rlighetsfylt hjem, der det levende og det d\u00f8ende bor under et tak.<\/span><\/p>\n<p class=\"p1\"><span class=\"s1\">Simon er 31 \u00e5r gammel og kreftpasient. Han er for svak til \u00e5 klare seg p\u00e5 egenh\u00e5nd og flytter inn hos s\u00f8steren sin og hennes s\u00f8nn, Henrik.\u00a0<\/span><span class=\"s1\">Henrik er en ten\u00e5ring som henger for det meste med vennen Sverre og har sommerfugler i magen n\u00e5r han tenker p\u00e5 Kjersti, \u00abden vakraste jenta\u00bb som har sendt ham postkort fra Roma i sommer. Han har opplevd sin onkel som en livsbejaende mann og farsfigur, med framtidsplaner og eventyrlyst.<\/span><\/p>\n<h1 class=\"p1\"><span class=\"s1\"><b>\u00abHausten hade kome. Med eit hamrande hjerte.\u00bb<\/b><\/span><\/h1>\n<p class=\"p1\"><span class=\"s1\">Ved \u00e5 f\u00f8lge \u00e5rstidene leser vi fra Henrik sin synsvinkel om hvordan sykdommen og behandlingen svekker Simon og hvordan de forskjellige karakterene p\u00e5virkes av det. Vi dykker ned i hans gode fortidsminner og kjenner p\u00e5 v\u00e5rf\u00f8lelser som blir til en sommerromanse med Kjersti, samtidig som tankene stadig kretser rundt Simon. I karakterene selv ligger den klare forbindelsen mellom begynnelsen og slutten: Henrik blir voksen, utforsker kj\u00e6rligheten og ligger i startgropen til \u00e5 finne sin plass i verden, mens Simon, pleietrengende og svak, \u00abventar p\u00e5 \u00e5 d\u00f8\u00bb.\u00a0<\/span><span class=\"s1\">Ved \u00e5 vise omsorg og personlig oppofring for Simon og \u00e5 betro seg til sin s\u00f8nn om sine f\u00f8lelser som en likeverdig samtalepartner, kommer morens store kj\u00e6rlighet og respekt overfor andre til uttrykk.\u00a0Samtaleemner og m\u00e5ten alle karakterene omg\u00e5s hverandre gj\u00f8r det tydelig at de har n\u00e6re relasjoner.<\/span><\/p>\n<h1 class=\"p1\"><span class=\"s1\"><b>Vakre ord om store temaer<\/b><\/span><\/h1>\n<p class=\"p1\"><span class=\"s1\">Bokens framtredende kvalitet ligger i at forfatteren lager presise setninger som gir hele teksten en poetisk dybde n\u00e5r de settes sammen, men uten \u00e5 v\u00e6re tung lesning. Noen av dem kunne uten videre blitt plukket ut til dikt, et inntrykk som forsterkes av den ytre formen med ca. \u00e9n setning per linje.<\/span><\/p>\n<blockquote>\n<p class=\"p1\"><span class=\"s1\"><i>\u00abEg fekk lyst til \u00e5 ta tak i hjartet hans. (\u2026)<\/i><\/span><\/p>\n<p class=\"p1\"><span class=\"s1\"><i>F\u00e5 det til \u00e5 banke igjen.<\/i><\/span><\/p>\n<p class=\"p1\"><span class=\"s1\"><i>F\u00e5 det til \u00e5 pulsere igjen.<\/i><\/span><\/p>\n<p class=\"p1\"><span class=\"s1\"><i>F\u00e5 det til \u00e5 skyte blod rundt i Simons kropp.<\/i><\/span><\/p>\n<p class=\"p1\"><span class=\"s1\"><i>Men han var gjennomsiktig som eit d\u00f8dt hav.\u00bb (s. 113)<\/i><\/span><\/p>\n<\/blockquote>\n<p class=\"p1\"><span class=\"s1\"><em>S\u00e5 vakker du er<\/em> er en roman som inneholder mange spr\u00e5klige finesser som f\u00e5r leseren til \u00e5 oppdage nye sammenhenger; en roman som passer for ungdom og voksne (og kanskje spesielt godt for unge mennesker i Henriks alder) som \u00f8nsker \u00e5 l\u00e6re mer om hvordan en som begynner \u00e5 bli voksen tiln\u00e6rmer seg store tematikker som kj\u00e6rlighet, livet og d\u00f8den ut fra sin verden. Det kunne ogs\u00e5 v\u00e6rt interessant \u00e5 bruke den i undervisningssammenheng i norskfaget.<\/span><\/p>\n<p>&nbsp;<\/p>\n<p style=\"text-align: right\">Skrevet av Melina Charlotte Berka<\/p>\n<hr \/>\n<p><a href=\"https:\/\/deichman.no\/utgivelse\/p11449b7e0084e2f521990b7cd0a10eda?searchQuery=s%C3%A5+vakker+du+er\" target=\"_blank\" rel=\"noopener\">Tj\u00f8nn, Brynjulf Jung (2015): <em>S\u00e5 vakker du er.<\/em> Utgitt f\u00f8rste gang i innbundet utgave i 2013.<\/a><\/p>\n","protected":false},"excerpt":{"rendered":"<p>I den Bragepris-bel\u00f8nnede ungdomsromanen S\u00e5 vakker du er fra 2013, tar forfatteren Brynjulf Jung Tj\u00f8nn oss med til et kj\u00e6rlighetsfylt hjem, der det levende og det d\u00f8ende bor under et tak. Simon er 31 \u00e5r gammel og kreftpasient. Han er &hellip; <a href=\"https:\/\/site.uit.no\/formidlingsbloggen-2020\/2020\/10\/09\/en-voksen-ungdomsroman-sa-vakker-du-er-av-brynjulf-jung-tjonn-2013\/\">Les videre <span class=\"meta-nav\">&rarr;<\/span><\/a><\/p>\n","protected":false},"author":1147,"featured_media":0,"comment_status":"open","ping_status":"open","sticky":false,"template":"","format":"standard","meta":{"footnotes":""},"categories":[],"tags":[],"class_list":["post-70","post","type-post","status-publish","format-standard","hentry"],"_links":{"self":[{"href":"https:\/\/site.uit.no\/formidlingsbloggen-2020\/wp-json\/wp\/v2\/posts\/70","targetHints":{"allow":["GET"]}}],"collection":[{"href":"https:\/\/site.uit.no\/formidlingsbloggen-2020\/wp-json\/wp\/v2\/posts"}],"about":[{"href":"https:\/\/site.uit.no\/formidlingsbloggen-2020\/wp-json\/wp\/v2\/types\/post"}],"author":[{"embeddable":true,"href":"https:\/\/site.uit.no\/formidlingsbloggen-2020\/wp-json\/wp\/v2\/users\/1147"}],"replies":[{"embeddable":true,"href":"https:\/\/site.uit.no\/formidlingsbloggen-2020\/wp-json\/wp\/v2\/comments?post=70"}],"version-history":[{"count":6,"href":"https:\/\/site.uit.no\/formidlingsbloggen-2020\/wp-json\/wp\/v2\/posts\/70\/revisions"}],"predecessor-version":[{"id":100,"href":"https:\/\/site.uit.no\/formidlingsbloggen-2020\/wp-json\/wp\/v2\/posts\/70\/revisions\/100"}],"wp:attachment":[{"href":"https:\/\/site.uit.no\/formidlingsbloggen-2020\/wp-json\/wp\/v2\/media?parent=70"}],"wp:term":[{"taxonomy":"category","embeddable":true,"href":"https:\/\/site.uit.no\/formidlingsbloggen-2020\/wp-json\/wp\/v2\/categories?post=70"},{"taxonomy":"post_tag","embeddable":true,"href":"https:\/\/site.uit.no\/formidlingsbloggen-2020\/wp-json\/wp\/v2\/tags?post=70"}],"curies":[{"name":"wp","href":"https:\/\/api.w.org\/{rel}","templated":true}]}}