{"id":132,"date":"2015-02-24T19:43:57","date_gmt":"2015-02-24T18:43:57","guid":{"rendered":"https:\/\/site.uit.no\/some\/?p=132"},"modified":"2016-11-22T18:05:10","modified_gmt":"2016-11-22T17:05:10","slug":"haters-gonna-hate","status":"publish","type":"post","link":"https:\/\/site.uit.no\/some\/2015\/02\/24\/haters-gonna-hate\/","title":{"rendered":"Haters gonna hate"},"content":{"rendered":"<p><a href=\"https:\/\/site.uit.no\/some\/wp-content\/uploads\/sites\/216\/2015\/02\/Skjermbilde-2015-02-19-kl.-11.41.51.png\"><img decoding=\"async\" class=\"alignnone size-medium wp-image-135\" src=\"https:\/\/site.uit.no\/some\/wp-content\/uploads\/sites\/216\/2015\/02\/Skjermbilde-2015-02-19-kl.-11.41.51-300x71.png\" alt=\"Skjermbilde 2015-02-19 kl. 11.41.51\" width=\"300\" height=\"71\" srcset=\"https:\/\/site.uit.no\/some\/wp-content\/uploads\/sites\/216\/2015\/02\/Skjermbilde-2015-02-19-kl.-11.41.51-300x71.png 300w, https:\/\/site.uit.no\/some\/wp-content\/uploads\/sites\/216\/2015\/02\/Skjermbilde-2015-02-19-kl.-11.41.51.png 321w\" sizes=\"(max-width: 300px) 100vw, 300px\" \/><\/a><a href=\"https:\/\/site.uit.no\/some\/wp-content\/uploads\/sites\/216\/2015\/02\/Skjermbilde-2015-02-19-kl.-11.46.06.png\"><br \/>\n<\/a><a href=\"https:\/\/site.uit.no\/some\/wp-content\/uploads\/sites\/216\/2015\/02\/Skjermbilde-2015-02-19-kl.-11.46.06.png\"><img decoding=\"async\" class=\"alignnone size-full wp-image-134\" src=\"https:\/\/site.uit.no\/some\/wp-content\/uploads\/sites\/216\/2015\/02\/Skjermbilde-2015-02-19-kl.-11.46.06.png\" alt=\"Skjermbilde 2015-02-19 kl. 11.46.06\" width=\"249\" height=\"40\" \/><\/a><\/p>\n<p>Over er det noen utdrag fra kommentarfelt i en offentlig, innvandringsfientlig gruppe p\u00e5 facebook. Hva er dette for noe, og hva skal vi gj\u00f8re med det? Nettopp dette, hatprat og sosiale medier, var tema p\u00e5 forelesninga sist uke, og det skal jeg skrive med om her. Men f\u00f8rst\u2026. en forelesningsselfie:<\/p>\n<div id=\"attachment_137\" style=\"width: 341px\" class=\"wp-caption aligncenter\"><a href=\"https:\/\/site.uit.no\/some\/wp-content\/uploads\/sites\/216\/2015\/02\/IMG_81191-e1424801618551.jpg\"><img fetchpriority=\"high\" decoding=\"async\" aria-describedby=\"caption-attachment-137\" class=\"wp-image-137 \" src=\"https:\/\/site.uit.no\/some\/wp-content\/uploads\/sites\/216\/2015\/02\/IMG_81191-e1424801618551-300x225.jpg\" alt=\"IMG_8119\" width=\"331\" height=\"248\" srcset=\"https:\/\/site.uit.no\/some\/wp-content\/uploads\/sites\/216\/2015\/02\/IMG_81191-e1424801618551-300x225.jpg 300w, https:\/\/site.uit.no\/some\/wp-content\/uploads\/sites\/216\/2015\/02\/IMG_81191-e1424801618551-1024x768.jpg 1024w, https:\/\/site.uit.no\/some\/wp-content\/uploads\/sites\/216\/2015\/02\/IMG_81191-e1424801618551.jpg 1280w\" sizes=\"(max-width: 331px) 100vw, 331px\" \/><\/a><p id=\"caption-attachment-137\" class=\"wp-caption-text\">P\u00e5 forelesning: Susanne og meg + foreleser \u00c5se Mette i bakgrunnen<\/p><\/div>\n<p>&nbsp;<\/p>\n<p>Jeg tok et dypdykk i kommentarfelta i ulike nettaviser og p\u00e5 facebook, og jeg holdt p\u00e5 \u00e5 drukne i hatkommentarer og drittslenging. Hvor kommer all dritten fra? Jeg fikk en trang til \u00e5 gripe inn, og svare tilbake p\u00e5 alle de stygge kommentarene. Men det var s\u00e5 mye, jeg ante ikke hvor jeg skulle starte, s\u00e5 jeg ans\u00e5 slaget som tapt f\u00f8r jeg i det hele tatt hadde starta. Det er nok flere som tenker som meg. Men har vi ikke egentlig et ansvar om \u00e5 ta til motm\u00e6le mot hets p\u00e5 internett? Dette er noe Anne Birgitta Nilsen skriver om i si bok \u201dHatprat\u201d, som kom ut i fjor. Det var denne boka \u00c5se Mette tok utgangspunkt i p\u00e5 forelesninga.<\/p>\n<p><a href=\"https:\/\/site.uit.no\/some\/wp-content\/uploads\/sites\/216\/2015\/02\/Skjermbilde-2015-02-24-kl.-19.19.27.png\"><img loading=\"lazy\" decoding=\"async\" class=\" wp-image-138 alignright\" src=\"https:\/\/site.uit.no\/some\/wp-content\/uploads\/sites\/216\/2015\/02\/Skjermbilde-2015-02-24-kl.-19.19.27.png\" alt=\"Skjermbilde 2015-02-24 kl. 19.19.27\" width=\"197\" height=\"229\" \/><\/a><\/p>\n<p>Hatprat omfatter b\u00e5de mobbing og hatretorikk. Ofre for mobbing er ofte enkeltindivider, mens hatretorikk rammer grupper<em>. <\/em>Ellers er det store likheter mellom disse, og Nilsen omtaler begge som hatprat. Hatprat foreg\u00e5r over tid, og g\u00e5r ut p\u00e5 \u00e5 sverte ofra, og spre og forsterke negative holdninger og oppfatninger om mennesker til et bredt, ukritisk publikum. Hatprat bygger opp under konspirasjonsteorier, anti-ismer, fobier og individuelle s\u00e6rtrekk. Konsekvenser for ofra er blant anna utrygghet, angst, svekket verdighet og avmenneskeliggj\u00f8ring. For samfunnet kan konsekvensene v\u00e6re et oss-dem-perspektiv, sosiale skillelinjer og i ekstreme tilfeller <a href=\"http:\/\/forskning.no\/meninger\/kronikk\/2013\/11\/sprak-ma-inn-i-arbeidet-mot-radikalisering\">terrorisme<\/a>.<\/p>\n<p>&nbsp;<\/p>\n<p><strong>Med frihet f\u00f8lger ansvar<\/strong><\/p>\n<p>Nilsen trekker fram to viktige begreper i boka si: ytringsfrihet og ytringsansvar. Retten til ytringsfrihet (artikkel 19) i FNs verdenserkl\u00e6ring om menneskerettigheter, lyder slik:<\/p>\n<p><em>Enhver har rett til menings- og ytringsfrihet. Denne rett omfatter frihet til \u00e5 hevde meninger uten innblanding og til \u00e5 s\u00f8ke, motta og meddele opplysninger og ideer gjennom ethvert meddelelsesmiddel og uten hensyn til landegrenser.<\/em><\/p>\n<p>Det er viktig \u00e5 se dette i sammenheng med den f\u00f8rste artikkelen i samme erkl\u00e6ring:<\/p>\n<p><em>Alle mennesker er f\u00f8dt frie og med samme menneskeverd og menneskerettigheter. De er utstyrt med fornuft og samvittighet og b\u00f8r handle mot hverandre i brorskapets \u00e5nd.<\/em><\/p>\n<p>Vi har alle rett til \u00e5 si og mene det vi vil, men vi m\u00e5 ogs\u00e5 tenke over hvilke konsekvenser ytringene v\u00e5re kan ha overfor andre mennesker. Vi har et moralsk ansvar om \u00e5 ivareta menneskeverdet vi alle har krav p\u00e5, og handle mot hverandre i brorskapets \u00e5nd.<\/p>\n<p>Det kan straffe seg \u00e5 skrive hatefulle ytringer p\u00e5 sosiale medier. I fjor m\u00e5tte en mann <a href=\"http:\/\/www.nrk.no\/norge\/hussain-dommes-for-trusler-1.11527114\">m\u00f8te i retten<\/a>, fordi han kom med trusler og hatkommentarer mot j\u00f8der i en \u00e5pen gruppe p\u00e5 facebook, der han blant anna skreiv:<\/p>\n<p><em>Jeg skal gi dem [j\u00f8dene] beskyttelse jeg. inshAllah. S\u00e5 fort jeg har tatt jegerpr\u00f8ven og f\u00e5r tak i en AK47. Disse svinene tilh\u00f8rer en okkupasjonsmakt, Israel, i tillegg har de okkupert v\u00e5r moske,Al-Aqsa. Ya Allah, f\u00e5 de skitne j\u00f8dene ut av v\u00e5r moske og gi oss alle mulighet til \u00e5 be salah i masjid Al-Aqsa f\u00f8r v\u00e5r d\u00f8d. Amiin!!!&#8230;. <\/em><\/p>\n<p>De f\u00e6rreste hatytringer er straffbare. Det er flere grupper som er popul\u00e6re ofre for hatprat, blant anna j\u00f8der, muslimer, homofile og samer. Forrige uke blei ei samisk dame og kompisen hennes kasta ut fra ei facebook-gruppe fordi de skreiv samisk (les artikkelen <a href=\"http:\/\/www.nordlys.no\/Skrev_samisk___ble_kastet_ut_av_Facebook_gruppe-5-34-87381.html\">her<\/a>). I kommentarfeltet under saka skjer en bagatellisering av hendelsen, og kommentarer som \u201dDet va nu \u00e5ss\u00e5 n\u00e5kka \u00e5 springe t avisa med..\u201d g\u00e5r igjen.<\/p>\n<p>Nynorsken er ogs\u00e5 et popul\u00e6rt m\u00e5l for drittslenging p\u00e5 sosiale medier, noe vi ogs\u00e5 var inne p\u00e5 i forelesninga til \u00d8ystein for to uker siden. Tirsdag sist uke var det skrevet et <a href=\"http:\/\/debatt.nordlys.no\/article\/kva-sort-bibliotekbrukar-du\">debattinnlegg p\u00e5 nynorsk<\/a> p\u00e5 nordlys.no. Nordlys delte saka p\u00e5 sin facebook-side, noe som skapte reaksjoner i kommentarfeltet:<\/p>\n<p><a href=\"https:\/\/site.uit.no\/some\/wp-content\/uploads\/sites\/216\/2015\/02\/Skjermbilde-2015-02-18-kl.-18.33.10.png\"><img loading=\"lazy\" decoding=\"async\" class=\" size-medium wp-image-133 aligncenter\" src=\"https:\/\/site.uit.no\/some\/wp-content\/uploads\/sites\/216\/2015\/02\/Skjermbilde-2015-02-18-kl.-18.33.10-300x80.png\" alt=\"Skjermbilde 2015-02-18 kl. 18.33.10\" width=\"300\" height=\"80\" srcset=\"https:\/\/site.uit.no\/some\/wp-content\/uploads\/sites\/216\/2015\/02\/Skjermbilde-2015-02-18-kl.-18.33.10-300x80.png 300w, https:\/\/site.uit.no\/some\/wp-content\/uploads\/sites\/216\/2015\/02\/Skjermbilde-2015-02-18-kl.-18.33.10.png 446w\" sizes=\"(max-width: 300px) 100vw, 300px\" \/><\/a><\/p>\n<p>Enkeltkommentarene om nynorsk kan kanskje ikke kategoriseres som hatprat, men summen av alle kommentarene kan ha en \u00f8deleggende effekt overfor nynorskbrukerne. Mange nynorskelever skifter hovedm\u00e5l til bokm\u00e5l n\u00e5r de begynner p\u00e5 videreg\u00e5ende, noe som kan v\u00e6re en konsekvens av denne mobbinga (les mer <a href=\"http:\/\/forskning.no\/content\/sidemalsrevolusjonen\">her<\/a>).<\/p>\n<p><strong>Ikke sitt \u00e5 glo \u2013 gj\u00f8r no\u2019!<\/strong><\/p>\n<p>Det er p\u00e5 tide \u00e5 sl\u00e5 tilbake mot haterne. Her er noen tips, fra hatprat-boka, til hva vi kan gj\u00f8re med hatprat:<\/p>\n<p>1) Ta ordene og t\u00f8m dem for kraft!<br \/>\n2) Skap aksept for annerledeshet!<br \/>\n3) Still opp for hverandre!<br \/>\n4) Ansvarliggj\u00f8r! (<em>Hva mener du egentlig med &#8230;?<\/em>)<br \/>\n5) Bryt tausheten!<br \/>\n6) Frem kunnskap!<br \/>\n7) S\u00f8k en spr\u00e5klig bevissthet!<\/p>\n<p>S\u00e5, hva venter du p\u00e5?<\/p>\n<p>&nbsp;<\/p>\n<p>&nbsp;<\/p>\n<p>&nbsp;<\/p>\n<p>&#8211; Sandra<\/p>\n<p>P.S. ikke noe drittslenging i kommentarfeltet, takk.<\/p>\n","protected":false},"excerpt":{"rendered":"<p>Over er det noen utdrag fra kommentarfelt i en offentlig, innvandringsfientlig gruppe p\u00e5 facebook. Hva er dette for noe, og hva skal vi gj\u00f8re med det? Nettopp dette, hatprat og sosiale medier, var tema p\u00e5 forelesninga sist uke, og det skal jeg skrive med om her. Men f\u00f8rst\u2026. en forelesningsselfie: &nbsp; Jeg tok et dypdykk [&hellip;]<\/p>\n","protected":false},"author":469,"featured_media":208,"comment_status":"open","ping_status":"open","sticky":false,"template":"","format":"standard","meta":{"footnotes":""},"categories":[3],"tags":[],"class_list":["post-132","post","type-post","status-publish","format-standard","has-post-thumbnail","hentry","category-studentinnlegg"],"_links":{"self":[{"href":"https:\/\/site.uit.no\/some\/wp-json\/wp\/v2\/posts\/132","targetHints":{"allow":["GET"]}}],"collection":[{"href":"https:\/\/site.uit.no\/some\/wp-json\/wp\/v2\/posts"}],"about":[{"href":"https:\/\/site.uit.no\/some\/wp-json\/wp\/v2\/types\/post"}],"author":[{"embeddable":true,"href":"https:\/\/site.uit.no\/some\/wp-json\/wp\/v2\/users\/469"}],"replies":[{"embeddable":true,"href":"https:\/\/site.uit.no\/some\/wp-json\/wp\/v2\/comments?post=132"}],"version-history":[{"count":5,"href":"https:\/\/site.uit.no\/some\/wp-json\/wp\/v2\/posts\/132\/revisions"}],"predecessor-version":[{"id":143,"href":"https:\/\/site.uit.no\/some\/wp-json\/wp\/v2\/posts\/132\/revisions\/143"}],"wp:featuredmedia":[{"embeddable":true,"href":"https:\/\/site.uit.no\/some\/wp-json\/wp\/v2\/media\/208"}],"wp:attachment":[{"href":"https:\/\/site.uit.no\/some\/wp-json\/wp\/v2\/media?parent=132"}],"wp:term":[{"taxonomy":"category","embeddable":true,"href":"https:\/\/site.uit.no\/some\/wp-json\/wp\/v2\/categories?post=132"},{"taxonomy":"post_tag","embeddable":true,"href":"https:\/\/site.uit.no\/some\/wp-json\/wp\/v2\/tags?post=132"}],"curies":[{"name":"wp","href":"https:\/\/api.w.org\/{rel}","templated":true}]}}