{"id":416,"date":"2017-05-10T23:13:06","date_gmt":"2017-05-10T21:13:06","guid":{"rendered":"https:\/\/site.uit.no\/some\/?p=416"},"modified":"2017-05-11T09:09:36","modified_gmt":"2017-05-11T07:09:36","slug":"make-love-with-nynorsk-not-war","status":"publish","type":"post","link":"https:\/\/site.uit.no\/some\/2017\/05\/10\/make-love-with-nynorsk-not-war\/","title":{"rendered":"Make love (with nynorsk), not war\u00a0"},"content":{"rendered":"<h4>Av\u00a0Sofie Fossli<\/h4>\n<p><a href=\"http:\/\/journals.plos.org\/plosone\/article?id=10.1371\/journal.pone.0077056\">Andr\u00e1s Kornai<\/a> er ikkje n\u00e5dig n\u00e5r han hevdar at nordmenn har bestemt, gjennom bloggane og twittar-kontoane v\u00e5re, at det berre er bokm\u00e5l som f\u00e5r vere med inn i den digitale framtida. Nynorsk er \u00e5 finne i mykje mindre grad p\u00e5 sosiale medium og p\u00e5 internett, og tala han presenterer, ser ikkje ut til \u00e5 vere lovande. Han trekker fram at bokm\u00e5l-Wikipedia er fire gonger s\u00e5 stor som nynorsk-Wikipedia, sj\u00f8l om desse to i lang tid var omtrent like store. S\u00e5 joda, eg skj\u00f8nar sj\u00f8lvsagt kva Kornai meiner n\u00e5r han seier at det ikkje ser spesielt lyst ut for nynorsk-bruken i det digitale.<\/p>\n<div id=\"attachment_417\" style=\"width: 410px\" class=\"wp-caption alignright\"><a href=\"https:\/\/site.uit.no\/some\/wp-content\/uploads\/sites\/216\/2017\/05\/blogglisten.jpg\"><img fetchpriority=\"high\" decoding=\"async\" aria-describedby=\"caption-attachment-417\" class=\"wp-image-417\" src=\"https:\/\/site.uit.no\/some\/wp-content\/uploads\/sites\/216\/2017\/05\/blogglisten-300x221.jpg\" alt=\"\" width=\"400\" height=\"294\" srcset=\"https:\/\/site.uit.no\/some\/wp-content\/uploads\/sites\/216\/2017\/05\/blogglisten-300x221.jpg 300w, https:\/\/site.uit.no\/some\/wp-content\/uploads\/sites\/216\/2017\/05\/blogglisten-768x564.jpg 768w, https:\/\/site.uit.no\/some\/wp-content\/uploads\/sites\/216\/2017\/05\/blogglisten.jpg 1000w\" sizes=\"(max-width: 400px) 100vw, 400px\" \/><\/a><p id=\"caption-attachment-417\" class=\"wp-caption-text\">Skjermdump blogglisten.no, 10.05.2017<\/p><\/div>\n<p>Dersom ein g\u00e5r inn og ser p\u00e5 <a href=\"http:\/\/blogglisten.no\/\">blogglisten.no<\/a>, poppar det opp ei oversikt over dei mest lesne bloggane i Noreg. No skal eg \u00e6rleg innr\u00f8mme at eg ikkje har vore innom alle p\u00e5 lista, men det eg fort fann ut, var at det er forbl\u00f8ffande f\u00e5 av bloggarane som skriv p\u00e5 nynorsk. Det kan ikkje vere ei tilfeldigheit. S\u00e5 kva er det som gjer at s\u00e5 f\u00e5 veljar \u00e5 blogge p\u00e5 nynorsk? Mariell \u00d8yre, kvinna bak bloggen <a href=\"http:\/\/hjartesmil.com\/\"><i>hjartesmil<\/i><\/a>, er ein av f\u00e5 nynorskbloggarar. I 2014 vart ho intervjua av <a href=\"https:\/\/www.nrk.no\/sognogfjordane\/ho-er-ei-av-fa-som-bloggar-pa-nynorsk-1.12039217\">NRK<\/a>, kor ho la vekt p\u00e5 at poenget med bloggen ikkje er at ho vel \u00e5 f\u00f8re penna p\u00e5 nynorsk, men at det likevel etter kvart vart viktig for ho \u00e5 g\u00e5 f\u00f8re og vise at ein fint kan blogge p\u00e5 nynorsk.<\/p>\n<p>Blogging er ei relativt ny greie. Og sj\u00f8lv om ein finn eit breitt spekter av \u00abbloggtypar\u00bb, er det nok ei overvekt av dei s\u00e5kalla \u00abrosabloggane\u00bb. Det som kjenneteiknar dei, er at dei gjerne er drivne av unge jenter som hovudsakleg bloggar om klede, sminke og kvardagsliv. <a href=\"http:\/\/krisssy.blogg.no\/\">Kristine Ulleb\u00f8<\/a>, fr\u00e5 F\u00f8rde, ligg p\u00e5 11.plass p\u00e5 blogglista. Ho skriv bokm\u00e5l p\u00e5 bloggen, men fortel til <a href=\"https:\/\/www.nrk.no\/sognogfjordane\/ho-er-ei-av-fa-som-bloggar-pa-nynorsk-1.12039217\">NRK<\/a> i 2014 at ho ein gong publiserte eit innlegg p\u00e5 nynorsk, der ho mottok mange kommentarar p\u00e5 at det var tungt \u00e5 lese n\u00e5r ho skreiv nynorsk. Ho uttalte ogs\u00e5 at ho trur ho ville miste lesarar om ho valde \u00e5 ikkje bruke bokm\u00e5l. Her trur eg vi er i n\u00e6rleiken av kjernen i saka. N\u00e5r majoriteten av bloggane der ute er skrivne p\u00e5 bokm\u00e5l, er det ikkje s\u00e5 lett \u00e5 vere den som skil seg ut, sj\u00f8lv om du kanskje i utgangspunktet kunne tenkt deg \u00e5 bruke nynorsk.<\/p>\n<p>Nynorsk har opp igjennom m\u00e5tta tole mykje hets og hat. Sj\u00f8lv kan eg hugse at eg ikkje var s\u00e6rleg begeistra for \u00e5 m\u00e5tte byrje \u00e5 lesa og skrive nynorsk p\u00e5 ungdomsskulen. Dette hadde nok mykje \u00e5 gjere med at allereie i \u00e5ra f\u00f8r ungdomsskulen, hadde eg h\u00f8yrt tallause skrekkhistorier fr\u00e5 dei eldre elevane om nynorsk, og om kor t\u00f8rt, vanskeleg og forferdeleg det var. Naturleg nok gjekk eg ikkje inn i dette nye \u00abspr\u00e5k-forholdet\u00bb p\u00e5 dei rette premissane. Eg var full av d\u00e5rlege haldningar, noko som gjorde at eg var lite open og l\u00e6revillig i mange \u00e5r framover. Og eg trur nok ikkje eg er \u00e5leine om desse erfaringane. Nynorsk har i \u00e5revis hatt eit s\u00e6rdeles d\u00e5rleg rykte, s\u00e6rleg mellom barn og unge, nettopp fordi det har vore s\u00e5 mykje skremslepropaganda (for \u00e5 setje det veldig p\u00e5 spissen) knytt til dette skriftm\u00e5let.<\/p>\n<p>Blogg er eit sosialt medium som vert dominert av unge. N\u00e5r i tillegg majoriteten der skriv bokm\u00e5l, er det kanskje ikkje s\u00e5 lett \u00e5 vere han eller ho som vel \u00e5 skrive nynorsk. Det gjer at det blir noko som er annleis, og mange unge \u00f8nskjer ikkje \u00e5 skilje seg ut. Kanskje har det ogs\u00e5 noko \u00e5 seie at ein er redd for \u00e5 ikkje n\u00e5 ut til like mange som ein ville gjort elles, sett at ein skreiv nynorsk. Sj\u00f8lv trur eg at nynorsk kjem til \u00e5 f\u00e5 ein oppsving i sosiale medium snart. Vi har sett dei siste \u00e5ra at det har eksplodert med dialektbruk p\u00e5 TV og radio, og folk ser ut til \u00e5 vere stolte av dialektane sine uansett kvar i landet dei kjem fr\u00e5. Mange vel ogs\u00e5 \u00e5 skrive dialekt i sosiale medium, og det utan at det vekkjer stor oppsikt. Kanskje gjer dette at det snart blir kult \u00e5 vere ho eller han som b\u00e5de bloggar, skriv \u00abinsta-captions\u00bb og FB-innlegg p\u00e5 nynorsk.<\/p>\n<p>&nbsp;<\/p>\n","protected":false},"excerpt":{"rendered":"<p>Av\u00a0Sofie Fossli Andr\u00e1s Kornai er ikkje n\u00e5dig n\u00e5r han hevdar at nordmenn har bestemt, gjennom bloggane og twittar-kontoane v\u00e5re, at det berre er bokm\u00e5l som f\u00e5r vere med inn i den digitale framtida. Nynorsk er \u00e5 finne i mykje mindre grad p\u00e5 sosiale medium og p\u00e5 internett, og tala han presenterer, ser ikkje ut til [&hellip;]<\/p>\n","protected":false},"author":63,"featured_media":417,"comment_status":"open","ping_status":"open","sticky":false,"template":"","format":"standard","meta":{"footnotes":""},"categories":[3],"tags":[],"class_list":["post-416","post","type-post","status-publish","format-standard","has-post-thumbnail","hentry","category-studentinnlegg"],"_links":{"self":[{"href":"https:\/\/site.uit.no\/some\/wp-json\/wp\/v2\/posts\/416","targetHints":{"allow":["GET"]}}],"collection":[{"href":"https:\/\/site.uit.no\/some\/wp-json\/wp\/v2\/posts"}],"about":[{"href":"https:\/\/site.uit.no\/some\/wp-json\/wp\/v2\/types\/post"}],"author":[{"embeddable":true,"href":"https:\/\/site.uit.no\/some\/wp-json\/wp\/v2\/users\/63"}],"replies":[{"embeddable":true,"href":"https:\/\/site.uit.no\/some\/wp-json\/wp\/v2\/comments?post=416"}],"version-history":[{"count":2,"href":"https:\/\/site.uit.no\/some\/wp-json\/wp\/v2\/posts\/416\/revisions"}],"predecessor-version":[{"id":419,"href":"https:\/\/site.uit.no\/some\/wp-json\/wp\/v2\/posts\/416\/revisions\/419"}],"wp:featuredmedia":[{"embeddable":true,"href":"https:\/\/site.uit.no\/some\/wp-json\/wp\/v2\/media\/417"}],"wp:attachment":[{"href":"https:\/\/site.uit.no\/some\/wp-json\/wp\/v2\/media?parent=416"}],"wp:term":[{"taxonomy":"category","embeddable":true,"href":"https:\/\/site.uit.no\/some\/wp-json\/wp\/v2\/categories?post=416"},{"taxonomy":"post_tag","embeddable":true,"href":"https:\/\/site.uit.no\/some\/wp-json\/wp\/v2\/tags?post=416"}],"curies":[{"name":"wp","href":"https:\/\/api.w.org\/{rel}","templated":true}]}}