{"id":7,"date":"2015-01-06T09:11:17","date_gmt":"2015-01-06T08:11:17","guid":{"rendered":"https:\/\/site.uit.no\/some\/?p=7"},"modified":"2015-01-06T09:42:58","modified_gmt":"2015-01-06T08:42:58","slug":"da-brakar-det-laus","status":"publish","type":"post","link":"https:\/\/site.uit.no\/some\/2015\/01\/06\/da-brakar-det-laus\/","title":{"rendered":"D\u00e5 brakar det laus!"},"content":{"rendered":"<p>V\u00e5rsemesteret 2015 samarbeidar nordiskmilj\u00f8et ved Institutt for spr\u00e5kvitskap og Institutt for kultur og litteratur om<a href=\"http:\/\/uit.no\/studietilbud\/emner\/emne?p_document_id=372072\" target=\"_blank\"> eit kurs der studieobjektet er sosiale medium<\/a>. F\u00f8rste samankomst\u00a0er i dag, tysdag 6. januar kl. 14.15 i E0.104! Det kjem til \u00e5 bli\u00a0b\u00e5de spr\u00e5kvitskaplege og litter\u00e6re innfallsvinklar og med eit forh\u00e5pentlegvis raust innslag av gjestef\u00f8redrag. Det er allereie tre vitskapleg tilsette involvert i kurset \u2013 <a href=\"http:\/\/uit.no\/om\/enhet\/ansatte\/person?p_document_id=41504&amp;p_dimension_id=88150\" target=\"_blank\">Linda Nesby<\/a>, <a href=\"http:\/\/uit.no\/om\/enhet\/ansatte\/person?p_document_id=55764&amp;p_dimension_id=88149\" target=\"_blank\">\u00c5se Mette Johansen<\/a> og <a href=\"http:\/\/sa.uit.no\/om\/enhet\/ansatte\/person?p_document_id=41546&amp;p_dimension_id=88149\" target=\"_blank\">\u00d8ystein A. Vangsnes<\/a> \u2013 som alle vil halda f\u00f8relesingar omkring emne dei er s\u00e6rleg opptekne av.<\/p>\n<p>Vi satsar elles p\u00e5 aktiv deltaking fr\u00e5 studentane! Og det store sp\u00f8rsm\u00e5let nett no er: Kor mange blir dei?!<\/p>\n<p>Emneknagg p\u00e5 Twitter og Instagram og ev. andre stader blir #UiTSoMe (ein \u00abhashtag\u00bb som ikkje har vore i bruk sidan v\u00e5ren 2012).<\/p>\n<p>&#8211; \u00d8ystein<\/p>\n","protected":false},"excerpt":{"rendered":"<p>V\u00e5rsemesteret 2015 samarbeidar nordiskmilj\u00f8et ved Institutt for spr\u00e5kvitskap og Institutt for kultur og litteratur om eit kurs der studieobjektet er sosiale medium. F\u00f8rste samankomst\u00a0er i dag, tysdag 6. januar kl. 14.15 i E0.104! Det kjem til \u00e5 bli\u00a0b\u00e5de spr\u00e5kvitskaplege og litter\u00e6re innfallsvinklar og med eit forh\u00e5pentlegvis raust innslag av gjestef\u00f8redrag. Det er allereie tre vitskapleg [&hellip;]<\/p>\n","protected":false},"author":63,"featured_media":0,"comment_status":"closed","ping_status":"closed","sticky":false,"template":"","format":"standard","meta":{"footnotes":""},"categories":[1],"tags":[],"class_list":["post-7","post","type-post","status-publish","format-standard","hentry","category-laerar"],"_links":{"self":[{"href":"https:\/\/site.uit.no\/some\/wp-json\/wp\/v2\/posts\/7","targetHints":{"allow":["GET"]}}],"collection":[{"href":"https:\/\/site.uit.no\/some\/wp-json\/wp\/v2\/posts"}],"about":[{"href":"https:\/\/site.uit.no\/some\/wp-json\/wp\/v2\/types\/post"}],"author":[{"embeddable":true,"href":"https:\/\/site.uit.no\/some\/wp-json\/wp\/v2\/users\/63"}],"replies":[{"embeddable":true,"href":"https:\/\/site.uit.no\/some\/wp-json\/wp\/v2\/comments?post=7"}],"version-history":[{"count":5,"href":"https:\/\/site.uit.no\/some\/wp-json\/wp\/v2\/posts\/7\/revisions"}],"predecessor-version":[{"id":13,"href":"https:\/\/site.uit.no\/some\/wp-json\/wp\/v2\/posts\/7\/revisions\/13"}],"wp:attachment":[{"href":"https:\/\/site.uit.no\/some\/wp-json\/wp\/v2\/media?parent=7"}],"wp:term":[{"taxonomy":"category","embeddable":true,"href":"https:\/\/site.uit.no\/some\/wp-json\/wp\/v2\/categories?post=7"},{"taxonomy":"post_tag","embeddable":true,"href":"https:\/\/site.uit.no\/some\/wp-json\/wp\/v2\/tags?post=7"}],"curies":[{"name":"wp","href":"https:\/\/api.w.org\/{rel}","templated":true}]}}