{"id":1021,"date":"2017-02-18T16:59:37","date_gmt":"2017-02-18T15:59:37","guid":{"rendered":"https:\/\/site.uit.no\/trec\/?p=1021"},"modified":"2017-10-09T12:51:24","modified_gmt":"2017-10-09T10:51:24","slug":"trec-seminar-laererikt-spennende-og-utviklende","status":"publish","type":"post","link":"https:\/\/site.uit.no\/trec\/2017\/02\/18\/trec-seminar-laererikt-spennende-og-utviklende\/","title":{"rendered":"TREC-seminar: &#8211; L\u00e6rerikt, spennende og utviklende"},"content":{"rendered":"<p>Etter en l\u00e6rerik og sp<a href=\"https:\/\/site.uit.no\/trec\/wp-content\/uploads\/sites\/204\/2017\/02\/20.jpg\"><img fetchpriority=\"high\" decoding=\"async\" class=\"alignright size-medium wp-image-1389\" src=\"https:\/\/site.uit.no\/trec\/wp-content\/uploads\/sites\/204\/2017\/02\/20-300x225.jpg\" alt=\"\" width=\"300\" height=\"225\" srcset=\"https:\/\/site.uit.no\/trec\/wp-content\/uploads\/sites\/204\/2017\/02\/20-300x225.jpg 300w, https:\/\/site.uit.no\/trec\/wp-content\/uploads\/sites\/204\/2017\/02\/20-768x576.jpg 768w, https:\/\/site.uit.no\/trec\/wp-content\/uploads\/sites\/204\/2017\/02\/20-400x300.jpg 400w, https:\/\/site.uit.no\/trec\/wp-content\/uploads\/sites\/204\/2017\/02\/20.jpg 960w\" sizes=\"(max-width: 300px) 100vw, 300px\" \/><\/a>ennende\u00a0fredag er dette halv\u00e5rets TREC-seminar over. Dagen har best\u00e5tt av totalt 18 presentasjoner der medarbeidere p\u00e5 TREC har lagt frem forskningen sin med forel\u00f8pige resultater. Det har v\u00e6rt \u00e5pent for kritiske sp\u00f8rsm\u00e5l og diskusjon, og det hele ble avsluttet med en fellesmiddag.<\/p>\n<p><!--more--><\/p>\n<p>Fredag 17. februar var det tid for TREC-seminar igjen!<\/p>\n<p>Forskerlinjestudent Hanne Skille og postdoktor Erin M. Hald er begge sv\u00e6rt forn\u00f8yde med dagen.<\/p>\n<p>&#8211; Det har v\u00e6rt veldig l\u00e6rerikt! Presentasjonene har v\u00e6rt sv\u00e6rt gode \u2013 folk er utrolig flinke til \u00e5 presentere muntlig. Det er spennende \u00e5 f\u00f8lge med p\u00e5 utviklingen av b\u00e5de prosjektene vi har her og p\u00e5 de som st\u00e5r bak, sier Skille.<\/p>\n<p>De mener begge at de har stort utbytte av TREC-seminarene.<\/p>\n<p>&#8211; Man f\u00e5r \u00f8vd seg p\u00e5 \u00e5 legge frem prosjekter muntlig og f\u00e5r ogs\u00e5 en stor motivasjon til \u00e5 bli ferdig med det man skal v\u00e6re klar med i forkant av seminaret. Det er dessuten en god mulighet til \u00e5 bli oppdatert p\u00e5 hva de andre i gruppen jobber med. Og s\u00e5 er det en bonus at det hele foreg\u00e5r p\u00e5 engelsk, det er bra, sier Hald.<a href=\"https:\/\/site.uit.no\/trec\/wp-content\/uploads\/sites\/204\/2017\/02\/12.jpg\"><img decoding=\"async\" class=\"alignright wp-image-1023 size-medium\" title=\"PhD-student Lars Horvei, forskerlinjestudent Hanne Skille og postdoktor Eirin M. Hald.\" src=\"https:\/\/site.uit.no\/trec\/wp-content\/uploads\/sites\/204\/2017\/02\/12-300x225.jpg\" alt=\"\" width=\"300\" height=\"225\" srcset=\"https:\/\/site.uit.no\/trec\/wp-content\/uploads\/sites\/204\/2017\/02\/12-300x225.jpg 300w, https:\/\/site.uit.no\/trec\/wp-content\/uploads\/sites\/204\/2017\/02\/12-768x576.jpg 768w, https:\/\/site.uit.no\/trec\/wp-content\/uploads\/sites\/204\/2017\/02\/12-400x300.jpg 400w, https:\/\/site.uit.no\/trec\/wp-content\/uploads\/sites\/204\/2017\/02\/12.jpg 960w\" sizes=\"(max-width: 300px) 100vw, 300px\" \/><\/a><\/p>\n<p>&nbsp;<\/p>\n<p>B\u00e5de Skille og Hald er enige om at den sosiale delen av seminaret ogs\u00e5 er viktig.<\/p>\n<p>&#8211; Man m\u00f8tes p\u00e5 tvers av de interne gruppene, s\u00e5 man sosialiserer uavhengig av om man jobber p\u00e5 labben eller jobber med befolkningsstudier (epidemiologi). Middagen p\u00e5 kvelden er ogs\u00e5 veldig hyggelig, forteller de.<\/p>\n<p><span style=\"font-size: 14pt\"><strong>Positivt med sparring<\/strong><\/span><\/p>\n<p><a href=\"https:\/\/site.uit.no\/trec\/wp-content\/uploads\/sites\/204\/2017\/02\/15.jpg\"><img decoding=\"async\" class=\"alignright wp-image-1024 size-medium\" title=\"PhD-student Line H. Evensen.\" src=\"https:\/\/site.uit.no\/trec\/wp-content\/uploads\/sites\/204\/2017\/02\/15-300x225.jpg\" alt=\"\" width=\"300\" height=\"225\" srcset=\"https:\/\/site.uit.no\/trec\/wp-content\/uploads\/sites\/204\/2017\/02\/15-300x225.jpg 300w, https:\/\/site.uit.no\/trec\/wp-content\/uploads\/sites\/204\/2017\/02\/15-768x576.jpg 768w, https:\/\/site.uit.no\/trec\/wp-content\/uploads\/sites\/204\/2017\/02\/15-400x300.jpg 400w, https:\/\/site.uit.no\/trec\/wp-content\/uploads\/sites\/204\/2017\/02\/15.jpg 960w\" sizes=\"(max-width: 300px) 100vw, 300px\" \/><\/a><\/p>\n<p>En av dem som la frem en del av arbeidet sitt, var PhD-student Line H. Evensen. Hun presenterte en studie hun jobber med som tar for seg regelmessig fysisk aktivitet og risikoen for ven\u00f8s blodpropp n\u00e5r det kommer til tilbakefall og d\u00f8delighet.<\/p>\n<p>&#8211; Jeg har sett p\u00e5 selvrapportert fysisk aktivitet blant pasienter som har hatt ven\u00f8s blodpropp. Det vi pr\u00f8ver \u00e5 finne ut, er hvordan fysisk aktivitet som ble gjort f\u00f8r man f\u00e5r blodpropp p\u00e5virker risikoen for \u00e5 f\u00e5 blodproppen, forteller Evensen.<\/p>\n<p>Hun begynte p\u00e5 studien i januar og er ikke ferdig med analysene enn\u00e5, men synes det er nyttig \u00e5 kunne sparre med kollegaene sine.<\/p>\n<p>&#8211; Det er veldig positivt \u00e5 ha mulighet til \u00e5 gj\u00f8re det.<\/p>\n<p><span style=\"font-size: 14pt\"><strong>&#8211; Blir ikke verdensmester alene<\/strong><\/span><\/p>\n<p>Tom Eirik Mollnes er assosiert samarbeidspartner i TREC og ser helt klart fordeler med m\u00e5ten forskningssenteret jobber p\u00e5.<\/p>\n<p>&#8211; Det er s\u00e5 viktig med den type nettverksbygging som vi gj\u00f8r her. Betydningen av \u00e5 samarbeide for \u00e5 f\u00e5 gjort mer enn man kunne gjort alene er enorm. Det er utrolig stimulerende og l\u00e6rerikt, sier Mollnes, som er professor II ved Universitetet i Troms\u00f8 \u2013 Norges arktiske universitet (UiT) og forsker ved Nordlandssykehuset i Bod\u00f8. Han er dessuten med i flere andre Jebsen-sentre i landet.<\/p>\n<p><a href=\"https:\/\/site.uit.no\/trec\/wp-content\/uploads\/sites\/204\/2017\/02\/10.jpg\"><img loading=\"lazy\" decoding=\"async\" class=\"alignleft wp-image-1387 size-medium\" title=\"Tom Eirik Mollnes, professor II ved Universitetet i Troms\u00f8 - Norges arktiske universitet (UiT) og forsker ved Nordlandssykehuset, Bod\u00f8.\" src=\"https:\/\/site.uit.no\/trec\/wp-content\/uploads\/sites\/204\/2017\/02\/10-300x225.jpg\" alt=\"\" width=\"300\" height=\"225\" srcset=\"https:\/\/site.uit.no\/trec\/wp-content\/uploads\/sites\/204\/2017\/02\/10-300x225.jpg 300w, https:\/\/site.uit.no\/trec\/wp-content\/uploads\/sites\/204\/2017\/02\/10-768x576.jpg 768w, https:\/\/site.uit.no\/trec\/wp-content\/uploads\/sites\/204\/2017\/02\/10-400x300.jpg 400w, https:\/\/site.uit.no\/trec\/wp-content\/uploads\/sites\/204\/2017\/02\/10.jpg 960w\" sizes=\"(max-width: 300px) 100vw, 300px\" \/><\/a><\/p>\n<p>&nbsp;<\/p>\n<p>&nbsp;<\/p>\n<p>&nbsp;<\/p>\n<p>&nbsp;<\/p>\n<p>&nbsp;<\/p>\n<p>&nbsp;<\/p>\n<p>Mollnes\u2019 ekspertfelt er immunapparatet, og han forteller at man finner mange linker mellom immunsystemet og det som skjer i kroppen ved blodpropp.<\/p>\n<p>&#8211; \u00c5 utnytte hverandres kompetanse, samt \u00e5 bryte ned barrierer i Norge og i Nord-Norge spesielt er essensielt. Man kan ikke drive p\u00e5 hver for seg og tro at man blir verdensmester alene, sier Mollnes.<\/p>\n<p><a href=\"https:\/\/site.uit.no\/trec\/wp-content\/uploads\/sites\/204\/2017\/02\/7.jpg\"><img loading=\"lazy\" decoding=\"async\" class=\"alignleft wp-image-1034 size-medium\" title=\"Stipendiat Nadia Arshad presenterte sin p\u00e5g\u00e5ende forskning om blodpropp relatert til hjerteinfarkt.\" src=\"https:\/\/site.uit.no\/trec\/wp-content\/uploads\/sites\/204\/2017\/02\/7-300x225.jpg\" alt=\"\" width=\"300\" height=\"225\" srcset=\"https:\/\/site.uit.no\/trec\/wp-content\/uploads\/sites\/204\/2017\/02\/7-300x225.jpg 300w, https:\/\/site.uit.no\/trec\/wp-content\/uploads\/sites\/204\/2017\/02\/7-768x576.jpg 768w, https:\/\/site.uit.no\/trec\/wp-content\/uploads\/sites\/204\/2017\/02\/7-400x300.jpg 400w, https:\/\/site.uit.no\/trec\/wp-content\/uploads\/sites\/204\/2017\/02\/7.jpg 960w\" sizes=\"(max-width: 300px) 100vw, 300px\" \/><\/a><\/p>\n<p><a href=\"https:\/\/site.uit.no\/trec\/wp-content\/uploads\/sites\/204\/2017\/02\/9.jpg\"><img loading=\"lazy\" decoding=\"async\" class=\"alignleft wp-image-1033 size-medium\" title=\"Olga Vikhammer Gran, Hanne Skille, Joakim Sejrup og Benedikte Paulsen.\" src=\"https:\/\/site.uit.no\/trec\/wp-content\/uploads\/sites\/204\/2017\/02\/9-300x225.jpg\" alt=\"\" width=\"300\" height=\"225\" srcset=\"https:\/\/site.uit.no\/trec\/wp-content\/uploads\/sites\/204\/2017\/02\/9-300x225.jpg 300w, https:\/\/site.uit.no\/trec\/wp-content\/uploads\/sites\/204\/2017\/02\/9-768x576.jpg 768w, https:\/\/site.uit.no\/trec\/wp-content\/uploads\/sites\/204\/2017\/02\/9-400x300.jpg 400w, https:\/\/site.uit.no\/trec\/wp-content\/uploads\/sites\/204\/2017\/02\/9.jpg 960w\" sizes=\"(max-width: 300px) 100vw, 300px\" \/><\/a><\/p>\n<p>&nbsp;<\/p>\n<p>&nbsp;<\/p>\n<p>&nbsp;<\/p>\n<p>&nbsp;<\/p>\n<p>&nbsp;<\/p>\n<p>&nbsp;<\/p>\n<p>&nbsp;<\/p>\n<p>&nbsp;<\/p>\n<p>&nbsp;<\/p>\n<p>&nbsp;<\/p>\n<p>&nbsp;<\/p>\n<p><a href=\"https:\/\/site.uit.no\/trec\/wp-content\/uploads\/sites\/204\/2017\/02\/3.jpg\"><img loading=\"lazy\" decoding=\"async\" class=\"alignleft wp-image-1035 size-medium\" title=\"TREC-gjengen p\u00e5 lunsj.\" src=\"https:\/\/site.uit.no\/trec\/wp-content\/uploads\/sites\/204\/2017\/02\/3-300x225.jpg\" alt=\"\" width=\"300\" height=\"225\" srcset=\"https:\/\/site.uit.no\/trec\/wp-content\/uploads\/sites\/204\/2017\/02\/3-300x225.jpg 300w, https:\/\/site.uit.no\/trec\/wp-content\/uploads\/sites\/204\/2017\/02\/3-768x576.jpg 768w, https:\/\/site.uit.no\/trec\/wp-content\/uploads\/sites\/204\/2017\/02\/3-400x300.jpg 400w, https:\/\/site.uit.no\/trec\/wp-content\/uploads\/sites\/204\/2017\/02\/3.jpg 960w\" sizes=\"(max-width: 300px) 100vw, 300px\" \/><\/a><\/p>\n<p><a href=\"https:\/\/site.uit.no\/trec\/wp-content\/uploads\/sites\/204\/2017\/02\/19-1.jpg\"><img loading=\"lazy\" decoding=\"async\" class=\"alignleft wp-image-1388 size-medium\" title=\"Gruppebilde av seminardeltakerne fra TREC - glade og forn\u00f8yde etter en fin og vellykket dag sammen!\" src=\"https:\/\/site.uit.no\/trec\/wp-content\/uploads\/sites\/204\/2017\/02\/19-1-300x225.jpg\" alt=\"\" width=\"300\" height=\"225\" srcset=\"https:\/\/site.uit.no\/trec\/wp-content\/uploads\/sites\/204\/2017\/02\/19-1-300x225.jpg 300w, https:\/\/site.uit.no\/trec\/wp-content\/uploads\/sites\/204\/2017\/02\/19-1-768x576.jpg 768w, https:\/\/site.uit.no\/trec\/wp-content\/uploads\/sites\/204\/2017\/02\/19-1-400x300.jpg 400w, https:\/\/site.uit.no\/trec\/wp-content\/uploads\/sites\/204\/2017\/02\/19-1.jpg 960w\" sizes=\"(max-width: 300px) 100vw, 300px\" \/><\/a><\/p>\n<p>&nbsp;<\/p>\n<p>&nbsp;<\/p>\n<p>&nbsp;<\/p>\n<p>&nbsp;<\/p>\n<p>&nbsp;<\/p>\n<p>&nbsp;<\/p>\n<p>&nbsp;<\/p>\n<p>&nbsp;<\/p>\n<p>&nbsp;<\/p>\n<p>&nbsp;<\/p>\n<p>&nbsp;<\/p>\n<p>&nbsp;<\/p>\n<p>Alle foto: <a href=\"https:\/\/uit.no\/om\/enhet\/ansatte\/person?p_document_id=491281&amp;p_dimension_id=88116\">Dana Meknas (TREC)<\/a><\/p>\n<div class='wp_likes' id='wp_likes_post-1021'><a class='like' href=\"javascript:wp_likes.like(1021);\" title='' ><img decoding=\"async\" src=\"https:\/\/site.uit.no\/trec\/wp-content\/plugins\/wp-likes\/images\/like.png\" alt='' border='0'\/><\/a><span class='text'>Be the first to like.<\/span><\/p>\n<div class='like' ><a href=\"javascript:wp_likes.like(1021);\">Like<\/a><\/div>\n<div class='unlike' ><a href=\"javascript:wp_likes.unlike(1021);\">Unlike<\/a><\/div>\n<\/div>\n<iframe src=\"http:\/\/www.facebook.com\/plugins\/like.php?href=https%3A%2F%2Fsite.uit.no%2Ftrec%2F2017%2F02%2F18%2Ftrec-seminar-laererikt-spennende-og-utviklende%2F&amp;layout=standard&amp;show_faces=true&amp;width=450&amp;action=like&amp;colorscheme=light&amp;height=80\" scrolling=\"no\" frameborder=\"0\" style=\"border:none; overflow:hidden; width:450px; height:80px;\" allowTransparency=\"true\"><\/iframe>","protected":false},"excerpt":{"rendered":"<p>Etter en l\u00e6rerik og spennende\u00a0fredag er dette halv\u00e5rets TREC-seminar over. Dagen har best\u00e5tt av totalt 18 presentasjoner der medarbeidere p\u00e5 TREC har lagt frem forskningen sin med forel\u00f8pige resultater. Det har v\u00e6rt \u00e5pent for kritiske sp\u00f8rsm\u00e5l og diskusjon, og det &hellip; <a href=\"https:\/\/site.uit.no\/trec\/2017\/02\/18\/trec-seminar-laererikt-spennende-og-utviklende\/\">Continue reading <span class=\"meta-nav\">&rarr;<\/span><\/a><\/p>\n","protected":false},"author":668,"featured_media":0,"comment_status":"closed","ping_status":"closed","sticky":false,"template":"","format":"standard","meta":{"footnotes":""},"categories":[1],"tags":[50],"class_list":["post-1021","post","type-post","status-publish","format-standard","hentry","category-uncategorized","tag-trec-seminar"],"_links":{"self":[{"href":"https:\/\/site.uit.no\/trec\/wp-json\/wp\/v2\/posts\/1021","targetHints":{"allow":["GET"]}}],"collection":[{"href":"https:\/\/site.uit.no\/trec\/wp-json\/wp\/v2\/posts"}],"about":[{"href":"https:\/\/site.uit.no\/trec\/wp-json\/wp\/v2\/types\/post"}],"author":[{"embeddable":true,"href":"https:\/\/site.uit.no\/trec\/wp-json\/wp\/v2\/users\/668"}],"replies":[{"embeddable":true,"href":"https:\/\/site.uit.no\/trec\/wp-json\/wp\/v2\/comments?post=1021"}],"version-history":[{"count":16,"href":"https:\/\/site.uit.no\/trec\/wp-json\/wp\/v2\/posts\/1021\/revisions"}],"predecessor-version":[{"id":1042,"href":"https:\/\/site.uit.no\/trec\/wp-json\/wp\/v2\/posts\/1021\/revisions\/1042"}],"wp:attachment":[{"href":"https:\/\/site.uit.no\/trec\/wp-json\/wp\/v2\/media?parent=1021"}],"wp:term":[{"taxonomy":"category","embeddable":true,"href":"https:\/\/site.uit.no\/trec\/wp-json\/wp\/v2\/categories?post=1021"},{"taxonomy":"post_tag","embeddable":true,"href":"https:\/\/site.uit.no\/trec\/wp-json\/wp\/v2\/tags?post=1021"}],"curies":[{"name":"wp","href":"https:\/\/api.w.org\/{rel}","templated":true}]}}