{"id":1159,"date":"2017-05-18T11:00:10","date_gmt":"2017-05-18T09:00:10","guid":{"rendered":"https:\/\/site.uit.no\/trec\/?p=1159"},"modified":"2018-01-05T12:05:58","modified_gmt":"2018-01-05T11:05:58","slug":"vektendring-oker-risikoen-for-blodpropp","status":"publish","type":"post","link":"https:\/\/site.uit.no\/trec\/2017\/05\/18\/vektendring-oker-risikoen-for-blodpropp\/","title":{"rendered":"Vektendring \u00f8ker risikoen for blodpropp"},"content":{"rendered":"<p>Av <a href=\"https:\/\/uit.no\/om\/enhet\/ansatte\/person?p_document_id=348789&amp;p_dimension_id=88116\">Lars Daae Horvei<br \/>\n<\/a>Stipendiat ved TREC<\/p>\n<p>Overvekt og fedme er forbundet med \u00f8kt blodpropprisiko, men hvordan p\u00e5virkes\u00a0<img fetchpriority=\"high\" decoding=\"async\" class=\"alignright wp-image-1688 size-medium\" title=\"Foto: www.colourbox.no\" src=\"https:\/\/site.uit.no\/trec\/wp-content\/uploads\/sites\/204\/2017\/05\/COLOURBOX13875960-300x200.jpg\" alt=\"\" width=\"300\" height=\"200\" \/>risikoen av vektendring? I en ny studie fra Troms\u00f8 fant vi at vekt\u00f8kning var forbundet\u00a0med \u00f8kt risiko for blodpropp, uavhengig av hvor tykk man var eller ble. Risikoen var imidlertid st\u00f8rst hos de som var tykke i utgangspunktet og gikk mye opp i vekt. Vi fant ogs\u00e5 at vektnedgang var forbundet med en lett \u00f8kning i risikoen. Det ser derfor ut til at det er best \u00e5 v\u00e6re normalvektig og samtidig holde en stabil vekt for \u00e5 unng\u00e5 blodpropp.<\/p>\n<p><!--more--><\/p>\n<p>Vi vet at overvekt og fedme \u00f8ker risikoen for en rekke sykdomstilstander, som blant annet diabetes, hjerteinfarkt og hjerneslag. Overvekt er ogs\u00e5 en av de viktigste risikofaktorene for ven\u00f8s trombose (blodpropp i venesystemet, oftest i legg, l\u00e5r eller lunger), men vi vet forel\u00f8pig lite om hvorfor. Opp mot 10\u00a0000 nordmenn rammes av ven\u00f8s blodpropp \u00e5rlig, og med den \u00f8kende forekomsten av fedme i befolkningen forventes dette tallet \u00e5 \u00f8ke. Det er essensielt \u00e5 forst\u00e5 mekanismene som ligger til grunn for \u00e5 kunne forebygge denne alvorlige sykdommen.<\/p>\n<p><strong>Personer med fedme mest utsatt<\/strong><\/p>\n<p>Vi har unders\u00f8kt hvorvidt endring i kroppsvekt p\u00e5virker risikoen for (ven\u00f8s) blodpropp. Troms\u00f8unders\u00f8kelsen gir oss unike data, hvor opp mot 77% av inviterte deltakere fra Troms\u00f8s befolkning har deltatt, og nesten 8000 personer har stilt opp i minst to av de tre siste unders\u00f8kelsene. Vi har unders\u00f8kt om disse personene endret kroppsvekt mellom unders\u00f8kelsene, og om de utviklet blodpropp i l\u00f8pet av studieperioden.<\/p>\n<p>Som forventet s\u00e5 vi at de som gikk mest opp i vekt hadde h\u00f8yest risiko for blodpropp. Personer som hadde g\u00e5tt opp mer enn 7.5 kg hadde omtrent dobbelt s\u00e5 h\u00f8y risiko som de som holdt vekta stabil. Blant deltakere med fedme. alts\u00e5 kroppsmasseindeks (KMI) lik eller over 30, hadde de som gikk mest opp i vekt fire ganger h\u00f8yere risiko enn de tykke deltakerne som endret vekten minst. Dette tyder p\u00e5 at risikoen hovedsakelig skyldtes vekt\u00f8kningen i seg selv og ikke fedmen. N\u00e5r vi unders\u00f8kte kombinasjonen av fedme og vektoppgang, fant vi at personer som var tykke og gikk opp i vekt hadde nesten syv ganger h\u00f8yere risiko for blodpropp sammenlignet med de som var normalvektige og holdt en stabil vekt.<\/p>\n<p><strong>Svak sammenheng mellom vektnedgang og blodpropp<\/strong><\/p>\n<p>Litt overraskende fant vi ogs\u00e5 at vektnedgang var forbundet med noe \u00f8kt risiko for blodpropp hos de som var overvektige \u00a0i utgangspunktet (KMI 25-29). Vi vet at kreftsykdom b\u00e5de kan f\u00f8re til vektnedgang og en mangedobling av risiko for blodpropp, men resultatene ble de samme n\u00e5r vi gjorde analysene uten \u00e5 ta med de som fikk kreft. Det er mulig at v\u00e5re funn kan forklares av at b\u00e5de vekt\u00f8kning og vektnedgang f\u00f8rer til en betennelsesreaksjon i fettvevet som igjen p\u00e5virker koagulasjonssystemet og f\u00f8rer til blodpropp. Eller det kan skyldes andre sykdommer eller faktorer som b\u00e5de p\u00e5virker vekt og blodpropp som vi ikke kunne ta h\u00f8yde for i analysene.<\/p>\n<p>Vi fant alts\u00e5 en sammenheng mellom vektendring, og spesielt vekt\u00f8kning, og risiko for blodpropp. Risikoen var spesielt h\u00f8y hos de som var tykke i utgangspunktet, men vekt\u00f8kning var ogs\u00e5 en risikofaktor hos de som var normalvektige. Som ellers i livet er alts\u00e5 m\u00e5tehold og moderasjon en dyd \u2013 ogs\u00e5 n\u00e5r det gjelder ven\u00f8s blodpropp.<\/p>\n<p><strong>Fakta om ven\u00f8s trombose (blodpropp):<\/strong><\/p>\n<ul>\n<li>Blodpropp i samle\u00e5rene som f\u00f8rer blodet tilbake til hjertet<\/li>\n<li>Oppst\u00e5r vanligvis i legg, l\u00e5r eller lunge<\/li>\n<li>Rammer 7-10\u00a0000 nordmenn \u00e5rlig<\/li>\n<li>20 % av blodpropp-pasientene d\u00f8r i l\u00f8pet av det f\u00f8rste \u00e5ret etter hendelsen<\/li>\n<li>50% av blodpropptilfellene har ukjent \u00e5rsak<\/li>\n<li>Blodpropp kan unng\u00e5s med effektiv forebygging hos de med h\u00f8yest risiko<\/li>\n<\/ul>\n<p>Referanse:\u00a0Horvei LD, Braekkan SK, Hansen JB. <a href=\"http:\/\/journals.plos.org\/plosone\/article?id=10.1371\/journal.pone.0168878\">Weight Change and Risk of Venous Thromboembolism: The Tromso Study.<\/a>\u00a0<em>PloS ONE (2016).<\/em><\/p>\n<div class='wp_likes' id='wp_likes_post-1159'><a class='like' href=\"javascript:wp_likes.like(1159);\" title='' ><img decoding=\"async\" src=\"https:\/\/site.uit.no\/trec\/wp-content\/plugins\/wp-likes\/images\/like.png\" alt='' border='0'\/><\/a><span class='text'>Be the first to like.<\/span><\/p>\n<div class='like' ><a href=\"javascript:wp_likes.like(1159);\">Like<\/a><\/div>\n<div class='unlike' ><a href=\"javascript:wp_likes.unlike(1159);\">Unlike<\/a><\/div>\n<\/div>\n<iframe src=\"http:\/\/www.facebook.com\/plugins\/like.php?href=https%3A%2F%2Fsite.uit.no%2Ftrec%2F2017%2F05%2F18%2Fvektendring-oker-risikoen-for-blodpropp%2F&amp;layout=standard&amp;show_faces=true&amp;width=450&amp;action=like&amp;colorscheme=light&amp;height=80\" scrolling=\"no\" frameborder=\"0\" style=\"border:none; overflow:hidden; width:450px; height:80px;\" allowTransparency=\"true\"><\/iframe>","protected":false},"excerpt":{"rendered":"<p>Av Lars Daae Horvei Stipendiat ved TREC Overvekt og fedme er forbundet med \u00f8kt blodpropprisiko, men hvordan p\u00e5virkes\u00a0risikoen av vektendring? I en ny studie fra Troms\u00f8 fant vi at vekt\u00f8kning var forbundet\u00a0med \u00f8kt risiko for blodpropp, uavhengig av hvor tykk &hellip; <a href=\"https:\/\/site.uit.no\/trec\/2017\/05\/18\/vektendring-oker-risikoen-for-blodpropp\/\">Continue reading <span class=\"meta-nav\">&rarr;<\/span><\/a><\/p>\n","protected":false},"author":668,"featured_media":0,"comment_status":"closed","ping_status":"closed","sticky":false,"template":"","format":"standard","meta":{"footnotes":""},"categories":[117],"tags":[13,73,209,210],"class_list":["post-1159","post","type-post","status-publish","format-standard","hentry","category-thrombosis","tag-blodpropp","tag-tromsoundersokelsen","tag-vekt","tag-vektendring"],"_links":{"self":[{"href":"https:\/\/site.uit.no\/trec\/wp-json\/wp\/v2\/posts\/1159","targetHints":{"allow":["GET"]}}],"collection":[{"href":"https:\/\/site.uit.no\/trec\/wp-json\/wp\/v2\/posts"}],"about":[{"href":"https:\/\/site.uit.no\/trec\/wp-json\/wp\/v2\/types\/post"}],"author":[{"embeddable":true,"href":"https:\/\/site.uit.no\/trec\/wp-json\/wp\/v2\/users\/668"}],"replies":[{"embeddable":true,"href":"https:\/\/site.uit.no\/trec\/wp-json\/wp\/v2\/comments?post=1159"}],"version-history":[{"count":6,"href":"https:\/\/site.uit.no\/trec\/wp-json\/wp\/v2\/posts\/1159\/revisions"}],"predecessor-version":[{"id":1690,"href":"https:\/\/site.uit.no\/trec\/wp-json\/wp\/v2\/posts\/1159\/revisions\/1690"}],"wp:attachment":[{"href":"https:\/\/site.uit.no\/trec\/wp-json\/wp\/v2\/media?parent=1159"}],"wp:term":[{"taxonomy":"category","embeddable":true,"href":"https:\/\/site.uit.no\/trec\/wp-json\/wp\/v2\/categories?post=1159"},{"taxonomy":"post_tag","embeddable":true,"href":"https:\/\/site.uit.no\/trec\/wp-json\/wp\/v2\/tags?post=1159"}],"curies":[{"name":"wp","href":"https:\/\/api.w.org\/{rel}","templated":true}]}}