{"id":1207,"date":"2017-06-21T22:20:05","date_gmt":"2017-06-21T20:20:05","guid":{"rendered":"https:\/\/site.uit.no\/trec\/?p=1207"},"modified":"2017-06-21T22:21:05","modified_gmt":"2017-06-21T20:21:05","slug":"i-morgen-disputerer-caroline","status":"publish","type":"post","link":"https:\/\/site.uit.no\/trec\/2017\/06\/21\/i-morgen-disputerer-caroline\/","title":{"rendered":"I morgen disputerer Caroline!"},"content":{"rendered":"<p>I morgen disputerer v\u00e5r stipendiat Caroline Lind! Hun skal forsvare avhandlingen <a href=\"https:\/\/site.uit.no\/trec\/wp-content\/uploads\/sites\/204\/2017\/06\/Bilde.jpg\"><img fetchpriority=\"high\" decoding=\"async\" class=\"alignright wp-image-1210 size-medium\" title=\"Caroline Lind. Foto: Privat\" src=\"https:\/\/site.uit.no\/trec\/wp-content\/uploads\/sites\/204\/2017\/06\/Bilde-225x300.jpg\" alt=\"\" width=\"225\" height=\"300\" \/><\/a>\u201cBidirectional association between arterial and venous thrombosis&#8221;. Caroline har sett p\u00e5 sammenhengen mellom arteriell og ven\u00f8s blodpropp i en generell befolkning. I avhandlingen har hun benyttet seg av data fra blant annet Troms\u00f8-unders\u00f8kelsen.<\/p>\n<p>Veiledere har v\u00e6rt\u00a0John-Bjarne Hansen og\u00a0Sigrid Br\u00e6kkan.<\/p>\n<p>Du kan lese mer om Carolines avhandling her:\u00a0<a href=\"https:\/\/uit.no\/tavla\/artikkel\/522598\/disputas_cand_med_caroline_lind\">https:\/\/uit.no\/tavla\/artikkel\/522598\/disputas_cand_med_caroline_lind<\/a><\/p>\n<p>Dato for disputasen:\u00a022. juni 2017<br \/>\nPr\u00f8veforelesning foreg\u00e5r kl. 10.15-11.00, Store Auditorium, MH-bygget, UiT.<br \/>\nPresentasjon og forsvar av avhandlingen foreg\u00e5r i samme lokale, kl. 12.15-15.00.<br \/>\nNavn p\u00e5 avhandlingen:<strong>\u00a0<\/strong>Bidirectional association between arterial and venous thrombosis<\/p>\n<p>Vi \u00f8nsker Caroline lykke til!<\/p>\n<p>Les intervjuet med Caroline om veien hit og om planene hennes videre:\u00a0<a href=\"https:\/\/site.uit.no\/trec\/2017\/06\/16\/straks-klart-for-carolines-disputas\/\">https:\/\/site.uit.no\/trec\/2017\/06\/16\/straks-klart-for-carolines-disputas\/<\/a><\/p>\n<div class='wp_likes' id='wp_likes_post-1207'><a class='like' href=\"javascript:wp_likes.like(1207);\" title='' ><img decoding=\"async\" src=\"https:\/\/site.uit.no\/trec\/wp-content\/plugins\/wp-likes\/images\/like.png\" alt='' border='0'\/><\/a><span class='text'>Be the first to like.<\/span><\/p>\n<div class='like' ><a href=\"javascript:wp_likes.like(1207);\">Like<\/a><\/div>\n<div class='unlike' ><a href=\"javascript:wp_likes.unlike(1207);\">Unlike<\/a><\/div>\n<\/div>\n<iframe src=\"http:\/\/www.facebook.com\/plugins\/like.php?href=https%3A%2F%2Fsite.uit.no%2Ftrec%2F2017%2F06%2F21%2Fi-morgen-disputerer-caroline%2F&amp;layout=standard&amp;show_faces=true&amp;width=450&amp;action=like&amp;colorscheme=light&amp;height=80\" scrolling=\"no\" frameborder=\"0\" style=\"border:none; overflow:hidden; width:450px; height:80px;\" allowTransparency=\"true\"><\/iframe>","protected":false},"excerpt":{"rendered":"<p>I morgen disputerer v\u00e5r stipendiat Caroline Lind! Hun skal forsvare avhandlingen \u201cBidirectional association between arterial and venous thrombosis&#8221;. Caroline har sett p\u00e5 sammenhengen mellom arteriell og ven\u00f8s blodpropp i en generell befolkning. I avhandlingen har hun benyttet seg av data &hellip; <a href=\"https:\/\/site.uit.no\/trec\/2017\/06\/21\/i-morgen-disputerer-caroline\/\">Continue reading <span class=\"meta-nav\">&rarr;<\/span><\/a><\/p>\n","protected":false},"author":668,"featured_media":0,"comment_status":"closed","ping_status":"closed","sticky":false,"template":"","format":"standard","meta":{"footnotes":""},"categories":[218],"tags":[220,207],"class_list":["post-1207","post","type-post","status-publish","format-standard","hentry","category-nyheter","tag-disputas","tag-forskning"],"_links":{"self":[{"href":"https:\/\/site.uit.no\/trec\/wp-json\/wp\/v2\/posts\/1207","targetHints":{"allow":["GET"]}}],"collection":[{"href":"https:\/\/site.uit.no\/trec\/wp-json\/wp\/v2\/posts"}],"about":[{"href":"https:\/\/site.uit.no\/trec\/wp-json\/wp\/v2\/types\/post"}],"author":[{"embeddable":true,"href":"https:\/\/site.uit.no\/trec\/wp-json\/wp\/v2\/users\/668"}],"replies":[{"embeddable":true,"href":"https:\/\/site.uit.no\/trec\/wp-json\/wp\/v2\/comments?post=1207"}],"version-history":[{"count":5,"href":"https:\/\/site.uit.no\/trec\/wp-json\/wp\/v2\/posts\/1207\/revisions"}],"predecessor-version":[{"id":1217,"href":"https:\/\/site.uit.no\/trec\/wp-json\/wp\/v2\/posts\/1207\/revisions\/1217"}],"wp:attachment":[{"href":"https:\/\/site.uit.no\/trec\/wp-json\/wp\/v2\/media?parent=1207"}],"wp:term":[{"taxonomy":"category","embeddable":true,"href":"https:\/\/site.uit.no\/trec\/wp-json\/wp\/v2\/categories?post=1207"},{"taxonomy":"post_tag","embeddable":true,"href":"https:\/\/site.uit.no\/trec\/wp-json\/wp\/v2\/tags?post=1207"}],"curies":[{"name":"wp","href":"https:\/\/api.w.org\/{rel}","templated":true}]}}