{"id":1535,"date":"2017-10-18T17:45:15","date_gmt":"2017-10-18T15:45:15","guid":{"rendered":"https:\/\/site.uit.no\/trec\/?p=1535"},"modified":"2017-10-19T16:44:45","modified_gmt":"2017-10-19T14:44:45","slug":"medieoppslag-slar-blodproppalarm","status":"publish","type":"post","link":"https:\/\/site.uit.no\/trec\/2017\/10\/18\/medieoppslag-slar-blodproppalarm\/","title":{"rendered":"Medieoppslag: Sl\u00e5r blodproppalarm"},"content":{"rendered":"<div id=\"js_2ge\" class=\"_5pbx userContent _3576\">\n<p>Av <a href=\"https:\/\/uit.no\/om\/enhet\/ansatte\/person?p_document_id=491281&amp;p_dimension_id=88116\">Dana Meknas<\/a><br \/>\nJournalist ved TREC<\/p>\n<p><img fetchpriority=\"high\" decoding=\"async\" class=\"alignright size-medium wp-image-1536\" src=\"https:\/\/site.uit.no\/trec\/wp-content\/uploads\/sites\/204\/2017\/10\/IMG_7796-300x225.jpg\" alt=\"\" width=\"300\" height=\"225\" \/>I\u00a0avisen i dag kan du lese om hvor viktig det er \u00e5 kjenne igjen symptomene p\u00e5 blodpropp og at det faktisk er mye vanligere enn det folk flest tror.<\/p>\n<p>\u2013 \u00c5 f\u00e5 behandling i tide kan utgj\u00f8re forskjellen mellom liv og d\u00f8d, sier professor og senterleder\u00a0<a id=\"js_2mz\" class=\"profileLink\" href=\"https:\/\/uit.no\/om\/enhet\/ansatte\/person?p_document_id=41807&amp;p_dimension_id=88116\">John-Bjarne Hansen<\/a>. Les saken i\u00a0Nordlys\u00a0her:\u00a0<a href=\"https:\/\/www.nordlys.no\/helse\/utdanning\/medisin-og-helse\/slar-blodpropp-alarm\/s\/5-34-719695\">Sl\u00e5r blodproppalarm<\/a>.<\/p>\n<\/div>\n<p><!--more--><\/p>\n<header class=\"am-article-header\">\n<div class=\"am-article-leadText\">\n<div class=\"maelstrom-article-summary am-txt--medium am-txt--lead \">\n<p>Nesten 10.000 nordmenn rammes av blodpropp hvert \u00e5r. Det vil si at \u00e9n gang i timen f\u00e5r en nordmann blodpropp i beina eller lungene. Det er grunn til \u00e5 frykte en ytterligere \u00f8kning av personer som f\u00e5r ven\u00f8s blodpropp, sier John-Bjarne.<\/p>\n<\/div>\n<\/div>\n<\/header>\n<p>Du kan ogs\u00e5 lese saken i Romerikes Blad <a href=\"https:\/\/www.rb.no\/nyheter\/helse\/medisin-og-helse\/slar-blodpropp-alarm\/s\/5-43-615265\">her<\/a> og i Dagsavisen <a href=\"http:\/\/www.dagsavisen.no\/innenriks\/slar-blodpropp-alarm-1.1041597\">her<\/a>.<\/p>\n<div class='wp_likes' id='wp_likes_post-1535'><a class='like' href=\"javascript:wp_likes.like(1535);\" title='' ><img decoding=\"async\" src=\"https:\/\/site.uit.no\/trec\/wp-content\/plugins\/wp-likes\/images\/like.png\" alt='' border='0'\/><\/a><span class='text'>Be the first to like.<\/span><\/p>\n<div class='like' ><a href=\"javascript:wp_likes.like(1535);\">Like<\/a><\/div>\n<div class='unlike' ><a href=\"javascript:wp_likes.unlike(1535);\">Unlike<\/a><\/div>\n<\/div>\n<iframe src=\"http:\/\/www.facebook.com\/plugins\/like.php?href=https%3A%2F%2Fsite.uit.no%2Ftrec%2F2017%2F10%2F18%2Fmedieoppslag-slar-blodproppalarm%2F&amp;layout=standard&amp;show_faces=true&amp;width=450&amp;action=like&amp;colorscheme=light&amp;height=80\" scrolling=\"no\" frameborder=\"0\" style=\"border:none; overflow:hidden; width:450px; height:80px;\" allowTransparency=\"true\"><\/iframe>","protected":false},"excerpt":{"rendered":"<p>Av Dana Meknas Journalist ved TREC I\u00a0avisen i dag kan du lese om hvor viktig det er \u00e5 kjenne igjen symptomene p\u00e5 blodpropp og at det faktisk er mye vanligere enn det folk flest tror. \u2013 \u00c5 f\u00e5 behandling i &hellip; <a href=\"https:\/\/site.uit.no\/trec\/2017\/10\/18\/medieoppslag-slar-blodproppalarm\/\">Continue reading <span class=\"meta-nav\">&rarr;<\/span><\/a><\/p>\n","protected":false},"author":668,"featured_media":0,"comment_status":"closed","ping_status":"closed","sticky":false,"template":"","format":"standard","meta":{"footnotes":""},"categories":[218],"tags":[13,253,251,250,252,254],"class_list":["post-1535","post","type-post","status-publish","format-standard","hentry","category-nyheter","tag-blodpropp","tag-dagsavisen","tag-media","tag-medieoppslag","tag-nordlys","tag-romerikes-blad"],"_links":{"self":[{"href":"https:\/\/site.uit.no\/trec\/wp-json\/wp\/v2\/posts\/1535","targetHints":{"allow":["GET"]}}],"collection":[{"href":"https:\/\/site.uit.no\/trec\/wp-json\/wp\/v2\/posts"}],"about":[{"href":"https:\/\/site.uit.no\/trec\/wp-json\/wp\/v2\/types\/post"}],"author":[{"embeddable":true,"href":"https:\/\/site.uit.no\/trec\/wp-json\/wp\/v2\/users\/668"}],"replies":[{"embeddable":true,"href":"https:\/\/site.uit.no\/trec\/wp-json\/wp\/v2\/comments?post=1535"}],"version-history":[{"count":3,"href":"https:\/\/site.uit.no\/trec\/wp-json\/wp\/v2\/posts\/1535\/revisions"}],"predecessor-version":[{"id":1539,"href":"https:\/\/site.uit.no\/trec\/wp-json\/wp\/v2\/posts\/1535\/revisions\/1539"}],"wp:attachment":[{"href":"https:\/\/site.uit.no\/trec\/wp-json\/wp\/v2\/media?parent=1535"}],"wp:term":[{"taxonomy":"category","embeddable":true,"href":"https:\/\/site.uit.no\/trec\/wp-json\/wp\/v2\/categories?post=1535"},{"taxonomy":"post_tag","embeddable":true,"href":"https:\/\/site.uit.no\/trec\/wp-json\/wp\/v2\/tags?post=1535"}],"curies":[{"name":"wp","href":"https:\/\/api.w.org\/{rel}","templated":true}]}}