{"id":1739,"date":"2018-01-25T09:27:09","date_gmt":"2018-01-25T08:27:09","guid":{"rendered":"https:\/\/site.uit.no\/trec\/?p=1739"},"modified":"2018-01-25T12:05:37","modified_gmt":"2018-01-25T11:05:37","slug":"bli-kjent-med-vaar-stipendiat-jostein","status":"publish","type":"post","link":"https:\/\/site.uit.no\/trec\/2018\/01\/25\/bli-kjent-med-vaar-stipendiat-jostein\/","title":{"rendered":"Halvveis i stipendiat\u00e5ret: Bli kjent med v\u00e5r PhD-student, Jostein"},"content":{"rendered":"<p><a href=\"https:\/\/site.uit.no\/trec\/wp-content\/uploads\/sites\/204\/2018\/01\/toronto-e1516868531872.jpg\"><img fetchpriority=\"high\" decoding=\"async\" class=\"alignright wp-image-1741 size-medium\" title=\"Jostein p\u00e5 forskningskonferanse i Toronto. Foto: Privat.\" src=\"https:\/\/site.uit.no\/trec\/wp-content\/uploads\/sites\/204\/2018\/01\/toronto-300x200.jpg\" alt=\"\" width=\"300\" height=\"200\" \/><\/a>Av\u00a0<a href=\"https:\/\/uit.no\/om\/enhet\/ansatte\/person?p_document_id=491281&amp;p_dimension_id=88108\">Dana Meknas<\/a><br \/>\nJournalist ved TREC<\/p>\n<p>Denne h\u00f8sten begynte <a href=\"https:\/\/uit.no\/om\/enhet\/ansatte\/person?p_document_id=347989&amp;p_dimension_id=88116\">Jostein Lappeg\u00e5rd<\/a>\u00a0som stipendiat ved TREC etter \u00e5 ha fullf\u00f8rt medisinstudiet og g\u00e5tt forskerlinja parallelt p\u00e5 universitetet i Troms\u00f8 &#8211; Norges arktiske universitet (UiT). 27-\u00e5ringen flyttet fra hjembyen Bod\u00f8 for snart \u00e5tte \u00e5r siden for \u00e5 forf\u00f8lge sin yrkesdr\u00f8m om \u00e5 bli lege og har v\u00e6rt i TREC de siste fem \u00e5rene. Men hvem er egentlig Jostein? Les intervjuet med han for \u00e5 finne ut mer om han og om det l\u00f8pet han har valgt \u00e5 g\u00e5!<\/p>\n<p><!--more--><\/p>\n<p><strong>Denne h\u00f8sten begynte du som stipendiat i TREC! Hvordan har det v\u00e6rt s\u00e5 langt?-\u00a0<\/strong>Det har v\u00e6rt veldig fint \u00e5 v\u00e6re tilbake i gruppa p\u00e5 fulltid, etter tre \u00e5r med hovedfokus p\u00e5 \u00e5 fullf\u00f8re studiet.<\/p>\n<p><strong>Hva gj\u00f8r du egentlig om dagen?<br \/>\n<\/strong>&#8211; I h\u00f8st har jeg jobbet med \u00e5 fullf\u00f8re to artikler som skal sendes inn til vurdering, ogs\u00e5 skriver jeg p\u00e5 selve doktorgradsavhandlingen. Jobben inkluderer litt arbeid i statistikkprogram, lesing av artikler og skriving (og sletting, omskriving, sletting, omskriving\u2026.). Ogs\u00e5 drikker jeg en del kaffe. Ja, ogs\u00e5 er det nok fare for at det blir en liiiten tur innom noen nettaviser i l\u00f8pet av dagen.<\/p>\n<p><strong>Hvordan ser l\u00f8pet ut for deg fremover?<br \/>\n<\/strong>&#8211; Jeg skal f\u00e5 sendt inn de to artiklene til vurdering s\u00e5 fort som mulig. Deretter skal avhandlingen etter planen sendes inn i l\u00f8pet av februar. S\u00e5 h\u00e5per jeg \u00e5 kunne disputere i l\u00f8pet av 2018, forh\u00e5pentligvis i l\u00f8pet av v\u00e5ren.<\/p>\n<p><strong>Hvilke forventninger har du til tiden som kommer?<br \/>\n<\/strong>&#8211; Jeg fortsetter p\u00e5 et prosjekt som jeg har jobbet med siden jeg ble forskerlinjestudent i 2013. S\u00e5nn sett er det veldig kjente rammer og m\u00e5l \u00e5 forholde seg til. Likevel forventer jeg at siste innspurt f\u00f8r innlevering av avhandlingen kommer til \u00e5 bli relativt arbeidsom, men ogs\u00e5 veldig l\u00e6rerik.<\/p>\n<p><strong>Hvordan havnet du i TREC?<br \/>\n<\/strong>&#8211; Jeg havnet i TREC (den gangen HERG) som forskerlinjestudent h\u00f8sten 2013. Etter \u00e5 ha pratet med mange forskjellige forskningsgrupper falt valget p\u00e5 hematologisk forskningsgruppe. B\u00e5de gruppeleder John-Bjarne og tidligere forskerlinjestudenter ga et veldig godt inntrykk av opplegget gruppen kunne tilby med tanke p\u00e5 prosjekt, veiledning, fasiliteter, sosialt og s\u00e5 videre.<\/p>\n<p><a class=\"alignnone\" title=\"P\u00e5 forskingskonferanse i Berlin sommeren 2017. Foto: Dana Meknas\" href=\"https:\/\/site.uit.no\/trec\/wp-content\/uploads\/sites\/204\/2017\/08\/2-1.jpg\"><img decoding=\"async\" class=\"size-medium wp-image-1311 aligncenter\" src=\"https:\/\/site.uit.no\/trec\/wp-content\/uploads\/sites\/204\/2017\/08\/2-1-225x300.jpg\" alt=\"\" width=\"225\" height=\"300\" \/><\/a><\/p>\n<p><strong>Trives du?<br \/>\n<\/strong>&#8211; Jeg trives veldig godt! TREC er en stor og inkluderende gruppe med veldig mange forskjellige folk som har ulik bakgrunn. Alle aldre og mange nasjonaliteter. Vi har felles morgenkaffe og lunsj hver dag, og kake\/vinlotteri (clottery) hver fredag. I tillegg f\u00e5r vi svetta fra oss p\u00e5 ukentlige gruppetreninger p\u00e5 Kraft sportssenter. Dette bidrar til et veldig godt milj\u00f8 i gruppa. Det skjer ogs\u00e5 mye felles faglig p\u00e5 ukentlig basis, hvor alle i gruppa f\u00e5r god trening i \u00e5 formidle sin egen forskning p\u00e5 engelsk. TREC har ogs\u00e5 gitt meg muligheten til \u00e5 reise p\u00e5 internasjonale konferanser, som har v\u00e6rt en veldig morsom erfaring, og ikke minst en veldig sosial greie.<\/p>\n<p><strong>Hva slags prosjekt er det du jobber med?<br \/>\n<\/strong>&#8211; Jeg har brukt data fra Troms\u00f8unders\u00f8kelsen og sett p\u00e5 om et m\u00e5l p\u00e5 variasjon i st\u00f8rrelsen til de r\u00f8de blodcellene kan si noe om fremtidig risiko for \u00e5reforkalkninger, hjerteinfarkt og hjerneslag. Det viser seg at det er en sammenheng mellom denne blodpr\u00f8ven og hjerte\/kar-sykdom. Derfor har jeg ogs\u00e5 unders\u00f8kt litt hva disse sammenhengene eventuelt kan skyldes, s\u00e5nn at man i framtiden kanskje kan bruke dette m\u00e5let i risikovurdering av pasienter med tanke p\u00e5 nevnte sykdommer.<\/p>\n<p><strong>Hva skal du gj\u00f8re etter at du er ferdig med doktorgraden?<\/strong><br \/>\n&#8211; Jeg starter i jobb som legevikar p\u00e5 nevrologisk avdeling p\u00e5 UNN her i Troms\u00f8 neste uke. Deretter blir det videre til et annet sykehus (mest sannsynlig) i turnustjeneste fra h\u00f8sten 2018.<\/p>\n<p><strong>Hvis du m\u00e5 beskrive deg selv med tre ord, hva ville det blitt?<br \/>\n<\/strong>&#8211; Hannkj\u00f8nn, h\u00f8y, snill<\/p>\n<p><strong>Hva liker du \u00e5 gj\u00f8re p\u00e5 fritiden?<br \/>\n<\/strong>&#8211; Knuse Joakim, Trygve og Rune i\u00a0<img decoding=\"async\" class=\"wp-image-1743 size-medium alignright\" title=\"Jostein p\u00e5 tur sammen med TREC-kolleger Esben Bj\u00f8ri og H\u00e5kon S. Johnsen. Foto: Privat\" src=\"https:\/\/site.uit.no\/trec\/wp-content\/uploads\/sites\/204\/2018\/01\/Chamonix-300x201.jpg\" alt=\"\" width=\"300\" height=\"201\" srcset=\"https:\/\/site.uit.no\/trec\/wp-content\/uploads\/sites\/204\/2018\/01\/Chamonix-300x201.jpg 300w, https:\/\/site.uit.no\/trec\/wp-content\/uploads\/sites\/204\/2018\/01\/Chamonix-768x515.jpg 768w, https:\/\/site.uit.no\/trec\/wp-content\/uploads\/sites\/204\/2018\/01\/Chamonix-1024x686.jpg 1024w, https:\/\/site.uit.no\/trec\/wp-content\/uploads\/sites\/204\/2018\/01\/Chamonix-448x300.jpg 448w, https:\/\/site.uit.no\/trec\/wp-content\/uploads\/sites\/204\/2018\/01\/Chamonix.jpg 1080w\" sizes=\"(max-width: 300px) 100vw, 300px\" \/>bordtennis. Jeg h\u00f8rer mye p\u00e5 musikk, og liker godt \u00e5 g\u00e5 p\u00e5 konserter og festivaler av forskjellig slag. Jeg liker ogs\u00e5 \u00e5 v\u00e6re aktiv, men driver ikke med noe idrett p\u00e5 organisert niv\u00e5. I l\u00f8pet av et \u00e5r er jeg nok innom alt fra\u00a0bordtennis, fotball, volleyball og ishockey, til l\u00f8ping, sykling, og turg\u00e5ing med\/uten ski.\u00a0Jeg er ogs\u00e5 glad i \u00e5 bade n\u00e5r muligheten byr seg.<\/p>\n<p>Vi \u00f8nsker Jostein lykke til med de neste m\u00e5nedene og gleder oss til \u00e5 f\u00f8lge med frem til han er i m\u00e5l med doktorgraden!<\/p>\n<p>Har du lest om intervjuet med Trygve S\u00f8lberg Ellingsen, en annen av v\u00e5re stipendiater? Det finner du her:\u00a0<a href=\"https:\/\/site.uit.no\/trec\/2017\/12\/27\/siste-etappe-av-doktorgradarbeidet-dette-er-var-stipendiat-trygve\/\">P\u00e5 siste etappe av doktorgradarbeidet: M\u00f8t v\u00e5r stipendiat, Trygve<\/a><\/p>\n<div class='wp_likes' id='wp_likes_post-1739'><a class='like' href=\"javascript:wp_likes.like(1739);\" title='' ><img decoding=\"async\" src=\"https:\/\/site.uit.no\/trec\/wp-content\/plugins\/wp-likes\/images\/like.png\" alt='' border='0'\/><\/a><span class='text'>Be the first to like.<\/span><\/p>\n<div class='like' ><a href=\"javascript:wp_likes.like(1739);\">Like<\/a><\/div>\n<div class='unlike' ><a href=\"javascript:wp_likes.unlike(1739);\">Unlike<\/a><\/div>\n<\/div>\n<iframe src=\"http:\/\/www.facebook.com\/plugins\/like.php?href=https%3A%2F%2Fsite.uit.no%2Ftrec%2F2018%2F01%2F25%2Fbli-kjent-med-vaar-stipendiat-jostein%2F&amp;layout=standard&amp;show_faces=true&amp;width=450&amp;action=like&amp;colorscheme=light&amp;height=80\" scrolling=\"no\" frameborder=\"0\" style=\"border:none; overflow:hidden; width:450px; height:80px;\" allowTransparency=\"true\"><\/iframe>","protected":false},"excerpt":{"rendered":"<p>Av\u00a0Dana Meknas Journalist ved TREC Denne h\u00f8sten begynte Jostein Lappeg\u00e5rd\u00a0som stipendiat ved TREC etter \u00e5 ha fullf\u00f8rt medisinstudiet og g\u00e5tt forskerlinja parallelt p\u00e5 universitetet i Troms\u00f8 &#8211; Norges arktiske universitet (UiT). 27-\u00e5ringen flyttet fra hjembyen Bod\u00f8 for snart \u00e5tte \u00e5r &hellip; <a href=\"https:\/\/site.uit.no\/trec\/2018\/01\/25\/bli-kjent-med-vaar-stipendiat-jostein\/\">Continue reading <span class=\"meta-nav\">&rarr;<\/span><\/a><\/p>\n","protected":false},"author":668,"featured_media":0,"comment_status":"closed","ping_status":"closed","sticky":false,"template":"","format":"standard","meta":{"footnotes":""},"categories":[213],"tags":[216,242,219],"class_list":["post-1739","post","type-post","status-publish","format-standard","hentry","category-intervju","tag-intervju","tag-phd","tag-stipendiat"],"_links":{"self":[{"href":"https:\/\/site.uit.no\/trec\/wp-json\/wp\/v2\/posts\/1739","targetHints":{"allow":["GET"]}}],"collection":[{"href":"https:\/\/site.uit.no\/trec\/wp-json\/wp\/v2\/posts"}],"about":[{"href":"https:\/\/site.uit.no\/trec\/wp-json\/wp\/v2\/types\/post"}],"author":[{"embeddable":true,"href":"https:\/\/site.uit.no\/trec\/wp-json\/wp\/v2\/users\/668"}],"replies":[{"embeddable":true,"href":"https:\/\/site.uit.no\/trec\/wp-json\/wp\/v2\/comments?post=1739"}],"version-history":[{"count":8,"href":"https:\/\/site.uit.no\/trec\/wp-json\/wp\/v2\/posts\/1739\/revisions"}],"predecessor-version":[{"id":1751,"href":"https:\/\/site.uit.no\/trec\/wp-json\/wp\/v2\/posts\/1739\/revisions\/1751"}],"wp:attachment":[{"href":"https:\/\/site.uit.no\/trec\/wp-json\/wp\/v2\/media?parent=1739"}],"wp:term":[{"taxonomy":"category","embeddable":true,"href":"https:\/\/site.uit.no\/trec\/wp-json\/wp\/v2\/categories?post=1739"},{"taxonomy":"post_tag","embeddable":true,"href":"https:\/\/site.uit.no\/trec\/wp-json\/wp\/v2\/tags?post=1739"}],"curies":[{"name":"wp","href":"https:\/\/api.w.org\/{rel}","templated":true}]}}