{"id":1880,"date":"2018-04-19T11:06:52","date_gmt":"2018-04-19T09:06:52","guid":{"rendered":"https:\/\/site.uit.no\/trec\/?p=1880"},"modified":"2018-04-19T11:29:40","modified_gmt":"2018-04-19T09:29:40","slug":"benedikte-og-john-bjarne-presenterer-i-italia","status":"publish","type":"post","link":"https:\/\/site.uit.no\/trec\/2018\/04\/19\/benedikte-og-john-bjarne-presenterer-i-italia\/","title":{"rendered":"Benedikte og John-Bjarne presenterer TREC-forskning i Italia!"},"content":{"rendered":"<p><a href=\"https:\/\/site.uit.no\/trec\/wp-content\/uploads\/sites\/204\/2018\/04\/30741238_1785301408158431_5856164182696656896_n-e1524126591566.jpg\"><img fetchpriority=\"high\" decoding=\"async\" class=\"alignright wp-image-1881 size-medium\" title=\"Forskerlinjestudent Benedikte Paulsen presenterte sin forskning p\u00e5 en poster for flere forskere fra hele verden. Foto: John-Bjarne Hansen\" src=\"https:\/\/site.uit.no\/trec\/wp-content\/uploads\/sites\/204\/2018\/04\/30741238_1785301408158431_5856164182696656896_n-300x225.jpg\" alt=\"\" width=\"300\" height=\"225\" \/><\/a>Av <a href=\"https:\/\/uit.no\/om\/enhet\/ansatte\/person?p_document_id=491281&amp;p_dimension_id=88116\">Dana Meknas<\/a><br \/>\nJournalist ved TREC<\/p>\n<p>Forrige helg var forskerlinjestudent <a href=\"https:\/\/uit.no\/om\/enhet\/ansatte\/person?p_document_id=477643&amp;p_dimension_id=88116\">Benedikte Paulsen<\/a> og senterleder for TREC, professor <a href=\"https:\/\/uit.no\/om\/enhet\/ansatte\/person?p_document_id=41807&amp;p_dimension_id=88116\">John-Bjarne Hansen<\/a>, p\u00e5 konferanse i Italia. Der presenterte de forskning fra TREC som omhandler kreft og blodpropp.<\/p>\n<p><!--more--><\/p>\n<p>International Conference on Thrombosis and Haemostasis Issues in Cancer (ICTHIC) ble i \u00e5r arrangert 13.-15. april i Bergamo, Italia.<b> <\/b>ICTHIC er en internasjonal konferanse med rundt 800 deltakere fra hele verden som omhandler problemstillinger rundt blodpropp og bl\u00f8dningskomplikasjoner hos kreftpasienter. Hit kommer b\u00e5de forskere innen basalforskning og klinisk forskning for \u00e5 diskutere og presentere ny forskning.<\/p>\n<p>Forskerlinjestudent Benedikte Paulsen deltok p\u00e5 konferansen fra TREC og presenterte sitt prosjekt i en s\u00e5kalt &#8220;poster session&#8221;.<\/p>\n<p>&#8211; Ven\u00f8s trombose blant kreftpasienter er det forskningsprosjektet mitt handler om, og da jeg fikk muligheten til \u00e5 sende inn prosjektet mitt og delta p\u00e5 konferansen var dette en unik mulighet til \u00e5 l\u00e6re av de fremste i verden p\u00e5 feltet, sier Benedikte.<\/p>\n<p><a href=\"https:\/\/site.uit.no\/trec\/wp-content\/uploads\/sites\/204\/2018\/04\/IMG_4904-e1524127612882.jpg\"><img decoding=\"async\" class=\"alignright wp-image-1882 size-medium\" title=\"Forskerlinjestudent Benedikte Paulsen med sin posterpresentasjon. Foto: John-Bjarne Hansen.\" src=\"https:\/\/site.uit.no\/trec\/wp-content\/uploads\/sites\/204\/2018\/04\/IMG_4904-e1524127612882-300x300.jpg\" alt=\"\" width=\"300\" height=\"300\" \/><\/a>Hun la frem posteren sin p\u00e5 l\u00f8rdag, mellom foredragene som ble avholdt p\u00e5 konferansen. Under presentasjonen presenterte hun forskningen sin ved hjelp av en plakat som inneholdt et sammendrag av prosjektet.<\/p>\n<p>&#8211;\u00a0Vi var i grupper p\u00e5 cirka ti forskere som fremf\u00f8rte prosjektene sine etter tur. En ordstyrer var til stede og alle interesserte konferansedeltakere som \u00f8nsket kunne komme og h\u00f8re p\u00e5. Til slutt diskuterte vi funnene. Jeg presenterte studien der vi ser p\u00e5 en genvariant av fibrinogen og hvordan denne p\u00e5virker risikoen for \u00e5 f\u00e5 blodpropp hos kreftpasienter, forteller hun.<\/p>\n<p>Benedikte har v\u00e6rt p\u00e5 konferanser f\u00f8r og hatt posterpresentasjoner tidligere, men innr\u00f8mmer at hun var nerv\u00f8s f\u00f8r hun skulle i ilden.<\/p>\n<p>&#8211; N\u00e5r man kommer i gang letter heldigvis nervene litt og det f\u00f8les veldig godt n\u00e5r man har fullf\u00f8rt.\u00a0Som en \u00e5penbar lettvekter i forsamlingen ville jeg pr\u00f8ve \u00e5 v\u00e6re s\u00e5 forberedt som mulig p\u00e5 sp\u00f8rsm\u00e5l som kunne komme i etterkant av presentasjonen. Jeg pr\u00f8vde derfor \u00e5 lese ekstra rundt temaet mitt og ikke minst f\u00f8lge godt med p\u00e5 foredragene p\u00e5 konferansen, sier Benedikte.<\/p>\n<p><strong>Oppsummerte TRECs forskning p\u00e5 feltet<\/strong><\/p>\n<p><a href=\"https:\/\/site.uit.no\/trec\/wp-content\/uploads\/sites\/204\/2018\/04\/IMG_4899-e1524128462219.jpg\"><img decoding=\"async\" class=\"alignright wp-image-1883 size-medium\" title=\"Senterleder for TREC, professor John-Bjarne Hansen, holdt et oversiktsforedrag p\u00e5 konferansen om hva man vet om kreft og blodpropp. Foto: Benedikte Paulsen.\" src=\"https:\/\/site.uit.no\/trec\/wp-content\/uploads\/sites\/204\/2018\/04\/IMG_4899-300x225.jpg\" alt=\"\" width=\"300\" height=\"225\" \/><\/a>Senterleder for TREC, professor John-Bjarne Hansen, var p\u00e5 konferansen som invitert foredragsholder. Han roser Benedikte for presentasjonen hun holdt.<\/p>\n<p>&#8211; Hun gjorde en veldig god figur og svarte godt p\u00e5 sp\u00f8rsm\u00e5l hun fikk etter presentasjonen, sier John-Bjarne, som forteller at det var mange som var til stede og h\u00f8rte p\u00e5 Benediktes presentasjon.<\/p>\n<p>Selv holdt TREC-lederen et oversiktsforedrag om protrombotiske genotyper og risikofaktorer for ven\u00f8s trombose &#8211; alts\u00e5 kreftrelatert blodpropp. Det er det flere i TREC som har forsket p\u00e5 i l\u00f8pet av de siste \u00e5rene.<\/p>\n<p>&#8211; Man har sett at genetiske faktorer som kan gi blodpropp virker sterkere hos kreftpasienter enn hos de som ikke har kreft, s\u00e5 jeg snakket litt om det som er kjent p\u00e5 feltet fra f\u00f8r av og det vi har gjort og funnet i v\u00e5re studier p\u00e5 TREC, forteller John-Bjarne.<\/p>\n<p><a href=\"https:\/\/site.uit.no\/trec\/wp-content\/uploads\/sites\/204\/2018\/04\/30728276_1785301534825085_2677535680942309376_n-e1524128540799.jpg\"><img loading=\"lazy\" decoding=\"async\" class=\"alignright wp-image-1886 size-medium\" title=\"Fin utsikt var det ogs\u00e5 i Bergamo, Italia. ICTHIC arrangeres annethvert \u00e5r med deltakere fra hele verden. Foto: John-Bjarne Hansen.\" src=\"https:\/\/site.uit.no\/trec\/wp-content\/uploads\/sites\/204\/2018\/04\/30728276_1785301534825085_2677535680942309376_n-300x225.jpg\" alt=\"\" width=\"300\" height=\"225\" \/><\/a>Han peker p\u00e5 tre viktige \u00e5rsaker til \u00e5 delta p\u00e5 konferanser:<\/p>\n<p>&#8211; Det f\u00f8rste er at vi f\u00e5r vist frem v\u00e5r forskning &#8211; som er god forskning. Det andre er at vi blir inspirert og l\u00e6rer av andre, og det tredje er nettverksbygging, som kanskje er det viktigste.<\/p>\n<div class='wp_likes' id='wp_likes_post-1880'><a class='like' href=\"javascript:wp_likes.like(1880);\" title='' ><img decoding=\"async\" src=\"https:\/\/site.uit.no\/trec\/wp-content\/plugins\/wp-likes\/images\/like.png\" alt='' border='0'\/><\/a><span class='text'>Be the first to like.<\/span><\/p>\n<div class='like' ><a href=\"javascript:wp_likes.like(1880);\">Like<\/a><\/div>\n<div class='unlike' ><a href=\"javascript:wp_likes.unlike(1880);\">Unlike<\/a><\/div>\n<\/div>\n<iframe src=\"http:\/\/www.facebook.com\/plugins\/like.php?href=https%3A%2F%2Fsite.uit.no%2Ftrec%2F2018%2F04%2F19%2Fbenedikte-og-john-bjarne-presenterer-i-italia%2F&amp;layout=standard&amp;show_faces=true&amp;width=450&amp;action=like&amp;colorscheme=light&amp;height=80\" scrolling=\"no\" frameborder=\"0\" style=\"border:none; overflow:hidden; width:450px; height:80px;\" allowTransparency=\"true\"><\/iframe>","protected":false},"excerpt":{"rendered":"<p>Av Dana Meknas Journalist ved TREC Forrige helg var forskerlinjestudent Benedikte Paulsen og senterleder for TREC, professor John-Bjarne Hansen, p\u00e5 konferanse i Italia. Der presenterte de forskning fra TREC som omhandler kreft og blodpropp. Be the first to like. Like &hellip; <a href=\"https:\/\/site.uit.no\/trec\/2018\/04\/19\/benedikte-og-john-bjarne-presenterer-i-italia\/\">Continue reading <span class=\"meta-nav\">&rarr;<\/span><\/a><\/p>\n","protected":false},"author":668,"featured_media":0,"comment_status":"closed","ping_status":"closed","sticky":false,"template":"","format":"standard","meta":{"footnotes":""},"categories":[218],"tags":[237,222,301,300],"class_list":["post-1880","post","type-post","status-publish","format-standard","hentry","category-nyheter","tag-foredrag","tag-konferanse","tag-poster","tag-presentasjon"],"_links":{"self":[{"href":"https:\/\/site.uit.no\/trec\/wp-json\/wp\/v2\/posts\/1880","targetHints":{"allow":["GET"]}}],"collection":[{"href":"https:\/\/site.uit.no\/trec\/wp-json\/wp\/v2\/posts"}],"about":[{"href":"https:\/\/site.uit.no\/trec\/wp-json\/wp\/v2\/types\/post"}],"author":[{"embeddable":true,"href":"https:\/\/site.uit.no\/trec\/wp-json\/wp\/v2\/users\/668"}],"replies":[{"embeddable":true,"href":"https:\/\/site.uit.no\/trec\/wp-json\/wp\/v2\/comments?post=1880"}],"version-history":[{"count":5,"href":"https:\/\/site.uit.no\/trec\/wp-json\/wp\/v2\/posts\/1880\/revisions"}],"predecessor-version":[{"id":1891,"href":"https:\/\/site.uit.no\/trec\/wp-json\/wp\/v2\/posts\/1880\/revisions\/1891"}],"wp:attachment":[{"href":"https:\/\/site.uit.no\/trec\/wp-json\/wp\/v2\/media?parent=1880"}],"wp:term":[{"taxonomy":"category","embeddable":true,"href":"https:\/\/site.uit.no\/trec\/wp-json\/wp\/v2\/categories?post=1880"},{"taxonomy":"post_tag","embeddable":true,"href":"https:\/\/site.uit.no\/trec\/wp-json\/wp\/v2\/tags?post=1880"}],"curies":[{"name":"wp","href":"https:\/\/api.w.org\/{rel}","templated":true}]}}