{"id":2115,"date":"2018-10-12T11:10:36","date_gmt":"2018-10-12T09:10:36","guid":{"rendered":"https:\/\/site.uit.no\/trec\/?p=2115"},"modified":"2018-10-12T11:10:36","modified_gmt":"2018-10-12T09:10:36","slug":"apent-foredrag-pa-lordagsuniversitetet-venos-blodpropp-kan-det-ramme-meg","status":"publish","type":"post","link":"https:\/\/site.uit.no\/trec\/2018\/10\/12\/apent-foredrag-pa-lordagsuniversitetet-venos-blodpropp-kan-det-ramme-meg\/","title":{"rendered":"\u00c5pent foredrag p\u00e5 L\u00f8rdagsuniversitetet: Ven\u00f8s blodpropp \u2013 kan det ramme meg?"},"content":{"rendered":"<p><a href=\"https:\/\/site.uit.no\/trec\/wp-content\/uploads\/sites\/204\/2017\/10\/COLOURBOX1-e1507906745633.jpg\"><img fetchpriority=\"high\" decoding=\"async\" class=\"alignright wp-image-1466 size-medium\" src=\"https:\/\/site.uit.no\/trec\/wp-content\/uploads\/sites\/204\/2017\/10\/COLOURBOX1-300x262.jpg\" alt=\"\" width=\"300\" height=\"262\" \/><\/a><\/p>\n<p>Av\u00a0<a href=\"https:\/\/uit.no\/om\/enhet\/ansatte\/person?p_document_id=491281&amp;p_dimension_id=88116\">Dana Meknas<\/a><br \/>\nJournalist ved TREC<\/p>\n<p>L\u00f8rdag 13. oktober er verdens blodproppdag og\u00a0 vi markerer selvsagt dagen! I samarbeid med L\u00f8rdagsuniversitetet holder vi en \u00e5pen sesjon p\u00e5 Driv i morgen kl. 14.15-15.15. Der vil tidligere ordf\u00f8rer, Jens Johan Hjort, f\u00f8rst fortelle om da han ble rammet av ven\u00f8s blodpropp. Etterp\u00e5 vil nestleder p\u00e5 TREC, f\u00f8rsteamanuensis Sigrid Br\u00e6kkan holde et kort og lettfattelig infoforedrag om de viktigste symptomene og tegnene p\u00e5 blodpropp. Deretter vil det bli anledning til \u00e5 stille sp\u00f8rsm\u00e5l. Link til Facebook-arrangementet med mer info finner du her: <a href=\"https:\/\/www.facebook.com\/events\/545501549222357\/\">L\u00f8rdagsuniversitetet: Ven\u00f8s blodpropp \u2013 kan det ramme meg?<\/a><\/p>\n<p>Du vil ogs\u00e5 finne oss p\u00e5 stand p\u00e5 Jekta Storsenter mellom kl. 11 og kl. 14. Velkommen!<\/p>\n<p>&nbsp;<\/p>\n<p>&nbsp;<\/p>\n<div class='wp_likes' id='wp_likes_post-2115'><a class='like' href=\"javascript:wp_likes.like(2115);\" title='' ><img decoding=\"async\" src=\"https:\/\/site.uit.no\/trec\/wp-content\/plugins\/wp-likes\/images\/like.png\" alt='' border='0'\/><\/a><span class='text'>Be the first to like.<\/span><\/p>\n<div class='like' ><a href=\"javascript:wp_likes.like(2115);\">Like<\/a><\/div>\n<div class='unlike' ><a href=\"javascript:wp_likes.unlike(2115);\">Unlike<\/a><\/div>\n<\/div>\n<iframe src=\"http:\/\/www.facebook.com\/plugins\/like.php?href=https%3A%2F%2Fsite.uit.no%2Ftrec%2F2018%2F10%2F12%2Fapent-foredrag-pa-lordagsuniversitetet-venos-blodpropp-kan-det-ramme-meg%2F&amp;layout=standard&amp;show_faces=true&amp;width=450&amp;action=like&amp;colorscheme=light&amp;height=80\" scrolling=\"no\" frameborder=\"0\" style=\"border:none; overflow:hidden; width:450px; height:80px;\" allowTransparency=\"true\"><\/iframe>","protected":false},"excerpt":{"rendered":"<p>Av\u00a0Dana Meknas Journalist ved TREC L\u00f8rdag 13. oktober er verdens blodproppdag og\u00a0 vi markerer selvsagt dagen! I samarbeid med L\u00f8rdagsuniversitetet holder vi en \u00e5pen sesjon p\u00e5 Driv i morgen kl. 14.15-15.15. Der vil tidligere ordf\u00f8rer, Jens Johan Hjort, f\u00f8rst fortelle &hellip; <a href=\"https:\/\/site.uit.no\/trec\/2018\/10\/12\/apent-foredrag-pa-lordagsuniversitetet-venos-blodpropp-kan-det-ramme-meg\/\">Continue reading <span class=\"meta-nav\">&rarr;<\/span><\/a><\/p>\n","protected":false},"author":668,"featured_media":0,"comment_status":"closed","ping_status":"closed","sticky":false,"template":"","format":"standard","meta":{"footnotes":""},"categories":[218],"tags":[],"class_list":["post-2115","post","type-post","status-publish","format-standard","hentry","category-nyheter"],"_links":{"self":[{"href":"https:\/\/site.uit.no\/trec\/wp-json\/wp\/v2\/posts\/2115","targetHints":{"allow":["GET"]}}],"collection":[{"href":"https:\/\/site.uit.no\/trec\/wp-json\/wp\/v2\/posts"}],"about":[{"href":"https:\/\/site.uit.no\/trec\/wp-json\/wp\/v2\/types\/post"}],"author":[{"embeddable":true,"href":"https:\/\/site.uit.no\/trec\/wp-json\/wp\/v2\/users\/668"}],"replies":[{"embeddable":true,"href":"https:\/\/site.uit.no\/trec\/wp-json\/wp\/v2\/comments?post=2115"}],"version-history":[{"count":2,"href":"https:\/\/site.uit.no\/trec\/wp-json\/wp\/v2\/posts\/2115\/revisions"}],"predecessor-version":[{"id":2117,"href":"https:\/\/site.uit.no\/trec\/wp-json\/wp\/v2\/posts\/2115\/revisions\/2117"}],"wp:attachment":[{"href":"https:\/\/site.uit.no\/trec\/wp-json\/wp\/v2\/media?parent=2115"}],"wp:term":[{"taxonomy":"category","embeddable":true,"href":"https:\/\/site.uit.no\/trec\/wp-json\/wp\/v2\/categories?post=2115"},{"taxonomy":"post_tag","embeddable":true,"href":"https:\/\/site.uit.no\/trec\/wp-json\/wp\/v2\/tags?post=2115"}],"curies":[{"name":"wp","href":"https:\/\/api.w.org\/{rel}","templated":true}]}}