{"id":2118,"date":"2018-10-16T11:49:35","date_gmt":"2018-10-16T09:49:35","guid":{"rendered":"https:\/\/site.uit.no\/trec\/?p=2118"},"modified":"2018-10-16T11:49:35","modified_gmt":"2018-10-16T09:49:35","slug":"fantastisk-oppslutning-pa-verdens-blodproppdag","status":"publish","type":"post","link":"https:\/\/site.uit.no\/trec\/2018\/10\/16\/fantastisk-oppslutning-pa-verdens-blodproppdag\/","title":{"rendered":"Fantastisk oppslutning p\u00e5 Verdens blodproppdag!"},"content":{"rendered":"<p><a href=\"https:\/\/site.uit.no\/trec\/wp-content\/uploads\/sites\/204\/2018\/10\/Verdens-blodproppdag-Driv.jpg\"><img fetchpriority=\"high\" decoding=\"async\" class=\"alignright size-medium wp-image-2119\" src=\"https:\/\/site.uit.no\/trec\/wp-content\/uploads\/sites\/204\/2018\/10\/Verdens-blodproppdag-Driv-300x225.jpg\" alt=\"\" width=\"300\" height=\"225\" srcset=\"https:\/\/site.uit.no\/trec\/wp-content\/uploads\/sites\/204\/2018\/10\/Verdens-blodproppdag-Driv-300x225.jpg 300w, https:\/\/site.uit.no\/trec\/wp-content\/uploads\/sites\/204\/2018\/10\/Verdens-blodproppdag-Driv-768x576.jpg 768w, https:\/\/site.uit.no\/trec\/wp-content\/uploads\/sites\/204\/2018\/10\/Verdens-blodproppdag-Driv-400x300.jpg 400w, https:\/\/site.uit.no\/trec\/wp-content\/uploads\/sites\/204\/2018\/10\/Verdens-blodproppdag-Driv.jpg 960w\" sizes=\"(max-width: 300px) 100vw, 300px\" \/><\/a>Av\u00a0<a href=\"https:\/\/uit.no\/om\/enhet\/ansatte\/person?p_document_id=491281&amp;p_dimension_id=88116\">Dana Meknas<\/a><br \/>\nJournalist ved TREC<\/p>\n<p>L\u00f8rdag 13. oktober, p\u00e5 Verdens blodproppdag, holdt vi en sesjon p\u00e5 Driv om ven\u00f8s blodpropp der folkeopplysning var m\u00e5let. Det var stinn brakke og god respons blant de som m\u00f8tte opp for \u00e5 \u00e5 h\u00f8re om Jens Johan Hjorts historie om da han hadde blodpropp og f\u00f8rsteamaneuensis Sigrid Br\u00e6kkans infoforedrag om risikofaktorer for blodpropp.<\/p>\n<p><!--more--><\/p>\n<p><a href=\"https:\/\/site.uit.no\/trec\/wp-content\/uploads\/sites\/204\/2018\/10\/1.jpg\"><img decoding=\"async\" class=\"alignright size-medium wp-image-2120\" src=\"https:\/\/site.uit.no\/trec\/wp-content\/uploads\/sites\/204\/2018\/10\/1-300x225.jpg\" alt=\"\" width=\"300\" height=\"225\" srcset=\"https:\/\/site.uit.no\/trec\/wp-content\/uploads\/sites\/204\/2018\/10\/1-300x225.jpg 300w, https:\/\/site.uit.no\/trec\/wp-content\/uploads\/sites\/204\/2018\/10\/1-768x576.jpg 768w, https:\/\/site.uit.no\/trec\/wp-content\/uploads\/sites\/204\/2018\/10\/1-400x300.jpg 400w, https:\/\/site.uit.no\/trec\/wp-content\/uploads\/sites\/204\/2018\/10\/1.jpg 960w\" sizes=\"(max-width: 300px) 100vw, 300px\" \/><\/a>Det var lungelege Trond B\u00f8rvik som ledet intervjuet med tidligere ordf\u00f8rer Jens Johan Hjort, og det ble et underholdende og opplysende intervju der Jens Johan delte sine opplevelser og l\u00e6rdommer fra da han ble rammet.<\/p>\n<p><a href=\"https:\/\/site.uit.no\/trec\/wp-content\/uploads\/sites\/204\/2018\/10\/4.jpg\"><img decoding=\"async\" class=\"alignright size-medium wp-image-2121\" src=\"https:\/\/site.uit.no\/trec\/wp-content\/uploads\/sites\/204\/2018\/10\/4-300x225.jpg\" alt=\"\" width=\"300\" height=\"225\" srcset=\"https:\/\/site.uit.no\/trec\/wp-content\/uploads\/sites\/204\/2018\/10\/4-300x225.jpg 300w, https:\/\/site.uit.no\/trec\/wp-content\/uploads\/sites\/204\/2018\/10\/4-768x576.jpg 768w, https:\/\/site.uit.no\/trec\/wp-content\/uploads\/sites\/204\/2018\/10\/4-400x300.jpg 400w, https:\/\/site.uit.no\/trec\/wp-content\/uploads\/sites\/204\/2018\/10\/4.jpg 960w\" sizes=\"(max-width: 300px) 100vw, 300px\" \/><\/a>Deretter fortalte nestleder ved TREC, f\u00f8rsteamaneuensis Sigrid Br\u00e6kkan, om ven\u00f8s blodpropp og om ulike risikofaktorer for \u00e5 f\u00e5 det i et kort foredrag med tittelen &#8220;Ven\u00f8s blodpropp &#8211; kan det ramme meg?&#8221;. Publikum fikk s\u00e5 anledning til \u00e5 stille sp\u00f8rsm\u00e5l.<\/p>\n<p><a href=\"https:\/\/site.uit.no\/trec\/wp-content\/uploads\/sites\/204\/2018\/10\/2.jpg\"><img loading=\"lazy\" decoding=\"async\" class=\"alignright size-medium wp-image-2122\" src=\"https:\/\/site.uit.no\/trec\/wp-content\/uploads\/sites\/204\/2018\/10\/2-300x225.jpg\" alt=\"\" width=\"300\" height=\"225\" srcset=\"https:\/\/site.uit.no\/trec\/wp-content\/uploads\/sites\/204\/2018\/10\/2-300x225.jpg 300w, https:\/\/site.uit.no\/trec\/wp-content\/uploads\/sites\/204\/2018\/10\/2-768x576.jpg 768w, https:\/\/site.uit.no\/trec\/wp-content\/uploads\/sites\/204\/2018\/10\/2-400x300.jpg 400w, https:\/\/site.uit.no\/trec\/wp-content\/uploads\/sites\/204\/2018\/10\/2.jpg 960w\" sizes=\"(max-width: 300px) 100vw, 300px\" \/><\/a>Ogs\u00e5 p\u00e5 Jekta var det aktivitet &#8211; vi sto p\u00e5 stand p\u00e5 Jekta Storsenter midt p\u00e5 dagen denne l\u00f8rdagen. Der var flere av v\u00e5re stipendiater og forskerlinjestudenter og kunne svare p\u00e5 sp\u00f8rsm\u00e5l og spre kunnskap om blodpropp. Her var det ogs\u00e5 mulig \u00e5 lese litt p\u00e5 plakatene v\u00e5re og ta en blodproppquiz med mulighet for \u00e5 vinne gavekort p\u00e5 Jekta. Det var flere som tok turen innom, og b\u00e5de sm\u00e5 og store kom bort og slo av en prat.<\/p>\n<p><a href=\"https:\/\/site.uit.no\/trec\/wp-content\/uploads\/sites\/204\/2018\/10\/3.jpg\"><img loading=\"lazy\" decoding=\"async\" class=\"alignright size-medium wp-image-2123\" src=\"https:\/\/site.uit.no\/trec\/wp-content\/uploads\/sites\/204\/2018\/10\/3-300x225.jpg\" alt=\"\" width=\"300\" height=\"225\" srcset=\"https:\/\/site.uit.no\/trec\/wp-content\/uploads\/sites\/204\/2018\/10\/3-300x225.jpg 300w, https:\/\/site.uit.no\/trec\/wp-content\/uploads\/sites\/204\/2018\/10\/3-768x576.jpg 768w, https:\/\/site.uit.no\/trec\/wp-content\/uploads\/sites\/204\/2018\/10\/3-400x300.jpg 400w, https:\/\/site.uit.no\/trec\/wp-content\/uploads\/sites\/204\/2018\/10\/3.jpg 960w\" sizes=\"(max-width: 300px) 100vw, 300px\" \/><\/a>Vi er sv\u00e6rt forn\u00f8yde med \u00e5rets markering av Verdens blodproppdag og takker alle som tok del av dagen, b\u00e5de ved \u00e5 delta p\u00e5 foredrag p\u00e5 Driv, og ved \u00e5 komme innom p\u00e5 standen v\u00e5r p\u00e5 Jekta. Vi fortsetter v\u00e5rt samfunnsoppdrag om \u00e5 bidra til folkeopplysning omkring denne viktige sykdommen s\u00e5 godt vi kan!<\/p>\n<p>&nbsp;<\/p>\n<div class='wp_likes' id='wp_likes_post-2118'><a class='like' href=\"javascript:wp_likes.like(2118);\" title='' ><img decoding=\"async\" src=\"https:\/\/site.uit.no\/trec\/wp-content\/plugins\/wp-likes\/images\/like.png\" alt='' border='0'\/><\/a><span class='text'>Be the first to like.<\/span><\/p>\n<div class='like' ><a href=\"javascript:wp_likes.like(2118);\">Like<\/a><\/div>\n<div class='unlike' ><a href=\"javascript:wp_likes.unlike(2118);\">Unlike<\/a><\/div>\n<\/div>\n<iframe src=\"http:\/\/www.facebook.com\/plugins\/like.php?href=https%3A%2F%2Fsite.uit.no%2Ftrec%2F2018%2F10%2F16%2Ffantastisk-oppslutning-pa-verdens-blodproppdag%2F&amp;layout=standard&amp;show_faces=true&amp;width=450&amp;action=like&amp;colorscheme=light&amp;height=80\" scrolling=\"no\" frameborder=\"0\" style=\"border:none; overflow:hidden; width:450px; height:80px;\" allowTransparency=\"true\"><\/iframe>","protected":false},"excerpt":{"rendered":"<p>Av\u00a0Dana Meknas Journalist ved TREC L\u00f8rdag 13. oktober, p\u00e5 Verdens blodproppdag, holdt vi en sesjon p\u00e5 Driv om ven\u00f8s blodpropp der folkeopplysning var m\u00e5let. Det var stinn brakke og god respons blant de som m\u00f8tte opp for \u00e5 \u00e5 h\u00f8re &hellip; <a href=\"https:\/\/site.uit.no\/trec\/2018\/10\/16\/fantastisk-oppslutning-pa-verdens-blodproppdag\/\">Continue reading <span class=\"meta-nav\">&rarr;<\/span><\/a><\/p>\n","protected":false},"author":668,"featured_media":0,"comment_status":"closed","ping_status":"closed","sticky":false,"template":"","format":"standard","meta":{"footnotes":""},"categories":[218],"tags":[],"class_list":["post-2118","post","type-post","status-publish","format-standard","hentry","category-nyheter"],"_links":{"self":[{"href":"https:\/\/site.uit.no\/trec\/wp-json\/wp\/v2\/posts\/2118","targetHints":{"allow":["GET"]}}],"collection":[{"href":"https:\/\/site.uit.no\/trec\/wp-json\/wp\/v2\/posts"}],"about":[{"href":"https:\/\/site.uit.no\/trec\/wp-json\/wp\/v2\/types\/post"}],"author":[{"embeddable":true,"href":"https:\/\/site.uit.no\/trec\/wp-json\/wp\/v2\/users\/668"}],"replies":[{"embeddable":true,"href":"https:\/\/site.uit.no\/trec\/wp-json\/wp\/v2\/comments?post=2118"}],"version-history":[{"count":1,"href":"https:\/\/site.uit.no\/trec\/wp-json\/wp\/v2\/posts\/2118\/revisions"}],"predecessor-version":[{"id":2124,"href":"https:\/\/site.uit.no\/trec\/wp-json\/wp\/v2\/posts\/2118\/revisions\/2124"}],"wp:attachment":[{"href":"https:\/\/site.uit.no\/trec\/wp-json\/wp\/v2\/media?parent=2118"}],"wp:term":[{"taxonomy":"category","embeddable":true,"href":"https:\/\/site.uit.no\/trec\/wp-json\/wp\/v2\/categories?post=2118"},{"taxonomy":"post_tag","embeddable":true,"href":"https:\/\/site.uit.no\/trec\/wp-json\/wp\/v2\/tags?post=2118"}],"curies":[{"name":"wp","href":"https:\/\/api.w.org\/{rel}","templated":true}]}}