{"id":2125,"date":"2018-10-16T12:05:38","date_gmt":"2018-10-16T10:05:38","guid":{"rendered":"https:\/\/site.uit.no\/trec\/?p=2125"},"modified":"2018-10-16T12:06:08","modified_gmt":"2018-10-16T10:06:08","slug":"vellykket-trec-seminar-for-niende-gang","status":"publish","type":"post","link":"https:\/\/site.uit.no\/trec\/2018\/10\/16\/vellykket-trec-seminar-for-niende-gang\/","title":{"rendered":"Vellykket TREC-seminar for niende gang"},"content":{"rendered":"<div id=\"js_1co\" class=\"_5pbx userContent _3576\">\n<p><a href=\"https:\/\/site.uit.no\/trec\/wp-content\/uploads\/sites\/204\/2018\/10\/Gruppebilde-TREC.jpg\"><img fetchpriority=\"high\" decoding=\"async\" class=\"alignright size-medium wp-image-2126\" src=\"https:\/\/site.uit.no\/trec\/wp-content\/uploads\/sites\/204\/2018\/10\/Gruppebilde-TREC-300x225.jpg\" alt=\"\" width=\"300\" height=\"225\" \/><\/a>Av\u00a0<a href=\"https:\/\/uit.no\/om\/enhet\/ansatte\/person?p_document_id=491281&amp;p_dimension_id=88116\">Dana Meknas<\/a><br \/>\nJournalist ved TREC<\/p>\n<p>11.-12. oktober hadde vi seminar p\u00e5 Sommar\u00f8y! Fokus var faglig p\u00e5fyll, evaluering av det som har v\u00e6rt og planer for tiden som kommer.\u00a0Det har blitt en tradisjon \u00e5 arrangere seminar der det b\u00e5de deltar medlemmer fra TREC og ogs\u00e5 inviterte gjester og samarbeidspartnere. P\u00e5 \u00e5rets seminar, som var det niende TREC-seminaret, var det deltakere fra ti ulike nasjoner.<\/p>\n<p><a href=\"https:\/\/www.facebook.com\/KGJebsenTREC\/\">Se bildene p\u00e5 v\u00e5r Facebook-side!<\/a><\/p>\n<\/div>\n<div class='wp_likes' id='wp_likes_post-2125'><a class='like' href=\"javascript:wp_likes.like(2125);\" title='' ><img decoding=\"async\" src=\"https:\/\/site.uit.no\/trec\/wp-content\/plugins\/wp-likes\/images\/like.png\" alt='' border='0'\/><\/a><span class='text'>Be the first to like.<\/span><\/p>\n<div class='like' ><a href=\"javascript:wp_likes.like(2125);\">Like<\/a><\/div>\n<div class='unlike' ><a href=\"javascript:wp_likes.unlike(2125);\">Unlike<\/a><\/div>\n<\/div>\n<iframe src=\"http:\/\/www.facebook.com\/plugins\/like.php?href=https%3A%2F%2Fsite.uit.no%2Ftrec%2F2018%2F10%2F16%2Fvellykket-trec-seminar-for-niende-gang%2F&amp;layout=standard&amp;show_faces=true&amp;width=450&amp;action=like&amp;colorscheme=light&amp;height=80\" scrolling=\"no\" frameborder=\"0\" style=\"border:none; overflow:hidden; width:450px; height:80px;\" allowTransparency=\"true\"><\/iframe>","protected":false},"excerpt":{"rendered":"<p>Av\u00a0Dana Meknas Journalist ved TREC 11.-12. oktober hadde vi seminar p\u00e5 Sommar\u00f8y! Fokus var faglig p\u00e5fyll, evaluering av det som har v\u00e6rt og planer for tiden som kommer.\u00a0Det har blitt en tradisjon \u00e5 arrangere seminar der det b\u00e5de deltar medlemmer &hellip; <a href=\"https:\/\/site.uit.no\/trec\/2018\/10\/16\/vellykket-trec-seminar-for-niende-gang\/\">Continue reading <span class=\"meta-nav\">&rarr;<\/span><\/a><\/p>\n","protected":false},"author":668,"featured_media":0,"comment_status":"closed","ping_status":"closed","sticky":false,"template":"","format":"standard","meta":{"footnotes":""},"categories":[218],"tags":[],"class_list":["post-2125","post","type-post","status-publish","format-standard","hentry","category-nyheter"],"_links":{"self":[{"href":"https:\/\/site.uit.no\/trec\/wp-json\/wp\/v2\/posts\/2125","targetHints":{"allow":["GET"]}}],"collection":[{"href":"https:\/\/site.uit.no\/trec\/wp-json\/wp\/v2\/posts"}],"about":[{"href":"https:\/\/site.uit.no\/trec\/wp-json\/wp\/v2\/types\/post"}],"author":[{"embeddable":true,"href":"https:\/\/site.uit.no\/trec\/wp-json\/wp\/v2\/users\/668"}],"replies":[{"embeddable":true,"href":"https:\/\/site.uit.no\/trec\/wp-json\/wp\/v2\/comments?post=2125"}],"version-history":[{"count":2,"href":"https:\/\/site.uit.no\/trec\/wp-json\/wp\/v2\/posts\/2125\/revisions"}],"predecessor-version":[{"id":2130,"href":"https:\/\/site.uit.no\/trec\/wp-json\/wp\/v2\/posts\/2125\/revisions\/2130"}],"wp:attachment":[{"href":"https:\/\/site.uit.no\/trec\/wp-json\/wp\/v2\/media?parent=2125"}],"wp:term":[{"taxonomy":"category","embeddable":true,"href":"https:\/\/site.uit.no\/trec\/wp-json\/wp\/v2\/categories?post=2125"},{"taxonomy":"post_tag","embeddable":true,"href":"https:\/\/site.uit.no\/trec\/wp-json\/wp\/v2\/tags?post=2125"}],"curies":[{"name":"wp","href":"https:\/\/api.w.org\/{rel}","templated":true}]}}