{"id":2132,"date":"2018-10-16T15:54:29","date_gmt":"2018-10-16T13:54:29","guid":{"rendered":"https:\/\/site.uit.no\/trec\/?p=2132"},"modified":"2018-10-16T15:54:54","modified_gmt":"2018-10-16T13:54:54","slug":"inger-heidi-kjaervik-og-jens-johan-hjort-deler-sine-pasienthistorier-i-media","status":"publish","type":"post","link":"https:\/\/site.uit.no\/trec\/2018\/10\/16\/inger-heidi-kjaervik-og-jens-johan-hjort-deler-sine-pasienthistorier-i-media\/","title":{"rendered":"Inger-Heidi Kj\u00e6rvik og Jens Johan Hjort deler sine pasienthistorier i media"},"content":{"rendered":"<p><a href=\"https:\/\/site.uit.no\/trec\/wp-content\/uploads\/sites\/204\/2018\/10\/IMG_E5266.jpg\"><img fetchpriority=\"high\" decoding=\"async\" class=\"alignright size-medium wp-image-2133\" src=\"https:\/\/site.uit.no\/trec\/wp-content\/uploads\/sites\/204\/2018\/10\/IMG_E5266-300x225.jpg\" alt=\"\" width=\"300\" height=\"225\" \/><\/a>Av\u00a0<a href=\"https:\/\/uit.no\/om\/enhet\/ansatte\/person?p_document_id=491281&amp;p_dimension_id=88116\">Dana Meknas<\/a><br \/>\nJournalist ved TREC<\/p>\n<p>Ven\u00f8s blodpropp er en alvorlig og sv\u00e6rt vanlig sykdom som rammer mange. To som har hatt blodpropp er Jens Johan Hjort og Inger-Heidi Kj\u00e6rvik. De \u00f8nsker \u00e5 bidra til \u00e5 spre kunnskap om blodpropp og stilte derfor opp i anledning Verdens blodproppdag i media for \u00e5 dele sine historier i h\u00e5p om at flere skal bli oppmerksomme p\u00e5 symptomer og tegn p\u00e5 blodpropp. Du kan lese nyhetssakene om dem her.<\/p>\n<p><!--more--><\/p>\n<p><strong>iTroms\u00f8:\u00a0<a href=\"https:\/\/itromso.alda.no\/bestillpluss?0&amp;artRefId=17676585&amp;aviskode=IT&amp;targetUrl=https%253A%252F%252Fwww.itromso.no%252F%253Fservice%253DpaywallRedirect%2526articleUrl%253Dhttps%253A%252F%252Fwww.itromso.no%252Fpluss%252Feksklusiv%252Farticle17676585.ece\">Var veltrent og aktiv, men Inger-Heidi fikk blodpropp som 33-\u00e5ring<\/a><\/strong><\/p>\n<div class=\"inner\">\n<p>Fylkesleder for TV-aksjonen Inger-Heidi Kj\u00e6rvik (42) husker fortsatt godt dagen hun fikk blodpropp. Som aktiv og treningsinstrukt\u00f8r trodde hun ikke i sin villeste fantasi at hun skulle rammes.<\/p>\n<\/div>\n<h1 class=\"title title-large article-title\">NRK: <a href=\"https:\/\/www.nrk.no\/troms\/hadde-blodpropp-i-en-uke-uten-a-vite-det-1.14247152\">Hadde blodpropp i \u00e9n uke uten \u00e5 vite det<\/a><\/h1>\n<header class=\"container-widget-content article-header\">\n<div class=\"text-body text-body-sans-serif article-lead\">\n<p>Hver fjerde time d\u00f8r minst en nordmann av en blodpropp-relatert tilstand, og forskerne mener befolkningen vet for lite om symptomene. Inger-Heidi gikk en hel uke med blodpropp uten \u00e5 vite det.<\/p>\n<\/div>\n<\/header>\n<p><strong>Nordlys:<\/strong>\u00a0<a href=\"https:\/\/www.nordlys.no\/helse\/blodpropp\/sykdom\/legen-eigil-kjente-murring-i-beinet-da-han-gikk-av-flyet-jeg-var-dum-jeg-tok-det-ikke-pa-alvor\/s\/5-34-978177\"><span style=\"color: #000000;font-weight: bold\">Legen Eigil kjente murring i beinet da han gikk av flyet: &#8211; Jeg var dum, jeg tok det ikke p\u00e5 alvor<\/span><\/a><\/p>\n<div class=\"inner\">\n<p>Forekomsten av blodpropp \u00f8ker, men det er lite kunnskap om symptomene. Verken lege Eigil Thorsen eller tidligere ordf\u00f8rer Jens Johan Hjort forsto at smertene de opplevde skyldtes blodpropp.<\/p>\n<\/div>\n<p>&nbsp;<\/p>\n<div class='wp_likes' id='wp_likes_post-2132'><a class='like' href=\"javascript:wp_likes.like(2132);\" title='' ><img decoding=\"async\" src=\"https:\/\/site.uit.no\/trec\/wp-content\/plugins\/wp-likes\/images\/like.png\" alt='' border='0'\/><\/a><span class='text'>Be the first to like.<\/span><\/p>\n<div class='like' ><a href=\"javascript:wp_likes.like(2132);\">Like<\/a><\/div>\n<div class='unlike' ><a href=\"javascript:wp_likes.unlike(2132);\">Unlike<\/a><\/div>\n<\/div>\n<iframe src=\"http:\/\/www.facebook.com\/plugins\/like.php?href=https%3A%2F%2Fsite.uit.no%2Ftrec%2F2018%2F10%2F16%2Finger-heidi-kjaervik-og-jens-johan-hjort-deler-sine-pasienthistorier-i-media%2F&amp;layout=standard&amp;show_faces=true&amp;width=450&amp;action=like&amp;colorscheme=light&amp;height=80\" scrolling=\"no\" frameborder=\"0\" style=\"border:none; overflow:hidden; width:450px; height:80px;\" allowTransparency=\"true\"><\/iframe>","protected":false},"excerpt":{"rendered":"<p>Av\u00a0Dana Meknas Journalist ved TREC Ven\u00f8s blodpropp er en alvorlig og sv\u00e6rt vanlig sykdom som rammer mange. To som har hatt blodpropp er Jens Johan Hjort og Inger-Heidi Kj\u00e6rvik. De \u00f8nsker \u00e5 bidra til \u00e5 spre kunnskap om blodpropp og &hellip; <a href=\"https:\/\/site.uit.no\/trec\/2018\/10\/16\/inger-heidi-kjaervik-og-jens-johan-hjort-deler-sine-pasienthistorier-i-media\/\">Continue reading <span class=\"meta-nav\">&rarr;<\/span><\/a><\/p>\n","protected":false},"author":668,"featured_media":0,"comment_status":"closed","ping_status":"closed","sticky":false,"template":"","format":"standard","meta":{"footnotes":""},"categories":[218],"tags":[],"class_list":["post-2132","post","type-post","status-publish","format-standard","hentry","category-nyheter"],"_links":{"self":[{"href":"https:\/\/site.uit.no\/trec\/wp-json\/wp\/v2\/posts\/2132","targetHints":{"allow":["GET"]}}],"collection":[{"href":"https:\/\/site.uit.no\/trec\/wp-json\/wp\/v2\/posts"}],"about":[{"href":"https:\/\/site.uit.no\/trec\/wp-json\/wp\/v2\/types\/post"}],"author":[{"embeddable":true,"href":"https:\/\/site.uit.no\/trec\/wp-json\/wp\/v2\/users\/668"}],"replies":[{"embeddable":true,"href":"https:\/\/site.uit.no\/trec\/wp-json\/wp\/v2\/comments?post=2132"}],"version-history":[{"count":2,"href":"https:\/\/site.uit.no\/trec\/wp-json\/wp\/v2\/posts\/2132\/revisions"}],"predecessor-version":[{"id":2135,"href":"https:\/\/site.uit.no\/trec\/wp-json\/wp\/v2\/posts\/2132\/revisions\/2135"}],"wp:attachment":[{"href":"https:\/\/site.uit.no\/trec\/wp-json\/wp\/v2\/media?parent=2132"}],"wp:term":[{"taxonomy":"category","embeddable":true,"href":"https:\/\/site.uit.no\/trec\/wp-json\/wp\/v2\/categories?post=2132"},{"taxonomy":"post_tag","embeddable":true,"href":"https:\/\/site.uit.no\/trec\/wp-json\/wp\/v2\/tags?post=2132"}],"curies":[{"name":"wp","href":"https:\/\/api.w.org\/{rel}","templated":true}]}}