{"id":2682,"date":"2020-04-15T13:02:23","date_gmt":"2020-04-15T11:02:23","guid":{"rendered":"https:\/\/site.uit.no\/trec\/?p=2682"},"modified":"2020-06-04T11:26:33","modified_gmt":"2020-06-04T09:26:33","slug":"magnus-26-har-begynt-sin-forskningskarriere-litt-tungt-og-veldig-laererikt","status":"publish","type":"post","link":"https:\/\/site.uit.no\/trec\/2020\/04\/15\/magnus-26-har-begynt-sin-forskningskarriere-litt-tungt-og-veldig-laererikt\/","title":{"rendered":"Magnus (26) har begynt sin forskningskarriere i TREC: &#8211; Litt tungt og veldig l\u00e6rerikt!"},"content":{"rendered":"<p><a href=\"https:\/\/site.uit.no\/trec\/wp-content\/uploads\/sites\/204\/2020\/04\/Mag2.jpg\"><img fetchpriority=\"high\" decoding=\"async\" class=\"alignright size-medium wp-image-2683\" src=\"https:\/\/site.uit.no\/trec\/wp-content\/uploads\/sites\/204\/2020\/04\/Mag2-225x300.jpg\" alt=\"\" width=\"225\" height=\"300\" srcset=\"https:\/\/site.uit.no\/trec\/wp-content\/uploads\/sites\/204\/2020\/04\/Mag2-225x300.jpg 225w, https:\/\/site.uit.no\/trec\/wp-content\/uploads\/sites\/204\/2020\/04\/Mag2-768x1024.jpg 768w, https:\/\/site.uit.no\/trec\/wp-content\/uploads\/sites\/204\/2020\/04\/Mag2.jpg 1536w\" sizes=\"(max-width: 225px) 100vw, 225px\" \/><\/a>Av\u00a0<a href=\"https:\/\/uit.no\/ansatte\/person?p_document_id=491281\">Dana Meknas<\/a><br \/>\nJournalist ved TREC<\/p>\n<p>I januar begynte en av TRECs nyeste rekrutter: <a href=\"https:\/\/uit.no\/ansatte\/person?p_document_id=525902\">Magnus Sandvik Edvardsen<\/a>. Han er 26 \u00e5r gammel og studerer medisin, og har n\u00e5 begynt p\u00e5 forskerlinjen. Bli bedre kjent med han i dette intervjuet!<\/p>\n<p><!--more--><\/p>\n<p><strong>Hvor kommer du fra?<br \/>\n<\/strong>&#8211; Jeg trakk verdens lengste str\u00e5, er f\u00f8dt og oppvokst i Bod\u00f8. Flyttet til Troms\u00f8 for \u00e5 studere i 2016.<\/p>\n<p><strong>Denne vinteren begynte du som forskerlinjestudent p\u00e5 TREC! Hvordan har det v\u00e6rt s\u00e5 langt?<br \/>\n<\/strong>&#8211; Veldig forn\u00f8yd! Hverdagen p\u00e5 kontoret har v\u00e6rt l\u00e6rerik og spennende, og mine kolleger er morsommere enn det jeg hadde forventet (basert p\u00e5 fordommer om at forskere er kjedelige). N\u00e5 har jeg kommet godt i gang med prosjektet etter \u00e5 ha brukt en periode p\u00e5 \u00e5 sette meg inn i alt. Som forskerlinjestudent startet jeg p\u00e5 ganske bar bakke, men en \u00ablearning by doing\u00bb-tiln\u00e6rming passer meg utmerket!<\/p>\n<p><strong>Hva gj\u00f8r du egentlig om dagen?<br \/>\n<\/strong>&#8211; Akkurat n\u00e5 jobber jeg med diskusjonsdelen i den f\u00f8rste artikkelen jeg er med p\u00e5 \u00e5 skrive. M\u00e5 innr\u00f8mme at jeg er litt rystet av hvor mye arbeid det egentlig er. Jeg hadde regnet med at selve skrivingen ikke skulle v\u00e6re noe stress etter at resultatene er p\u00e5 plass, men s\u00e5 feil kan man ta. Heldigvis har jeg utmerkede veiledere i Line (Holtet Evensen) og John-Bjarne (Hansen), som stiller opp og gir meg gode r\u00e5d hele veien.<\/p>\n<p><strong>Hvordan er det \u00e5 jobbe hjemmefra n\u00e5 under denne Koronasituasjonen?<br \/>\n<\/strong>&#8211; Det er utvilsomt en mindre produktiv hverdag. Man blir godt vant til \u00e5 jobbe p\u00e5 kontoret, der alt er lagt til rette og kildene til distraksjon er f\u00e6rre. Her hjemme er det kort vei til b\u00e5de kj\u00f8leskapet, fjernkontrollen og alt mulig annet. Etter et par uker har det heldigvis g\u00e5tt seg litt til, s\u00e5 n\u00e5 fungerer det bedre og bedre. Og s\u00e5 er det jo en fin mulighet til \u00e5 bli bedre kjent med min bedre halvdel. Det viser seg at favorittfargen hennes er gr\u00f8nn!<\/p>\n<p>Magnus skal n\u00e5 forske p\u00e5 fulltid et \u00e5r, f\u00f8r han fortsetter p\u00e5 medisinstudiet.<\/p>\n<p><strong>Hva er det du skal gjennom i l\u00f8pet av dette \u00e5ret?<br \/>\n<\/strong>&#8211; Jeg skal i all hovedsak jobbe med forskningsprosjektet mitt. Det er et ganske stort prosjekt som inneb\u00e6rer skriving av flere artikler, og som forh\u00e5pentligvis kulminerer i en doktorgrad om noen \u00e5r. I tillegg skal jeg ta 30 studiepoeng gjennom s\u00e5kalte PhD-fag ved universitetet. S\u00e5 gjenst\u00e5r det \u00e5 se hvordan de skal gjennomf\u00f8res med tanke p\u00e5 pandemien&#8230;<strong>\u00a0<\/strong><\/p>\n<p><strong>Hva har du gjort fra f\u00f8r av?<br \/>\n<\/strong>&#8211; Jeg har hovedsakelig viet livet mitt til \u00e5 drive med idrett. Jeg spilte fotball og h\u00e5ndball fram til jeg var 19 \u00e5r, og satset deretter utelukkende p\u00e5 fotball fram til jeg startet \u00e5 studere. Siden har studiet tatt brorparten av tiden, men jeg pr\u00f8ver fortsatt \u00e5 sette av tid til \u00e5 v\u00e6re i aktivitet (med vekslende hell).<\/p>\n<p><strong><a href=\"https:\/\/site.uit.no\/trec\/wp-content\/uploads\/sites\/204\/2020\/04\/Mag3.jpg\"><img decoding=\"async\" class=\"alignright size-medium wp-image-2685\" src=\"https:\/\/site.uit.no\/trec\/wp-content\/uploads\/sites\/204\/2020\/04\/Mag3-193x300.jpg\" alt=\"\" width=\"193\" height=\"300\" srcset=\"https:\/\/site.uit.no\/trec\/wp-content\/uploads\/sites\/204\/2020\/04\/Mag3-193x300.jpg 193w, https:\/\/site.uit.no\/trec\/wp-content\/uploads\/sites\/204\/2020\/04\/Mag3-768x1192.jpg 768w, https:\/\/site.uit.no\/trec\/wp-content\/uploads\/sites\/204\/2020\/04\/Mag3-660x1024.jpg 660w, https:\/\/site.uit.no\/trec\/wp-content\/uploads\/sites\/204\/2020\/04\/Mag3.jpg 1231w\" sizes=\"(max-width: 193px) 100vw, 193px\" \/><\/a>Hvilke forventninger har du til \u00e5ret \u2013 og til resten av l\u00f8pet?<br \/>\n<\/strong>&#8211; Jeg b\u00e5de h\u00e5per og tror at resten av \u00e5ret blir litt slik som det har v\u00e6rt til n\u00e5 \u2013 litt tungt og veldig l\u00e6rerikt! Hele dette kalender\u00e5ret har jeg permisjon fra studiet for \u00e5 forske, s\u00e5 det burde g\u00e5 greit. De neste \u00e5rene skal studiene og forskningen kombineres, og det er jeg veldig spent p\u00e5 \u00e5 se om jeg f\u00e5r til!<\/p>\n<p><strong>Hva h\u00e5per du \u00e5 f\u00e5 ut av det?<br \/>\n<\/strong>&#8211; Vanskelig sp\u00f8rsm\u00e5l! For \u00e5 v\u00e6re helt \u00e6rlig tenker jeg egentlig ikke s\u00e5 mye p\u00e5 hvor jeg skal ende opp til slutt, jeg er en klassisk \u00aben dag om gangen\u00bb-person.\u00a0 Jeg gleder meg selvf\u00f8lgelig til den dagen jeg f\u00e5r min f\u00f8rste artikkel publisert, men i bunn og grunn h\u00e5per jeg bare p\u00e5 \u00e5 bli mer vant med forskningsprosessen og \u00e5 l\u00e6re meg \u00e5 tenke mer kritisk.<\/p>\n<p><strong>Hvorfor bestemte du deg for \u00e5 s\u00f8ke forskerlinja?<br \/>\n<\/strong>&#8211; Jeg har store vanskeligheter med \u00e5 takke nei, det v\u00e6re seg et kakestykke eller forskerlinja. I l\u00f8pet av de f\u00f8rste \u00e5rene p\u00e5 studiet fikk vi en liten introduksjon til forskning og vitenskap, men de kunnskapene forsvant enda raskere enn de kom. N\u00e5r man da skal jobbe med noe som baserer seg p\u00e5 forskning virket det rart \u00e5 v\u00e6re s\u00e5 d\u00e5rlig p\u00e5 det. Jeg tror det var det som lirket meg over streken og fikk meg til \u00e5 s\u00f8ke.<\/p>\n<p><strong>Hvordan fant du ut at TREC var stedet du ville v\u00e6re?<br \/>\n<\/strong>&#8211; Fra f\u00f8r av kjente jeg til flere som har v\u00e6rt forskerlinjestudenter i TREC, og de skr\u00f8t veldig av milj\u00f8et og forutsetningene for \u00e5 f\u00e5 noe ut av forskerlinja om man f\u00e5r komme hit. Det virket veldig betryggende \u00e5 ha st\u00f8tte fra et godt team i en s\u00e5nn l\u00e6ringsprosess, s\u00e5 da var det bare \u00e5 g\u00e5 for det.<\/p>\n<p><strong>Trives du?<br \/>\n<\/strong>&#8211; Absolutt! Som nevnt tidligere er folkene i TREC veldig flotte \u00e5 ha med \u00e5 gj\u00f8re, og tirsdagstreninger (TRECxercise) og vinlotteri (clottery) gir et godt fellesskap. Det m\u00e5 sies at jeg allerede er litt lei av \u00e5 ikke vinne noe i clotteriet.<\/p>\n<p><strong>Hva slags prosjekt er det du jobber med?<br \/>\n<\/strong>&#8211; Mitt prosjekt omhandler et protein som heter von Willebrand Factor. Jeg skal se p\u00e5 ulike sammenhenger mellom dette proteinet og ven\u00f8s blodpropp. I f\u00f8rste omgang g\u00e5r det ut p\u00e5 \u00e5 finne ut om man kan sp\u00e5 hvilke personer som f\u00e5r blodpropp i fremtiden basert p\u00e5 hvor h\u00f8yt niv\u00e5 de har av dette proteinet i dag (spoiler: Det kan man til en viss grad). Et annet interessant aspekt er \u00e5 finne ut mer om hvordan dette proteinet samhandler med blodplater under dannelsen av blodpropp.<\/p>\n<p><strong>Hvorfor er du interessert i forskning?<\/strong><br \/>\n&#8211; Jeg er nok hovedsakelig interessert fordi jeg kan s\u00e6rdeles lite fra f\u00f8r av! De fleste av mine tidligere m\u00f8ter med forskning har v\u00e6rt frustrerende og b\u00e5ret lite frukter. S\u00e5 da var det bare \u00e5 plukke opp hansken og se til \u00e5 l\u00e6re seg mer.<\/p>\n<p><strong><a href=\"https:\/\/site.uit.no\/trec\/wp-content\/uploads\/sites\/204\/2020\/04\/Mag1.jpg\"><img decoding=\"async\" class=\"alignright size-medium wp-image-2684\" src=\"https:\/\/site.uit.no\/trec\/wp-content\/uploads\/sites\/204\/2020\/04\/Mag1-155x300.jpg\" alt=\"\" width=\"155\" height=\"300\" srcset=\"https:\/\/site.uit.no\/trec\/wp-content\/uploads\/sites\/204\/2020\/04\/Mag1-155x300.jpg 155w, https:\/\/site.uit.no\/trec\/wp-content\/uploads\/sites\/204\/2020\/04\/Mag1-768x1487.jpg 768w, https:\/\/site.uit.no\/trec\/wp-content\/uploads\/sites\/204\/2020\/04\/Mag1-529x1024.jpg 529w, https:\/\/site.uit.no\/trec\/wp-content\/uploads\/sites\/204\/2020\/04\/Mag1.jpg 1005w\" sizes=\"(max-width: 155px) 100vw, 155px\" \/><\/a>Har du noen r\u00e5d til studenter som vurderer \u00e5 s\u00f8ke forskerlinja?<br \/>\n<\/strong>&#8211; Jeg har ikke h\u00f8rt om noen forskerlinjestudenter som har angret p\u00e5 valget. Forskjellen mellom seks og sju \u00e5r med studier er ikke s\u00e5 himla viktig, og jeg har veldig tro p\u00e5 at man vil bli flinkere i yrket sitt med litt mer kunnskap i banken. Det er bare \u00e5 kaste seg i det!<\/p>\n<p><strong>Hvis du m\u00e5 beskrive deg selv med tre ord, hva ville det blitt?<br \/>\n<\/strong>&#8211; Blid, \u00e5lreit, snakkesalig.<strong><br \/>\n<\/strong><\/p>\n<p><strong>Hva liker du \u00e5 gj\u00f8re p\u00e5 fritiden?<br \/>\n<\/strong>&#8211; Jeg liker \u00e5 holde p\u00e5 med alt mulig forskjellig. L\u00f8ping, styrketrening, ski, ballsport, gitar \u2013 det g\u00e5r veldig i perioder. S\u00e5 takker jeg ikke nei til en kveld med noe i glasset og fotball p\u00e5 skjermen.<\/p>\n<p>Vi ser frem til \u00e5 f\u00f8lge Magnus p\u00e5 veien videre og \u00f8nsker han lykke til p\u00e5 ferden!<\/p>\n<div class='wp_likes' id='wp_likes_post-2682'><a class='like' href=\"javascript:wp_likes.like(2682);\" title='Like' ><img decoding=\"async\" src=\"https:\/\/site.uit.no\/trec\/wp-content\/plugins\/wp-likes\/images\/like.png\" alt='' border='0'\/><\/a><span class='text'>1 person likes this post.<\/span><\/p>\n<div class='like' ><a href=\"javascript:wp_likes.like(2682);\">Like<\/a><\/div>\n<div class='unlike' ><a href=\"javascript:wp_likes.unlike(2682);\">Unlike<\/a><\/div>\n<\/div>\n<iframe src=\"http:\/\/www.facebook.com\/plugins\/like.php?href=https%3A%2F%2Fsite.uit.no%2Ftrec%2F2020%2F04%2F15%2Fmagnus-26-har-begynt-sin-forskningskarriere-litt-tungt-og-veldig-laererikt%2F&amp;layout=standard&amp;show_faces=true&amp;width=450&amp;action=like&amp;colorscheme=light&amp;height=80\" scrolling=\"no\" frameborder=\"0\" style=\"border:none; overflow:hidden; width:450px; height:80px;\" allowTransparency=\"true\"><\/iframe>","protected":false},"excerpt":{"rendered":"<p>Av\u00a0Dana Meknas Journalist ved TREC I januar begynte en av TRECs nyeste rekrutter: Magnus Sandvik Edvardsen. Han er 26 \u00e5r gammel og studerer medisin, og har n\u00e5 begynt p\u00e5 forskerlinjen. Bli bedre kjent med han i dette intervjuet! 1 person &hellip; <a href=\"https:\/\/site.uit.no\/trec\/2020\/04\/15\/magnus-26-har-begynt-sin-forskningskarriere-litt-tungt-og-veldig-laererikt\/\">Continue reading <span class=\"meta-nav\">&rarr;<\/span><\/a><\/p>\n","protected":false},"author":668,"featured_media":0,"comment_status":"closed","ping_status":"closed","sticky":false,"template":"","format":"standard","meta":{"footnotes":""},"categories":[213],"tags":[215,234,242],"class_list":["post-2682","post","type-post","status-publish","format-standard","hentry","category-intervju","tag-doktorgrad","tag-forskerlinjestudent","tag-phd"],"_links":{"self":[{"href":"https:\/\/site.uit.no\/trec\/wp-json\/wp\/v2\/posts\/2682","targetHints":{"allow":["GET"]}}],"collection":[{"href":"https:\/\/site.uit.no\/trec\/wp-json\/wp\/v2\/posts"}],"about":[{"href":"https:\/\/site.uit.no\/trec\/wp-json\/wp\/v2\/types\/post"}],"author":[{"embeddable":true,"href":"https:\/\/site.uit.no\/trec\/wp-json\/wp\/v2\/users\/668"}],"replies":[{"embeddable":true,"href":"https:\/\/site.uit.no\/trec\/wp-json\/wp\/v2\/comments?post=2682"}],"version-history":[{"count":6,"href":"https:\/\/site.uit.no\/trec\/wp-json\/wp\/v2\/posts\/2682\/revisions"}],"predecessor-version":[{"id":2740,"href":"https:\/\/site.uit.no\/trec\/wp-json\/wp\/v2\/posts\/2682\/revisions\/2740"}],"wp:attachment":[{"href":"https:\/\/site.uit.no\/trec\/wp-json\/wp\/v2\/media?parent=2682"}],"wp:term":[{"taxonomy":"category","embeddable":true,"href":"https:\/\/site.uit.no\/trec\/wp-json\/wp\/v2\/categories?post=2682"},{"taxonomy":"post_tag","embeddable":true,"href":"https:\/\/site.uit.no\/trec\/wp-json\/wp\/v2\/tags?post=2682"}],"curies":[{"name":"wp","href":"https:\/\/api.w.org\/{rel}","templated":true}]}}