{"id":303,"date":"2021-03-16T08:58:55","date_gmt":"2021-03-16T07:58:55","guid":{"rendered":"https:\/\/site.uit.no\/ubkvensk\/fi\/?p=303"},"modified":"2021-03-16T08:58:55","modified_gmt":"2021-03-16T07:58:55","slug":"kvaanikansan-paiva-2021","status":"publish","type":"post","link":"https:\/\/site.uit.no\/ubkvensk\/fi\/2021\/03\/16\/kvaanikansan-paiva-2021\/","title":{"rendered":"Kv\u00e4\u00e4nikansan p\u00e4iv\u00e4 2021"},"content":{"rendered":"<p><strong>Humaniooran, yhtheiskuntatie\u0111on ja opettaajakoulutuksen fakulteetti ja universiteetin biblioteekki juhlithaan Kv\u00e4\u00e4nikansan p\u00e4iv\u00e4n antamalla ulos Arina-tietoblaa\u0111in netiss\u00e4.<\/strong><\/p>\n<p>Arina l\u00f6yttyy nyt UiT:n ulosantopalvelusta Septentrio Academic Publishing: <a href=\"https:\/\/septentrio.uit.no\/index.php\/arina\/issue\/archive\" target=\"_blank\" rel=\"noopener\">https:\/\/septentrio.uit.no\/index.php\/arina\/issue\/archive<\/a>.<\/p>\n<p>Vuosina 2002\u20132010 annethiin ulos viisi Arinan numeroo, joissa oli pr\u00e4nt\u00e4tty tutkimusartikkelii kv\u00e4\u00e4nin kielen ja kv\u00e4\u00e4niin ymp\u00e4ri. Anitta Viinikka-Kallinen Tromssan universiteetista ja Egil Sundelin Finmarkun korkkeekoulusta olthiin blaa\u0111in redakt\u00f6\u00f6rit. Yhtheens\u00e4 annethiin ulos 30 artikkelii kah\u0111ela kielel\u00e4, norjaksi tai ruottiksi ja suomeksi. Arinassa oon kans artikkelii, jokka oon kirjoitettu kv\u00e4\u00e4niksi. Artikkelit representeerathaan erilaissii faakkii niin ko kulttuurihistooriaa, litteratuurihistooriaa, yhtheiskuntatiettoo ja kielentutkimusta. Artikkeliin kirjoittaajat olhaan Norjasta, Suomesta, Ruottista ja Ryss\u00e4st\u00e4, ja het representeerathaan minoriteettitutkimusta omalta tutkimusalalta. Monet artikkelit jajethaan tiettoo ja tutkimustuloksii, jokka olthiin uu\u0111et silloin ko artikkelit annethiin ulos, mutta net oon aijankohthaiset yh\u00e4 t\u00e4\u00e4p\u00e4n\u00e4.<\/p>\n<p>Arina-redakt\u00f6\u00f6ri Anitta Viinikka-Kallinen, suomen ja kv\u00e4\u00e4nin kulttuurin ja litteratuurin<br \/>\nensiamanuensi Kielen ja kulttuurin institutista ja Philipp Conzett, suomen ja kv\u00e4\u00e4nin faakivastaava universiteetin biblioteekista oon ottanheet esile digitaliseerinkiprojektin ja het vastathaan siit\u00e4. Het oon olheet kontaktissa 40 kirjoittaajan ja k\u00e4\u00e4ntt\u00e4\u00e4j\u00e4n kans ja saanheet n\u00e4ilt\u00e4 luvan siihen, ette Arina-artikkelit saatethaan panna netthiin Open Accessin l\u00e4pi.<\/p>\n<p>Moolina digitaliseeraamisprojektilla oon ollu, ette tiettoo tutkimuksesta kv\u00e4\u00e4nin kielen ja kv\u00e4\u00e4niin ymp\u00e4ri saattais l\u00f6yttyyt helposti kaikile ja ette projekti saattais auttaat kv\u00e4\u00e4nin kielen ja kulttuurin revitaliseerauksessa.<\/p>\n<p>Dekaani Sonni Olsen ja UB-tireht\u00f6\u00f6ri Johanna Raade olhaan tytyv\u00e4iset, ette Arina oon nyt saatu jakhoon suuremalle joukole. UiT oon ainua korkkeempi opetus- ja tutkimuslaitos, jossa kv\u00e4\u00e4ni oon faakina, ja siksi meil\u00e4 oon eriliikaisesti e\u0111esvastaus kv\u00e4\u00e4nist\u00e4. Se ette saatama jakkaat tutkimustiettoo kv\u00e4\u00e4nin ymp\u00e4ri helposti Open Accessin l\u00e4pi oon UiT:n t\u00e4rkkee yhtheiskunnalinen teht\u00e4v\u00e4.<\/p>\n<p>(Kv\u00e4\u00e4niksi \/ Til kvensk ved: Leena Niiranen)<\/p>\n<p>&nbsp;<\/p>\n","protected":false},"excerpt":{"rendered":"<p>Humaniooran, yhtheiskuntatie\u0111on ja opettaajakoulutuksen fakulteetti ja universiteetin biblioteekki juhlithaan Kv\u00e4\u00e4nikansan p\u00e4iv\u00e4n antamalla ulos Arina-tietoblaa\u0111in netiss\u00e4. Arina l\u00f6yttyy nyt UiT:n ulosantopalvelusta Septentrio Academic Publishing: https:\/\/septentrio.uit.no\/index.php\/arina\/issue\/archive. Vuosina 2002\u20132010 annethiin ulos viisi Arinan numeroo, joissa oli pr\u00e4nt\u00e4tty tutkimusartikkelii kv\u00e4\u00e4nin kielen ja kv\u00e4\u00e4niin ymp\u00e4ri. &hellip; <a href=\"https:\/\/site.uit.no\/ubkvensk\/fi\/2021\/03\/16\/kvaanikansan-paiva-2021\/\">Continue reading <span class=\"meta-nav\">&rarr;<\/span><\/a><\/p>\n","protected":false},"author":425,"featured_media":0,"comment_status":"open","ping_status":"closed","sticky":false,"template":"","format":"standard","meta":{"footnotes":""},"categories":[5],"tags":[],"class_list":["post-303","post","type-post","status-publish","format-standard","hentry","category-uncategorized-fi"],"_links":{"self":[{"href":"https:\/\/site.uit.no\/ubkvensk\/fi\/wp-json\/wp\/v2\/posts\/303","targetHints":{"allow":["GET"]}}],"collection":[{"href":"https:\/\/site.uit.no\/ubkvensk\/fi\/wp-json\/wp\/v2\/posts"}],"about":[{"href":"https:\/\/site.uit.no\/ubkvensk\/fi\/wp-json\/wp\/v2\/types\/post"}],"author":[{"embeddable":true,"href":"https:\/\/site.uit.no\/ubkvensk\/fi\/wp-json\/wp\/v2\/users\/425"}],"replies":[{"embeddable":true,"href":"https:\/\/site.uit.no\/ubkvensk\/fi\/wp-json\/wp\/v2\/comments?post=303"}],"version-history":[{"count":1,"href":"https:\/\/site.uit.no\/ubkvensk\/fi\/wp-json\/wp\/v2\/posts\/303\/revisions"}],"predecessor-version":[{"id":304,"href":"https:\/\/site.uit.no\/ubkvensk\/fi\/wp-json\/wp\/v2\/posts\/303\/revisions\/304"}],"wp:attachment":[{"href":"https:\/\/site.uit.no\/ubkvensk\/fi\/wp-json\/wp\/v2\/media?parent=303"}],"wp:term":[{"taxonomy":"category","embeddable":true,"href":"https:\/\/site.uit.no\/ubkvensk\/fi\/wp-json\/wp\/v2\/categories?post=303"},{"taxonomy":"post_tag","embeddable":true,"href":"https:\/\/site.uit.no\/ubkvensk\/fi\/wp-json\/wp\/v2\/tags?post=303"}],"curies":[{"name":"wp","href":"https:\/\/api.w.org\/{rel}","templated":true}]}}