{"id":107,"date":"2017-09-06T12:16:31","date_gmt":"2017-09-06T10:16:31","guid":{"rendered":"https:\/\/site.uit.no\/usp8-13\/?p=107"},"modified":"2017-09-15T11:39:06","modified_gmt":"2017-09-15T09:39:06","slug":"lektortur-til-bardufoss","status":"publish","type":"post","link":"https:\/\/site.uit.no\/usp8-13\/2017\/09\/06\/lektortur-til-bardufoss\/","title":{"rendered":"Lektortur til Bardufoss"},"content":{"rendered":"<h4>1. September reiste vi til Bardufoss videreg\u00e5ende med over 100 f\u00f8rste\u00e5rstudenter p\u00e5 Lektorutdanning trinn 8-13. P\u00e5 Bardufoss fikk vi innf\u00f8ring i hvordan skolen tenker l\u00e6ring og hvor viktig\u00a0 det er med fokus p\u00e5 hver enkelt elev. Studentene fra lektorutdanningen fikk ogs\u00e5 en innf\u00f8ring i stipendiat\u00a0G\u00f8rill W. Vedelers\u00a0<a href=\"https:\/\/site.uit.no\/usp8-13\/foreldresamarbeid-i-videregaende-opplaering\/\">prosjekt<\/a> om skole\/hjem samarbeid, samt et innlegg fra universitetslektor Clas Dale om fagovergripende kompetanse.<\/h4>\n<div id=\"attachment_108\" style=\"width: 310px\" class=\"wp-caption alignleft\"><img fetchpriority=\"high\" decoding=\"async\" aria-describedby=\"caption-attachment-108\" class=\"wp-image-108 size-medium\" src=\"https:\/\/site.uit.no\/usp8-13\/wp-content\/uploads\/sites\/307\/2017\/09\/Bardufoss-Clas-300x169.jpg\" alt=\"\" width=\"300\" height=\"169\" srcset=\"https:\/\/site.uit.no\/usp8-13\/wp-content\/uploads\/sites\/307\/2017\/09\/Bardufoss-Clas-300x169.jpg 300w, https:\/\/site.uit.no\/usp8-13\/wp-content\/uploads\/sites\/307\/2017\/09\/Bardufoss-Clas-768x432.jpg 768w, https:\/\/site.uit.no\/usp8-13\/wp-content\/uploads\/sites\/307\/2017\/09\/Bardufoss-Clas-500x281.jpg 500w, https:\/\/site.uit.no\/usp8-13\/wp-content\/uploads\/sites\/307\/2017\/09\/Bardufoss-Clas.jpg 960w\" sizes=\"(max-width: 300px) 100vw, 300px\" \/><p id=\"caption-attachment-108\" class=\"wp-caption-text\">Universitetslektor Clas Dale i aksjon<\/p><\/div>\n<div id=\"attachment_109\" style=\"width: 310px\" class=\"wp-caption alignleft\"><img decoding=\"async\" aria-describedby=\"caption-attachment-109\" class=\"wp-image-109 size-medium\" src=\"https:\/\/site.uit.no\/usp8-13\/wp-content\/uploads\/sites\/307\/2017\/09\/Bardufoss-elektro-300x198.jpg\" alt=\"\" width=\"300\" height=\"198\" srcset=\"https:\/\/site.uit.no\/usp8-13\/wp-content\/uploads\/sites\/307\/2017\/09\/Bardufoss-elektro-300x198.jpg 300w, https:\/\/site.uit.no\/usp8-13\/wp-content\/uploads\/sites\/307\/2017\/09\/Bardufoss-elektro-768x508.jpg 768w, https:\/\/site.uit.no\/usp8-13\/wp-content\/uploads\/sites\/307\/2017\/09\/Bardufoss-elektro-454x300.jpg 454w, https:\/\/site.uit.no\/usp8-13\/wp-content\/uploads\/sites\/307\/2017\/09\/Bardufoss-elektro.jpg 960w\" sizes=\"(max-width: 300px) 100vw, 300px\" \/><p id=\"caption-attachment-109\" class=\"wp-caption-text\">Innf\u00f8ring i elektroelevens verden<\/p><\/div>\n","protected":false},"excerpt":{"rendered":"<p>1. September reiste vi til Bardufoss videreg\u00e5ende med over 100 f\u00f8rste\u00e5rstudenter p\u00e5 Lektorutdanning trinn 8-13. P\u00e5 Bardufoss fikk vi innf\u00f8ring i hvordan skolen tenker l\u00e6ring og hvor viktig\u00a0 det er med fokus p\u00e5 hver enkelt elev. Studentene fra lektorutdanningen fikk &hellip; <a href=\"https:\/\/site.uit.no\/usp8-13\/2017\/09\/06\/lektortur-til-bardufoss\/\">Continue reading <span class=\"meta-nav\">&rarr;<\/span><\/a><\/p>\n","protected":false},"author":728,"featured_media":0,"comment_status":"closed","ping_status":"closed","sticky":false,"template":"","format":"standard","meta":{"footnotes":""},"categories":[5],"tags":[],"class_list":["post-107","post","type-post","status-publish","format-standard","hentry","category-bardufoss-vgs"],"_links":{"self":[{"href":"https:\/\/site.uit.no\/usp8-13\/wp-json\/wp\/v2\/posts\/107","targetHints":{"allow":["GET"]}}],"collection":[{"href":"https:\/\/site.uit.no\/usp8-13\/wp-json\/wp\/v2\/posts"}],"about":[{"href":"https:\/\/site.uit.no\/usp8-13\/wp-json\/wp\/v2\/types\/post"}],"author":[{"embeddable":true,"href":"https:\/\/site.uit.no\/usp8-13\/wp-json\/wp\/v2\/users\/728"}],"replies":[{"embeddable":true,"href":"https:\/\/site.uit.no\/usp8-13\/wp-json\/wp\/v2\/comments?post=107"}],"version-history":[{"count":7,"href":"https:\/\/site.uit.no\/usp8-13\/wp-json\/wp\/v2\/posts\/107\/revisions"}],"predecessor-version":[{"id":118,"href":"https:\/\/site.uit.no\/usp8-13\/wp-json\/wp\/v2\/posts\/107\/revisions\/118"}],"wp:attachment":[{"href":"https:\/\/site.uit.no\/usp8-13\/wp-json\/wp\/v2\/media?parent=107"}],"wp:term":[{"taxonomy":"category","embeddable":true,"href":"https:\/\/site.uit.no\/usp8-13\/wp-json\/wp\/v2\/categories?post=107"},{"taxonomy":"post_tag","embeddable":true,"href":"https:\/\/site.uit.no\/usp8-13\/wp-json\/wp\/v2\/tags?post=107"}],"curies":[{"name":"wp","href":"https:\/\/api.w.org\/{rel}","templated":true}]}}