{"id":240,"date":"2018-09-10T14:15:43","date_gmt":"2018-09-10T12:15:43","guid":{"rendered":"https:\/\/site.uit.no\/usp8-13\/?p=240"},"modified":"2018-09-10T14:23:36","modified_gmt":"2018-09-10T12:23:36","slug":"fagdag-pa-bardufoss-videregaende-skole","status":"publish","type":"post","link":"https:\/\/site.uit.no\/usp8-13\/2018\/09\/10\/fagdag-pa-bardufoss-videregaende-skole\/","title":{"rendered":"Fagdag p\u00e5 Bardufoss videreg\u00e5ende skole"},"content":{"rendered":"<p>Fredag 7. september reiste vi med over 120 f\u00f8rste\u00e5rs lektorstudenter til Bardufoss videreg\u00e5ende skole for \u00e5 delta p\u00e5 en fagdag. Fagdagen p\u00e5 Bardufoss vgs. var et samarbeid mellom universitetsskolen Bardufoss og lektorutdanninga trinn 8-13.<\/p>\n<div id=\"attachment_243\" style=\"width: 310px\" class=\"wp-caption alignleft\"><img fetchpriority=\"high\" decoding=\"async\" aria-describedby=\"caption-attachment-243\" class=\"size-medium wp-image-243\" src=\"https:\/\/site.uit.no\/usp8-13\/wp-content\/uploads\/sites\/307\/2018\/09\/41454215_1058431571002136_569480549979127808_n-300x225.jpg\" alt=\"\" width=\"300\" height=\"225\" srcset=\"https:\/\/site.uit.no\/usp8-13\/wp-content\/uploads\/sites\/307\/2018\/09\/41454215_1058431571002136_569480549979127808_n-300x225.jpg 300w, https:\/\/site.uit.no\/usp8-13\/wp-content\/uploads\/sites\/307\/2018\/09\/41454215_1058431571002136_569480549979127808_n-768x576.jpg 768w, https:\/\/site.uit.no\/usp8-13\/wp-content\/uploads\/sites\/307\/2018\/09\/41454215_1058431571002136_569480549979127808_n.jpg 1024w, https:\/\/site.uit.no\/usp8-13\/wp-content\/uploads\/sites\/307\/2018\/09\/41454215_1058431571002136_569480549979127808_n-400x300.jpg 400w\" sizes=\"(max-width: 300px) 100vw, 300px\" \/><p id=\"caption-attachment-243\" class=\"wp-caption-text\">Dramapedagoger i aksjon<\/p><\/div>\n<p>Med oss p\u00e5 turen hadde vi ogs\u00e5 to dramapedagoger, <a href=\"https:\/\/uit.no\/om\/enhet\/ansatte\/person?p_document_id=94230&amp;p_dimension_id=88175\">Anne Eriksen<\/a> og <a href=\"https:\/\/uit.no\/om\/enhet\/ansatte\/person?p_document_id=100510&amp;p_dimension_id=88173\">Linda Wilhelmsen<\/a>, som holdt en sesjon med tittelen &#8220;Praktisk workshop i formidling og kommunikasjon&#8221;. Fagdagen ble \u00e5pnet i Istindsportalen med et innlegg av fylkesr\u00e5d for utdanning, Roar Sollied og et plenumsforedrag av Stein Skogstad. Studenten spaserte s\u00e5 til den nye skolebygningen hvor de ble<\/p>\n<p>delt i grupper for \u00e5 delta p\u00e5 de mange ulike sesjonene. Temaene for dagen var: &#8220;L\u00e6rer- og kontaktl\u00e6rerrollen, ikke bare fag og klasserom&#8221; med Tor Eriksen, &#8220;Flerspr\u00e5klige elever p\u00e5 yrkesfag &#8211; hvordan gj\u00f8r vi det?&#8221; med Malgorzata Wild, &#8220;Elevhistorier &#8211;\u00a0motivasjon og mestring&#8221; med \u00c5se Gjerdrum, &#8220;Elevens l\u00e6ring i et annerledes klasserom&#8221; med Elin Nicolaisen og Anders Lundmark og &#8220;Et spennende \u00e5r i vente for to nye lektorer&#8221; med Nele Leuschner og Martine Andreassen. Fagdagen ble avslutten med middag i skolens kantine. Les mer om turen i <a href=\"https:\/\/nye-troms.no\/nyheter\/ga-fremtidige-larere-et-innblikk-i-skolehverdagen\/19.9578\">Nye Troms.<\/a><\/p>\n","protected":false},"excerpt":{"rendered":"<p>Fredag 7. september reiste vi med over 120 f\u00f8rste\u00e5rs lektorstudenter til Bardufoss videreg\u00e5ende skole for \u00e5 delta p\u00e5 en fagdag. Fagdagen p\u00e5 Bardufoss vgs. var et samarbeid mellom universitetsskolen Bardufoss og lektorutdanninga trinn 8-13. Med oss p\u00e5 turen hadde vi &hellip; <a href=\"https:\/\/site.uit.no\/usp8-13\/2018\/09\/10\/fagdag-pa-bardufoss-videregaende-skole\/\">Continue reading <span class=\"meta-nav\">&rarr;<\/span><\/a><\/p>\n","protected":false},"author":728,"featured_media":0,"comment_status":"closed","ping_status":"closed","sticky":false,"template":"","format":"standard","meta":{"footnotes":""},"categories":[5],"tags":[],"class_list":["post-240","post","type-post","status-publish","format-standard","hentry","category-bardufoss-vgs"],"_links":{"self":[{"href":"https:\/\/site.uit.no\/usp8-13\/wp-json\/wp\/v2\/posts\/240","targetHints":{"allow":["GET"]}}],"collection":[{"href":"https:\/\/site.uit.no\/usp8-13\/wp-json\/wp\/v2\/posts"}],"about":[{"href":"https:\/\/site.uit.no\/usp8-13\/wp-json\/wp\/v2\/types\/post"}],"author":[{"embeddable":true,"href":"https:\/\/site.uit.no\/usp8-13\/wp-json\/wp\/v2\/users\/728"}],"replies":[{"embeddable":true,"href":"https:\/\/site.uit.no\/usp8-13\/wp-json\/wp\/v2\/comments?post=240"}],"version-history":[{"count":3,"href":"https:\/\/site.uit.no\/usp8-13\/wp-json\/wp\/v2\/posts\/240\/revisions"}],"predecessor-version":[{"id":246,"href":"https:\/\/site.uit.no\/usp8-13\/wp-json\/wp\/v2\/posts\/240\/revisions\/246"}],"wp:attachment":[{"href":"https:\/\/site.uit.no\/usp8-13\/wp-json\/wp\/v2\/media?parent=240"}],"wp:term":[{"taxonomy":"category","embeddable":true,"href":"https:\/\/site.uit.no\/usp8-13\/wp-json\/wp\/v2\/categories?post=240"},{"taxonomy":"post_tag","embeddable":true,"href":"https:\/\/site.uit.no\/usp8-13\/wp-json\/wp\/v2\/tags?post=240"}],"curies":[{"name":"wp","href":"https:\/\/api.w.org\/{rel}","templated":true}]}}