{"id":1485,"date":"2019-07-20T23:53:48","date_gmt":"2019-07-20T21:53:48","guid":{"rendered":"https:\/\/site.uit.no\/viscam\/?p=1485"},"modified":"2021-09-16T18:18:29","modified_gmt":"2021-09-16T16:18:29","slug":"the-principals-fight-le-combat-du-principal","status":"publish","type":"post","link":"https:\/\/site.uit.no\/viscam\/2019\/07\/20\/the-principals-fight-le-combat-du-principal\/","title":{"rendered":"The Principal&#8217;s Fight"},"content":{"rendered":"<p><span style=\"color: #000000\"><strong>Cin\u00e9aste: <\/strong>Sidy Lamine Bagayoko<\/span><\/p>\n<p><span style=\"color: #000000\"><strong>Ann\u00e9e de production: <\/strong>2009<\/span><br \/>\n<span style=\"color: #000000\"><strong>Lieu:<\/strong> Sabalibougou, Mali<\/span><br \/>\n<span style=\"color: #000000\"><strong>Dur\u00e9e:<\/strong> 31 minutes.<\/span><br \/>\n<span style=\"color: #000000\"><strong>Son:<\/strong> mono<\/span><br \/>\n<span style=\"color: #000000\"><strong>La langue:<\/strong><\/span><br \/>\n<span style=\"color: #000000\"><strong>Sous-titrage en anglais<\/strong><\/span><\/p>\n<p><span style=\"color: #000000\"><em>The Principal&#8217;s Fight<\/em> examine le cas de <em>Community School<\/em>, secteur II, de Sabalibougou et les luttes de Negueting Traor\u00e9 et de ses coll\u00e8gues enseignants pour continuer \u00e0 la faire fonctionner.<\/span><\/p>\n<p><span style=\"color: #000000\">Nous rencontrons divers responsables gouvernementaux qui soulignent l\u2019importance des \u00e9coles communautaires pour le pays sans pouvoir garantir un soutien suffisant pour que le secteur II reste viable.<\/span><\/p>\n<p><span style=\"color: #000000\">Chemin faisant, nous d\u00e9couvrons la vie priv\u00e9e et familiale de Traor\u00e9 et de sa femme, qui enseigne \u00e9galement \u00e0 l\u2019\u00e9cole, et r\u00e9alisons que tous deux se battent pour la survie de leur propre famille.<\/span><\/p>\n<p><span style=\"color: #000000\"><strong>Copyright: 2009 \u00c9tudes culturelles visuelles 2009, Universit\u00e9 de Troms\u00f8.<\/strong><\/span><\/p>\n<p><a href=\"https:\/\/uitno.box.com\/s\/ndol0el3lgflvyyvju8zb7yaxc308fet\">Regarder le film<\/a><\/p>\n<h2><span style=\"color: #000000\">Th\u00e8se<\/span><\/h2>\n<p><span style=\"color: #000000\">R\u00c9SUM\u00c9<\/span><\/p>\n<p><span style=\"color: #000000\">Ce travail pr\u00e9sente et analyse les conditions d\u2019existence des \u00e9coles communautaires dans un quartier sp\u00e9cifique de Bamako appel\u00e9 Sabalibougou, consid\u00e9r\u00e9 comme une banlieue int\u00e9rieure. Sur la base des donn\u00e9es recueillies dans le cadre des travaux de terrain men\u00e9s aupr\u00e8s de la communaut\u00e9 locale, cette th\u00e8se, compos\u00e9e de textes et de films, tente d\u2019examiner les difficult\u00e9s rencontr\u00e9es par les \u00e9coles communautaires de Sabalibougou.<\/span><\/p>\n<p><a href=\"https:\/\/uitno.box.com\/s\/7yb4p16zhh9i27r2ooz6zxe5wzsdeak5\">Lire la th\u00e8se<\/a><\/p>\n<p>&nbsp;<\/p>\n<p>&nbsp;<\/p>\n","protected":false},"excerpt":{"rendered":"<p>Cin\u00e9aste: Sidy Lamine Bagayoko Ann\u00e9e de production: 2009 Lieu: Sabalibougou, Mali Dur\u00e9e: 31 minutes. Son: mono La langue: Sous-titrage en anglais The Principal&#8217;s Fight examine le cas de Community School, secteur II, de Sabalibougou&#46;&#46;&#46;<\/p>\n","protected":false},"author":945,"featured_media":821,"comment_status":"closed","ping_status":"closed","sticky":false,"template":"","format":"standard","meta":{"ngg_post_thumbnail":0,"footnotes":""},"categories":[153,138,181,185,149,165],"tags":[],"class_list":["post-1485","post","type-post","status-publish","format-standard","has-post-thumbnail","hentry","category-2009-fr","category-afrique","category-education-fr","category-genre","category-la-technologie","category-republique-du-mali"],"_links":{"self":[{"href":"https:\/\/site.uit.no\/viscam\/wp-json\/wp\/v2\/posts\/1485","targetHints":{"allow":["GET"]}}],"collection":[{"href":"https:\/\/site.uit.no\/viscam\/wp-json\/wp\/v2\/posts"}],"about":[{"href":"https:\/\/site.uit.no\/viscam\/wp-json\/wp\/v2\/types\/post"}],"author":[{"embeddable":true,"href":"https:\/\/site.uit.no\/viscam\/wp-json\/wp\/v2\/users\/945"}],"replies":[{"embeddable":true,"href":"https:\/\/site.uit.no\/viscam\/wp-json\/wp\/v2\/comments?post=1485"}],"version-history":[{"count":4,"href":"https:\/\/site.uit.no\/viscam\/wp-json\/wp\/v2\/posts\/1485\/revisions"}],"predecessor-version":[{"id":3580,"href":"https:\/\/site.uit.no\/viscam\/wp-json\/wp\/v2\/posts\/1485\/revisions\/3580"}],"wp:featuredmedia":[{"embeddable":true,"href":"https:\/\/site.uit.no\/viscam\/wp-json\/wp\/v2\/media\/821"}],"wp:attachment":[{"href":"https:\/\/site.uit.no\/viscam\/wp-json\/wp\/v2\/media?parent=1485"}],"wp:term":[{"taxonomy":"category","embeddable":true,"href":"https:\/\/site.uit.no\/viscam\/wp-json\/wp\/v2\/categories?post=1485"},{"taxonomy":"post_tag","embeddable":true,"href":"https:\/\/site.uit.no\/viscam\/wp-json\/wp\/v2\/tags?post=1485"}],"curies":[{"name":"wp","href":"https:\/\/api.w.org\/{rel}","templated":true}]}}